{"id":9949,"date":"2015-03-20T12:17:11","date_gmt":"2015-03-20T10:17:11","guid":{"rendered":"https:\/\/sv-oberperfuss.at\/schi\/?p=9949"},"modified":"2016-09-22T09:53:56","modified_gmt":"2016-09-22T07:53:56","slug":"bronze-fuer-venier-bianca-in-der-super-kombi","status":"publish","type":"post","link":"https:\/\/sv-oberperfuss.at\/schi\/bronze-fuer-venier-bianca-in-der-super-kombi\/","title":{"rendered":"Bronze f\u00fcr Venier-Bianca in der Super-Kombi"},"content":{"rendered":"<p>Bei den \u00f6sterreichischen Jugendmeisterschaften im&nbsp; nieder\u00f6sterreichischen Schigebiet Lackenhof holt <span style=\"color: #ff0000\">Venier Bianca<\/span> in der Super-Kombi die <span style=\"color: #ff0000\">Bronze-Medaille.<\/span> Den Grundstein legte sie bereits mit einer tollen Fahrt im Super\u2011G, wo sie den 4. Rang belegte. Herzliche Gratulation zu dieser tollen Leistung.&nbsp;\ud83d\ude1b<\/p>\n<p>Bei dem zweiten Rennen National Junior Race&nbsp;erzielte sie&nbsp;im Super\u2011G&nbsp; den 12. Rang und im Kombi-Slalom&nbsp;konnte sie sich noch auf den 8. Rang verbessern.<\/p>\n\n\t\t<style type=\"text\/css\">\n\t\t\t#gallery-1 {\n\t\t\t\tmargin: auto;\n\t\t\t}\n\t\t\t#gallery-1 .gallery-item {\n\t\t\t\tfloat: left;\n\t\t\t\tmargin-top: 10px;\n\t\t\t\ttext-align: center;\n\t\t\t\twidth: 33%;\n\t\t\t}\n\t\t\t#gallery-1 img {\n\t\t\t\tborder: 2px solid #cfcfcf;\n\t\t\t}\n\t\t\t#gallery-1 .gallery-caption {\n\t\t\t\tmargin-left: 0;\n\t\t\t}\n\t\t\t\/* see gallery_shortcode() in wp-includes\/media.php *\/\n\t\t<\/style>\n\t\t<div id=\"gallery-1\" class=\"gallery galleryid-9949 gallery-columns-3 gallery-size-thumbnail\"><dl class=\"gallery-item\">\n\t\t\t<dt class=\"gallery-icon landscape\">\n\t\t\t\t<a href=\"https:\/\/sv-oberperfuss.at\/schi\/files\/2015\/03\/bianca2.jpg\"><img width=\"150\" height=\"150\" src=\"https:\/\/sv-oberperfuss.at\/schi\/files\/2015\/03\/bianca2-150x150.jpg\" class=\"attachment-thumbnail size-thumbnail\" alt loading=\"lazy\" aria-describedby=\"gallery-1-9952\"><\/a>\n\t\t\t<\/dt>\n\t\t\t\t<dd class=\"wp-caption-text gallery-caption\" id=\"gallery-1-9952\">\n\t\t\t\tBianca Bronze Super&nbsp;Kombi&nbsp;<\/dd><\/dl><dl class=\"gallery-item\">\n\t\t\t<dt class=\"gallery-icon landscape\">\n\t\t\t\t<a href=\"https:\/\/sv-oberperfuss.at\/schi\/files\/2015\/03\/bianca3.jpg\"><img width=\"150\" height=\"150\" src=\"https:\/\/sv-oberperfuss.at\/schi\/files\/2015\/03\/bianca3-150x150.jpg\" class=\"attachment-thumbnail size-thumbnail\" alt loading=\"lazy\" aria-describedby=\"gallery-1-9953\"><\/a>\n\t\t\t<\/dt>\n\t\t\t\t<dd class=\"wp-caption-text gallery-caption\" id=\"gallery-1-9953\">\n\t\t\t\tSiegerehrung Super-Kombi&nbsp;<\/dd><\/dl>\n\t\t\t<br style=\"clear: both\">\n\t\t<\/div>\n\n<p>&nbsp;<\/p>\n<p>&nbsp;<\/p>\n","protected":false},"excerpt":{"rendered":"<p>Bei den \u00f6sterreichischen Jugendmeisterschaften im&nbsp; nieder\u00f6sterreichischen Schigebiet Lackenhof holt Venier Bianca in der Super-Kombi die Bronze-Medaille. Den Grundstein legte sie bereits mit einer tollen Fahrt im Super\u2011G, wo sie den 4. Rang belegte. Herzliche Gratulation zu dieser tollen Leistung.&nbsp;\ud83d\ude1b Bei dem zweiten Rennen National Junior Race&nbsp;erzielte sie&nbsp;im Super\u2011G&nbsp; den 12. Rang und im Kombi-Slalom&nbsp;konnte sie&nbsp;[\u2026]<\/p>\n","protected":false},"author":11,"featured_media":0,"comment_status":"open","ping_status":"closed","sticky":false,"template":"","format":"standard","meta":{"wp_typography_post_enhancements_disabled":false},"categories":[4],"tags":[],"_links":{"self":[{"href":"https:\/\/sv-oberperfuss.at\/schi\/wp-json\/wp\/v2\/posts\/9949"}],"collection":[{"href":"https:\/\/sv-oberperfuss.at\/schi\/wp-json\/wp\/v2\/posts"}],"about":[{"href":"https:\/\/sv-oberperfuss.at\/schi\/wp-json\/wp\/v2\/types\/post"}],"author":[{"embeddable":true,"href":"https:\/\/sv-oberperfuss.at\/schi\/wp-json\/wp\/v2\/users\/11"}],"replies":[{"embeddable":true,"href":"https:\/\/sv-oberperfuss.at\/schi\/wp-json\/wp\/v2\/comments?post=9949"}],"version-history":[{"count":4,"href":"https:\/\/sv-oberperfuss.at\/schi\/wp-json\/wp\/v2\/posts\/9949\/revisions"}],"predecessor-version":[{"id":9955,"href":"https:\/\/sv-oberperfuss.at\/schi\/wp-json\/wp\/v2\/posts\/9949\/revisions\/9955"}],"wp:attachment":[{"href":"https:\/\/sv-oberperfuss.at\/schi\/wp-json\/wp\/v2\/media?parent=9949"}],"wp:term":[{"taxonomy":"category","embeddable":true,"href":"https:\/\/sv-oberperfuss.at\/schi\/wp-json\/wp\/v2\/categories?post=9949"},{"taxonomy":"post_tag","embeddable":true,"href":"https:\/\/sv-oberperfuss.at\/schi\/wp-json\/wp\/v2\/tags?post=9949"}],"curies":[{"name":"wp","href":"https:\/\/api.w.org\/{rel}","templated":true}]}}