{"id":9611,"date":"2015-03-10T16:04:52","date_gmt":"2015-03-10T14:04:52","guid":{"rendered":"https:\/\/sv-oberperfuss.at\/schi\/?p=9611"},"modified":"2017-01-17T05:02:09","modified_gmt":"2017-01-17T03:02:09","slug":"bc-schueler-in-kuehtai","status":"publish","type":"post","link":"https:\/\/sv-oberperfuss.at\/schi\/bc-schueler-in-kuehtai\/","title":{"rendered":"BC-Sch\u00fcler in K\u00fchtai"},"content":{"rendered":"<p>Bei den Sch\u00fcler\/innen stand am Sonntag,den 8.3.2015&nbsp; in K\u00fchtai bereits&nbsp;das n\u00e4chste Rennen an. Da&nbsp;der Start erst&nbsp;um 12:30 nach dem Kinderrennen angesetzt war, konnte man bereits bei herrlichem Winterwetter die Fr\u00fchlingssonne genie\u00dfen. Die Rennstrecke pr\u00e4sentierte sich auch noch um diese Zeit, in einem sehr&nbsp;guten Zustand. F\u00fcr einen reibungslosen Ablauf sorgte der Veranstalter SKITRIZIRL. Ein sehr fair ausgeflaggter Kurs von T. Rainer wurden von den 50 gemeldeten Rennl\u00e4ufer\/innen sehr gut gemeistert.<\/p>\n<p>In der Klasse U 15\/16 gab es einen harten Kampf um die vorderen Pl\u00e4tze. Die ersten vier waren knappe +0,27 Hunderstel getrennt. Melanie Spiegl verpasste um +0,02 Hunderstel einen Podestplatz und belegte den 4. Rang.&nbsp;&nbsp; Auf den 6. Rang fuhr Plunser Emma in der Klasse U 13\/U14.<\/p>\n<p>Leider hat beim SVO auch wieder der Verletzungsteufel zugeschlagen. Beim Einfahren auf der \u201cHohen Mut\u201d gest\u00fcrzt und einen Kreuzbandriss zugezogen hat sich&nbsp;Ostermann Julian. Lieber Julian, wir w\u00fcnschen Dir eine gute Besserung und eine schnelle Genesung.&nbsp;\ud83d\ude42<\/p>\n<p>Ergebnisliste:<a href=\"https:\/\/sv-oberperfuss.at\/schi\/files\/2015\/03\/6AL305Ergenisliste_BC_Sch_ler.pdf\">6AL305Ergenisliste_BC_Sch_ler<\/a><\/p>\n<p>&nbsp;<\/p>\n\n\t\t<style type=\"text\/css\">\n\t\t\t#gallery-1 {\n\t\t\t\tmargin: auto;\n\t\t\t}\n\t\t\t#gallery-1 .gallery-item {\n\t\t\t\tfloat: left;\n\t\t\t\tmargin-top: 10px;\n\t\t\t\ttext-align: center;\n\t\t\t\twidth: 33%;\n\t\t\t}\n\t\t\t#gallery-1 img {\n\t\t\t\tborder: 2px solid #cfcfcf;\n\t\t\t}\n\t\t\t#gallery-1 .gallery-caption {\n\t\t\t\tmargin-left: 0;\n\t\t\t}\n\t\t\t\/* see gallery_shortcode() in wp-includes\/media.php *\/\n\t\t<\/style>\n\t\t<div id=\"gallery-1\" class=\"gallery galleryid-9611 gallery-columns-3 gallery-size-thumbnail\"><dl class=\"gallery-item\">\n\t\t\t<dt class=\"gallery-icon landscape\">\n\t\t\t\t<a href=\"https:\/\/sv-oberperfuss.at\/schi\/files\/2015\/03\/Bezirkscup_RTL_K\u00fchtai-003.jpg\"><img width=\"150\" height=\"150\" src=\"https:\/\/sv-oberperfuss.at\/schi\/files\/2015\/03\/Bezirkscup_RTL_K\u00fchtai-003-150x150.jpg\" class=\"attachment-thumbnail size-thumbnail\" alt loading=\"lazy\"><\/a>\n\t\t\t<\/dt><\/dl><dl class=\"gallery-item\">\n\t\t\t<dt class=\"gallery-icon landscape\">\n\t\t\t\t<a href=\"https:\/\/sv-oberperfuss.at\/schi\/files\/2015\/03\/Bezirkscup_RTL_K\u00fchtai-005.jpg\"><img width=\"150\" height=\"150\" src=\"https:\/\/sv-oberperfuss.at\/schi\/files\/2015\/03\/Bezirkscup_RTL_K\u00fchtai-005-150x150.jpg\" class=\"attachment-thumbnail size-thumbnail\" alt loading=\"lazy\"><\/a>\n\t\t\t<\/dt><\/dl><dl class=\"gallery-item\">\n\t\t\t<dt class=\"gallery-icon landscape\">\n\t\t\t\t<a href=\"https:\/\/sv-oberperfuss.at\/schi\/files\/2015\/03\/Bezirkscup_RTL_K\u00fchtai-012.jpg\"><img width=\"150\" height=\"150\" src=\"https:\/\/sv-oberperfuss.at\/schi\/files\/2015\/03\/Bezirkscup_RTL_K\u00fchtai-012-150x150.jpg\" class=\"attachment-thumbnail size-thumbnail\" alt loading=\"lazy\"><\/a>\n\t\t\t<\/dt><\/dl><br style=\"clear: both\"><dl class=\"gallery-item\">\n\t\t\t<dt class=\"gallery-icon landscape\">\n\t\t\t\t<a href=\"https:\/\/sv-oberperfuss.at\/schi\/files\/2015\/03\/Bezirkscup_RTL_K\u00fchtai-161.jpg\"><img width=\"150\" height=\"150\" src=\"https:\/\/sv-oberperfuss.at\/schi\/files\/2015\/03\/Bezirkscup_RTL_K\u00fchtai-161-150x150.jpg\" class=\"attachment-thumbnail size-thumbnail\" alt loading=\"lazy\"><\/a>\n\t\t\t<\/dt><\/dl><dl class=\"gallery-item\">\n\t\t\t<dt class=\"gallery-icon landscape\">\n\t\t\t\t<a href=\"https:\/\/sv-oberperfuss.at\/schi\/files\/2015\/03\/Bezirkscup_RTL_K\u00fchtai-166.jpg\"><img width=\"150\" height=\"150\" src=\"https:\/\/sv-oberperfuss.at\/schi\/files\/2015\/03\/Bezirkscup_RTL_K\u00fchtai-166-150x150.jpg\" class=\"attachment-thumbnail size-thumbnail\" alt loading=\"lazy\"><\/a>\n\t\t\t<\/dt><\/dl><dl class=\"gallery-item\">\n\t\t\t<dt class=\"gallery-icon landscape\">\n\t\t\t\t<a href=\"https:\/\/sv-oberperfuss.at\/schi\/files\/2015\/03\/Bezirkscup_RTL_K\u00fchtai-174.jpg\"><img width=\"150\" height=\"150\" src=\"https:\/\/sv-oberperfuss.at\/schi\/files\/2015\/03\/Bezirkscup_RTL_K\u00fchtai-174-150x150.jpg\" class=\"attachment-thumbnail size-thumbnail\" alt loading=\"lazy\"><\/a>\n\t\t\t<\/dt><\/dl><br style=\"clear: both\"><dl class=\"gallery-item\">\n\t\t\t<dt class=\"gallery-icon landscape\">\n\t\t\t\t<a href=\"https:\/\/sv-oberperfuss.at\/schi\/files\/2015\/03\/Bezirkscup_RTL_K\u00fchtai-257.jpg\"><img width=\"150\" height=\"150\" src=\"https:\/\/sv-oberperfuss.at\/schi\/files\/2015\/03\/Bezirkscup_RTL_K\u00fchtai-257-150x150.jpg\" class=\"attachment-thumbnail size-thumbnail\" alt loading=\"lazy\"><\/a>\n\t\t\t<\/dt><\/dl><dl class=\"gallery-item\">\n\t\t\t<dt class=\"gallery-icon landscape\">\n\t\t\t\t<a href=\"https:\/\/sv-oberperfuss.at\/schi\/files\/2015\/03\/Bezirkscup_RTL_K\u00fchtai-265.jpg\"><img width=\"150\" height=\"150\" src=\"https:\/\/sv-oberperfuss.at\/schi\/files\/2015\/03\/Bezirkscup_RTL_K\u00fchtai-265-150x150.jpg\" class=\"attachment-thumbnail size-thumbnail\" alt loading=\"lazy\"><\/a>\n\t\t\t<\/dt><\/dl><dl class=\"gallery-item\">\n\t\t\t<dt class=\"gallery-icon landscape\">\n\t\t\t\t<a href=\"https:\/\/sv-oberperfuss.at\/schi\/files\/2015\/03\/Bezirkscup_RTL_K\u00fchtai-275.jpg\"><img width=\"150\" height=\"150\" src=\"https:\/\/sv-oberperfuss.at\/schi\/files\/2015\/03\/Bezirkscup_RTL_K\u00fchtai-275-150x150.jpg\" class=\"attachment-thumbnail size-thumbnail\" alt loading=\"lazy\"><\/a>\n\t\t\t<\/dt><\/dl><br style=\"clear: both\"><dl class=\"gallery-item\">\n\t\t\t<dt class=\"gallery-icon landscape\">\n\t\t\t\t<a href=\"https:\/\/sv-oberperfuss.at\/schi\/files\/2015\/03\/IMG_0789-1024x683.jpg\"><img width=\"150\" height=\"150\" src=\"https:\/\/sv-oberperfuss.at\/schi\/files\/2015\/03\/IMG_0789-1024x683-150x150.jpg\" class=\"attachment-thumbnail size-thumbnail\" alt loading=\"lazy\"><\/a>\n\t\t\t<\/dt><\/dl><dl class=\"gallery-item\">\n\t\t\t<dt class=\"gallery-icon landscape\">\n\t\t\t\t<a href=\"https:\/\/sv-oberperfuss.at\/schi\/files\/2015\/03\/IMG_0790-1024x683.jpg\"><img width=\"150\" height=\"150\" src=\"https:\/\/sv-oberperfuss.at\/schi\/files\/2015\/03\/IMG_0790-1024x683-150x150.jpg\" class=\"attachment-thumbnail size-thumbnail\" alt loading=\"lazy\"><\/a>\n\t\t\t<\/dt><\/dl><dl class=\"gallery-item\">\n\t\t\t<dt class=\"gallery-icon landscape\">\n\t\t\t\t<a href=\"https:\/\/sv-oberperfuss.at\/schi\/files\/2015\/03\/IMG_0793-1024x683.jpg\"><img width=\"150\" height=\"150\" src=\"https:\/\/sv-oberperfuss.at\/schi\/files\/2015\/03\/IMG_0793-1024x683-150x150.jpg\" class=\"attachment-thumbnail size-thumbnail\" alt loading=\"lazy\"><\/a>\n\t\t\t<\/dt><\/dl><br style=\"clear: both\">\n\t\t<\/div>\n\n","protected":false},"excerpt":{"rendered":"<p>Bei den Sch\u00fcler\/innen stand am Sonntag,den 8.3.2015&nbsp; in K\u00fchtai bereits&nbsp;das n\u00e4chste Rennen an. Da&nbsp;der Start erst&nbsp;um 12:30 nach dem Kinderrennen angesetzt war, konnte man bereits bei herrlichem Winterwetter die Fr\u00fchlingssonne genie\u00dfen. Die Rennstrecke pr\u00e4sentierte sich auch noch um diese Zeit, in einem sehr&nbsp;guten Zustand. F\u00fcr einen reibungslosen Ablauf sorgte der Veranstalter SKITRIZIRL. Ein sehr&nbsp;fair&nbsp;[\u2026]<\/p>\n","protected":false},"author":11,"featured_media":0,"comment_status":"open","ping_status":"closed","sticky":false,"template":"","format":"standard","meta":{"wp_typography_post_enhancements_disabled":false},"categories":[4],"tags":[],"_links":{"self":[{"href":"https:\/\/sv-oberperfuss.at\/schi\/wp-json\/wp\/v2\/posts\/9611"}],"collection":[{"href":"https:\/\/sv-oberperfuss.at\/schi\/wp-json\/wp\/v2\/posts"}],"about":[{"href":"https:\/\/sv-oberperfuss.at\/schi\/wp-json\/wp\/v2\/types\/post"}],"author":[{"embeddable":true,"href":"https:\/\/sv-oberperfuss.at\/schi\/wp-json\/wp\/v2\/users\/11"}],"replies":[{"embeddable":true,"href":"https:\/\/sv-oberperfuss.at\/schi\/wp-json\/wp\/v2\/comments?post=9611"}],"version-history":[{"count":8,"href":"https:\/\/sv-oberperfuss.at\/schi\/wp-json\/wp\/v2\/posts\/9611\/revisions"}],"predecessor-version":[{"id":9706,"href":"https:\/\/sv-oberperfuss.at\/schi\/wp-json\/wp\/v2\/posts\/9611\/revisions\/9706"}],"wp:attachment":[{"href":"https:\/\/sv-oberperfuss.at\/schi\/wp-json\/wp\/v2\/media?parent=9611"}],"wp:term":[{"taxonomy":"category","embeddable":true,"href":"https:\/\/sv-oberperfuss.at\/schi\/wp-json\/wp\/v2\/categories?post=9611"},{"taxonomy":"post_tag","embeddable":true,"href":"https:\/\/sv-oberperfuss.at\/schi\/wp-json\/wp\/v2\/tags?post=9611"}],"curies":[{"name":"wp","href":"https:\/\/api.w.org\/{rel}","templated":true}]}}