{"id":9436,"date":"2015-02-17T17:08:04","date_gmt":"2015-02-17T15:08:04","guid":{"rendered":"https:\/\/sv-oberperfuss.at\/schi\/?p=9436"},"modified":"2016-11-25T02:21:22","modified_gmt":"2016-11-25T00:21:22","slug":"bc-super-kombi-schueler-in-moesern","status":"publish","type":"post","link":"https:\/\/sv-oberperfuss.at\/schi\/bc-super-kombi-schueler-in-moesern\/","title":{"rendered":"BC Super-Kombi Sch\u00fcler in M\u00f6sern"},"content":{"rendered":"<p>Bei strahlendem Winterwetter fand, am Sonntag, den 16.2.2015 in M\u00f6sern \/ Seewaldalm eine Super-Kombi bestehend aus SL + RTL statt. Die reine Naturschneepiste pr\u00e4sentierte sich in perfekten Zustand. Ein dickes Lob an den&nbsp;SK Telfs, der wirklich alles unternommen hatte (vereiste Piste), trotz der geringen Schneelage, &nbsp;dieses Rennen durchzuf\u00fchren.<!--more--><\/p>\n<p>Gemeinsam mit dem Bezirk Schwaz waren 101 Teilnehmer am Start. Mit einem sehr anspruchsvollen Slalom, gesteckt von G. Kriegelsteiner, der so seine T\u00fccken hatte, wurde das Rennen gestartet. Viele L\u00e4ufer\/innen hatten so ihre Probleme. Unsere SVO-L\u00e4ufer\/innen meisterten den Kurs recht gut und konnten sich alle im Vorderfeld platzieren.&nbsp;\ud83d\ude00<\/p>\n<p><span style=\"color: #ff00ff\"><strong>Stand nach dem Slalom<\/strong><\/span><strong>: 3. Rang Melanie Spiegl, 4. Rang Ostermann Julian, 5. Rang Plunser Emma.<\/strong><\/p>\n<p>Ein sehr eng gesetzter RTL-Kurs stellte&nbsp;die L\u00e4ufer\/innen mit den l\u00e4ngeren Skier und gr\u00f6\u00dferen Schiradien vor ein Problem.&nbsp; Die j\u00fcngeren Sch\u00fclerl\u00e4ufer\/innen&nbsp; machten sich&nbsp;diesen Vorteil zu&nbsp;nutze.<\/p>\n<p>Emma bew\u00e4ltigte den RTL-Kurs ausgezeichnet und belegte in dieser starken Klasse den 5. Gesamtrang.&nbsp; Nicht so gut zu Recht kam Melanie u. Julian, die dem langen Skier Dribut zollten und auf den 5. Gesamtrang zur\u00fcckfielen.<\/p>\n<p>Ergebnisliste: <a href=\"https:\/\/sv-oberperfuss.at\/schi\/files\/2015\/02\/Ergebnisliste_Superkombi_2015.pdf\">Ergebnisliste_Superkombi_2015<\/a><\/p>\n<p>&nbsp;<\/p>\n\n\t\t<style type=\"text\/css\">\n\t\t\t#gallery-1 {\n\t\t\t\tmargin: auto;\n\t\t\t}\n\t\t\t#gallery-1 .gallery-item {\n\t\t\t\tfloat: left;\n\t\t\t\tmargin-top: 10px;\n\t\t\t\ttext-align: center;\n\t\t\t\twidth: 25%;\n\t\t\t}\n\t\t\t#gallery-1 img {\n\t\t\t\tborder: 2px solid #cfcfcf;\n\t\t\t}\n\t\t\t#gallery-1 .gallery-caption {\n\t\t\t\tmargin-left: 0;\n\t\t\t}\n\t\t\t\/* see gallery_shortcode() in wp-includes\/media.php *\/\n\t\t<\/style>\n\t\t<div id=\"gallery-1\" class=\"gallery galleryid-9436 gallery-columns-4 gallery-size-thumbnail\"><dl class=\"gallery-item\">\n\t\t\t<dt class=\"gallery-icon landscape\">\n\t\t\t\t<a href=\"https:\/\/sv-oberperfuss.at\/schi\/files\/2015\/02\/Bezirkscup_Kombi_Seewaldalm-007.jpg\"><img width=\"150\" height=\"150\" src=\"https:\/\/sv-oberperfuss.at\/schi\/files\/2015\/02\/Bezirkscup_Kombi_Seewaldalm-007-150x150.jpg\" class=\"attachment-thumbnail size-thumbnail\" alt loading=\"lazy\"><\/a>\n\t\t\t<\/dt><\/dl><dl class=\"gallery-item\">\n\t\t\t<dt class=\"gallery-icon landscape\">\n\t\t\t\t<a href=\"https:\/\/sv-oberperfuss.at\/schi\/files\/2015\/02\/Bezirkscup_Kombi_Seewaldalm-006.jpg\"><img width=\"150\" height=\"150\" src=\"https:\/\/sv-oberperfuss.at\/schi\/files\/2015\/02\/Bezirkscup_Kombi_Seewaldalm-006-150x150.jpg\" class=\"attachment-thumbnail size-thumbnail\" alt loading=\"lazy\"><\/a>\n\t\t\t<\/dt><\/dl><dl class=\"gallery-item\">\n\t\t\t<dt class=\"gallery-icon landscape\">\n\t\t\t\t<a href=\"https:\/\/sv-oberperfuss.at\/schi\/files\/2015\/02\/Bezirkscup_Kombi_Seewaldalm-017.jpg\"><img width=\"150\" height=\"150\" src=\"https:\/\/sv-oberperfuss.at\/schi\/files\/2015\/02\/Bezirkscup_Kombi_Seewaldalm-017-150x150.jpg\" class=\"attachment-thumbnail size-thumbnail\" alt loading=\"lazy\"><\/a>\n\t\t\t<\/dt><\/dl><dl class=\"gallery-item\">\n\t\t\t<dt class=\"gallery-icon landscape\">\n\t\t\t\t<a href=\"https:\/\/sv-oberperfuss.at\/schi\/files\/2015\/02\/Bezirkscup_Kombi_Seewaldalm-042.jpg\"><img width=\"150\" height=\"150\" src=\"https:\/\/sv-oberperfuss.at\/schi\/files\/2015\/02\/Bezirkscup_Kombi_Seewaldalm-042-150x150.jpg\" class=\"attachment-thumbnail size-thumbnail\" alt loading=\"lazy\"><\/a>\n\t\t\t<\/dt><\/dl><br style=\"clear: both\"><dl class=\"gallery-item\">\n\t\t\t<dt class=\"gallery-icon landscape\">\n\t\t\t\t<a href=\"https:\/\/sv-oberperfuss.at\/schi\/files\/2015\/02\/Bezirkscup_Kombi_Seewaldalm-121.jpg\"><img width=\"150\" height=\"150\" src=\"https:\/\/sv-oberperfuss.at\/schi\/files\/2015\/02\/Bezirkscup_Kombi_Seewaldalm-121-150x150.jpg\" class=\"attachment-thumbnail size-thumbnail\" alt loading=\"lazy\"><\/a>\n\t\t\t<\/dt><\/dl><dl class=\"gallery-item\">\n\t\t\t<dt class=\"gallery-icon landscape\">\n\t\t\t\t<a href=\"https:\/\/sv-oberperfuss.at\/schi\/files\/2015\/02\/Bezirkscup_Kombi_Seewaldalm-569.jpg\"><img width=\"150\" height=\"150\" src=\"https:\/\/sv-oberperfuss.at\/schi\/files\/2015\/02\/Bezirkscup_Kombi_Seewaldalm-569-150x150.jpg\" class=\"attachment-thumbnail size-thumbnail\" alt loading=\"lazy\"><\/a>\n\t\t\t<\/dt><\/dl><dl class=\"gallery-item\">\n\t\t\t<dt class=\"gallery-icon landscape\">\n\t\t\t\t<a href=\"https:\/\/sv-oberperfuss.at\/schi\/files\/2015\/02\/Bezirkscup_Kombi_Seewaldalm-690.jpg\"><img width=\"150\" height=\"150\" src=\"https:\/\/sv-oberperfuss.at\/schi\/files\/2015\/02\/Bezirkscup_Kombi_Seewaldalm-690-150x150.jpg\" class=\"attachment-thumbnail size-thumbnail\" alt loading=\"lazy\"><\/a>\n\t\t\t<\/dt><\/dl><dl class=\"gallery-item\">\n\t\t\t<dt class=\"gallery-icon landscape\">\n\t\t\t\t<a href=\"https:\/\/sv-oberperfuss.at\/schi\/files\/2015\/02\/Bezirkscup_Kombi_Seewaldalm-710.jpg\"><img width=\"150\" height=\"150\" src=\"https:\/\/sv-oberperfuss.at\/schi\/files\/2015\/02\/Bezirkscup_Kombi_Seewaldalm-710-150x150.jpg\" class=\"attachment-thumbnail size-thumbnail\" alt loading=\"lazy\"><\/a>\n\t\t\t<\/dt><\/dl><br style=\"clear: both\"><dl class=\"gallery-item\">\n\t\t\t<dt class=\"gallery-icon landscape\">\n\t\t\t\t<a href=\"https:\/\/sv-oberperfuss.at\/schi\/files\/2015\/02\/Bezirkscup_Kombi_Seewaldalm-717.jpg\"><img width=\"150\" height=\"150\" src=\"https:\/\/sv-oberperfuss.at\/schi\/files\/2015\/02\/Bezirkscup_Kombi_Seewaldalm-717-150x150.jpg\" class=\"attachment-thumbnail size-thumbnail\" alt loading=\"lazy\"><\/a>\n\t\t\t<\/dt><\/dl><dl class=\"gallery-item\">\n\t\t\t<dt class=\"gallery-icon landscape\">\n\t\t\t\t<a href=\"https:\/\/sv-oberperfuss.at\/schi\/files\/2015\/02\/Bezirkscup_Kombi_Seewaldalm-723.jpg\"><img width=\"150\" height=\"150\" src=\"https:\/\/sv-oberperfuss.at\/schi\/files\/2015\/02\/Bezirkscup_Kombi_Seewaldalm-723-150x150.jpg\" class=\"attachment-thumbnail size-thumbnail\" alt loading=\"lazy\"><\/a>\n\t\t\t<\/dt><\/dl><dl class=\"gallery-item\">\n\t\t\t<dt class=\"gallery-icon landscape\">\n\t\t\t\t<a href=\"https:\/\/sv-oberperfuss.at\/schi\/files\/2015\/02\/Bezirkscup_Kombi_Seewaldalm-764.jpg\"><img width=\"150\" height=\"150\" src=\"https:\/\/sv-oberperfuss.at\/schi\/files\/2015\/02\/Bezirkscup_Kombi_Seewaldalm-764-150x150.jpg\" class=\"attachment-thumbnail size-thumbnail\" alt loading=\"lazy\"><\/a>\n\t\t\t<\/dt><\/dl><dl class=\"gallery-item\">\n\t\t\t<dt class=\"gallery-icon landscape\">\n\t\t\t\t<a href=\"https:\/\/sv-oberperfuss.at\/schi\/files\/2015\/02\/Bezirkscup_Kombi_Seewaldalm-861.jpg\"><img width=\"150\" height=\"150\" src=\"https:\/\/sv-oberperfuss.at\/schi\/files\/2015\/02\/Bezirkscup_Kombi_Seewaldalm-861-150x150.jpg\" class=\"attachment-thumbnail size-thumbnail\" alt loading=\"lazy\"><\/a>\n\t\t\t<\/dt><\/dl><br style=\"clear: both\"><dl class=\"gallery-item\">\n\t\t\t<dt class=\"gallery-icon landscape\">\n\t\t\t\t<a href=\"https:\/\/sv-oberperfuss.at\/schi\/files\/2015\/02\/Bezirkscup_Kombi_Seewaldalm-877.jpg\"><img width=\"150\" height=\"150\" src=\"https:\/\/sv-oberperfuss.at\/schi\/files\/2015\/02\/Bezirkscup_Kombi_Seewaldalm-877-150x150.jpg\" class=\"attachment-thumbnail size-thumbnail\" alt loading=\"lazy\"><\/a>\n\t\t\t<\/dt><\/dl><dl class=\"gallery-item\">\n\t\t\t<dt class=\"gallery-icon landscape\">\n\t\t\t\t<a href=\"https:\/\/sv-oberperfuss.at\/schi\/files\/2015\/02\/Bezirkscup_Kombi_Seewaldalm-884.jpg\"><img width=\"150\" height=\"150\" src=\"https:\/\/sv-oberperfuss.at\/schi\/files\/2015\/02\/Bezirkscup_Kombi_Seewaldalm-884-150x150.jpg\" class=\"attachment-thumbnail size-thumbnail\" alt loading=\"lazy\"><\/a>\n\t\t\t<\/dt><\/dl><dl class=\"gallery-item\">\n\t\t\t<dt class=\"gallery-icon landscape\">\n\t\t\t\t<a href=\"https:\/\/sv-oberperfuss.at\/schi\/files\/2015\/02\/Bezirkscup_Kombi_Seewaldalm-904.jpg\"><img width=\"150\" height=\"150\" src=\"https:\/\/sv-oberperfuss.at\/schi\/files\/2015\/02\/Bezirkscup_Kombi_Seewaldalm-904-150x150.jpg\" class=\"attachment-thumbnail size-thumbnail\" alt loading=\"lazy\"><\/a>\n\t\t\t<\/dt><\/dl><dl class=\"gallery-item\">\n\t\t\t<dt class=\"gallery-icon landscape\">\n\t\t\t\t<a href=\"https:\/\/sv-oberperfuss.at\/schi\/files\/2015\/02\/Bezirkscup_Kombi_Seewaldalm-936.jpg\"><img width=\"150\" height=\"150\" src=\"https:\/\/sv-oberperfuss.at\/schi\/files\/2015\/02\/Bezirkscup_Kombi_Seewaldalm-936-150x150.jpg\" class=\"attachment-thumbnail size-thumbnail\" alt loading=\"lazy\"><\/a>\n\t\t\t<\/dt><\/dl><br style=\"clear: both\">\n\t\t<\/div>\n\n<p>&nbsp;<\/p>\n","protected":false},"excerpt":{"rendered":"<p>Bei strahlendem Winterwetter fand, am Sonntag, den 16.2.2015 in M\u00f6sern \/ Seewaldalm eine Super-Kombi bestehend aus SL + RTL statt. Die reine Naturschneepiste pr\u00e4sentierte sich in perfekten Zustand. Ein dickes Lob an den&nbsp;SK Telfs, der wirklich alles unternommen hatte (vereiste Piste), trotz der geringen Schneelage, &nbsp;dieses Rennen durchzuf\u00fchren.<\/p>\n","protected":false},"author":11,"featured_media":0,"comment_status":"open","ping_status":"closed","sticky":false,"template":"","format":"standard","meta":{"wp_typography_post_enhancements_disabled":false},"categories":[4],"tags":[],"_links":{"self":[{"href":"https:\/\/sv-oberperfuss.at\/schi\/wp-json\/wp\/v2\/posts\/9436"}],"collection":[{"href":"https:\/\/sv-oberperfuss.at\/schi\/wp-json\/wp\/v2\/posts"}],"about":[{"href":"https:\/\/sv-oberperfuss.at\/schi\/wp-json\/wp\/v2\/types\/post"}],"author":[{"embeddable":true,"href":"https:\/\/sv-oberperfuss.at\/schi\/wp-json\/wp\/v2\/users\/11"}],"replies":[{"embeddable":true,"href":"https:\/\/sv-oberperfuss.at\/schi\/wp-json\/wp\/v2\/comments?post=9436"}],"version-history":[{"count":10,"href":"https:\/\/sv-oberperfuss.at\/schi\/wp-json\/wp\/v2\/posts\/9436\/revisions"}],"predecessor-version":[{"id":9464,"href":"https:\/\/sv-oberperfuss.at\/schi\/wp-json\/wp\/v2\/posts\/9436\/revisions\/9464"}],"wp:attachment":[{"href":"https:\/\/sv-oberperfuss.at\/schi\/wp-json\/wp\/v2\/media?parent=9436"}],"wp:term":[{"taxonomy":"category","embeddable":true,"href":"https:\/\/sv-oberperfuss.at\/schi\/wp-json\/wp\/v2\/categories?post=9436"},{"taxonomy":"post_tag","embeddable":true,"href":"https:\/\/sv-oberperfuss.at\/schi\/wp-json\/wp\/v2\/tags?post=9436"}],"curies":[{"name":"wp","href":"https:\/\/api.w.org\/{rel}","templated":true}]}}