{"id":886,"date":"2010-01-24T23:59:12","date_gmt":"2010-01-24T21:59:12","guid":{"rendered":"https:\/\/sv-oberperfuss.at\/schi\/?p=886"},"modified":"2010-01-25T13:56:24","modified_gmt":"2010-01-25T11:56:24","slug":"landescup-machte-station-in-elbigenalp","status":"publish","type":"post","link":"https:\/\/sv-oberperfuss.at\/schi\/landescup-machte-station-in-elbigenalp\/","title":{"rendered":"Landescup machte Station in Elbigenalp"},"content":{"rendered":"<p>Elbigenalp war an diesem Wochenende&nbsp; Austragungsort der beiden Alpin Landescupbewerbe. Den knapp 170 L\u00e4ufern aus allen Teilen Tirols bot sich bei sch\u00f6nstem Wetter eine bestens pr\u00e4parierte Kunstschneepiste auf den kleinen, aber sehr selektiven Hang der Knittel-Lifte.&nbsp; 6 L\u00e4ufer des SVO\u2018s wurden vom Bezirk dazu einberufen. Die beiden &nbsp;anspruchsvollen aber fair ausgeflaggten Slalomkurse wurden von unserer Helli 14-Mannschaft ohne Ausf\u00e4lle&nbsp;bew\u00e4ltigt.&nbsp; <strong>Michael Spiegl<\/strong> war an diesem Tage nicht&nbsp;zu biegen und holte sich&nbsp;verdient den ersten&nbsp; Landescupsieg und zugleich einen&nbsp;Fixstartplatz f\u00fcr die \u00d6SV-Testrennen&nbsp;von 28.1. \u2014 30.1. in Leogang.<!--more--><\/p>\n<p><em>Platzierungen der SVO-L\u00e4ufer:<\/em><\/p>\n<p>12. Platz: Plunser Linda, 15. Platz Venier Bianca<\/p>\n<p>22.Platz: Heis Hannah,&nbsp; 24. Platz: Feichtner Viola, 25.&nbsp;Platz: Lorenz Bernadette<\/p>\n<p><strong><em>Ergebnisliste:<\/em> <a href=\"https:\/\/sv-oberperfuss.at\/schi\/files\/2010\/01\/Ergebnisliste-SL.pdf\">Ergebnisliste SL<\/a><\/strong><\/p>\n<p>Am Sonntag&nbsp; wurde auf einer nach oben verl\u00e4ngerten Strecke der RTL ausgetragen. Die Risikobereitschaft unserer L\u00e4ufer(innen) &nbsp;wurde mit mehreren Top-Ten Platzierungen belohnt.<\/p>\n<p><strong>Venier Bianca<\/strong> erreichte einen ausgezeichneten 6.&nbsp;und <strong>Lorenz Bernadette<\/strong> einen 8. Platz. &nbsp;<strong>Michael Spiegl<\/strong> holte sich &nbsp;nach einer sensationellen Fahrt den 2. Gesamtrang und verfehlte somit seinen Hattrick&nbsp;&nbsp;nur um knappe 6 Hunderstel.<\/p>\n<p><em>Weitere Platzierungen:<\/em><\/p>\n<p>18. Platz: Plunser Linda, 28. Platz: Feichtner Viola, 30. Platz: Heis Hannah<\/p>\n<p><strong><em>Ergebnisliste:<\/em> <\/strong><a href=\"https:\/\/sv-oberperfuss.at\/schi\/files\/2010\/01\/Ergebnisliste-RTL.pdf\"><strong>Ergebnisliste RTL<\/strong><\/a><\/p>\n\n\t\t<style type=\"text\/css\">\n\t\t\t#gallery-1 {\n\t\t\t\tmargin: auto;\n\t\t\t}\n\t\t\t#gallery-1 .gallery-item {\n\t\t\t\tfloat: left;\n\t\t\t\tmargin-top: 10px;\n\t\t\t\ttext-align: center;\n\t\t\t\twidth: 33%;\n\t\t\t}\n\t\t\t#gallery-1 img {\n\t\t\t\tborder: 2px solid #cfcfcf;\n\t\t\t}\n\t\t\t#gallery-1 .gallery-caption {\n\t\t\t\tmargin-left: 0;\n\t\t\t}\n\t\t\t\/* see gallery_shortcode() in wp-includes\/media.php *\/\n\t\t<\/style>\n\t\t<div id=\"gallery-1\" class=\"gallery galleryid-886 gallery-columns-3 gallery-size-thumbnail\"><dl class=\"gallery-item\">\n\t\t\t<dt class=\"gallery-icon landscape\">\n\t\t\t\t<a href=\"https:\/\/sv-oberperfuss.at\/schi\/files\/2010\/01\/Landescup_Elbigenalp_SL_23012010-243.jpg\"><img width=\"150\" height=\"150\" src=\"https:\/\/sv-oberperfuss.at\/schi\/files\/2010\/01\/Landescup_Elbigenalp_SL_23012010-243-150x150.jpg\" class=\"attachment-thumbnail size-thumbnail\" alt loading=\"lazy\" aria-describedby=\"gallery-1-913\"><\/a>\n\t\t\t<\/dt>\n\t\t\t\t<dd class=\"wp-caption-text gallery-caption\" id=\"gallery-1-913\">\n\t\t\t\tMichael Spiegl&nbsp;<\/dd><\/dl><dl class=\"gallery-item\">\n\t\t\t<dt class=\"gallery-icon landscape\">\n\t\t\t\t<a href=\"https:\/\/sv-oberperfuss.at\/schi\/files\/2010\/01\/Landescup_Elbigenalp_SL_23012010-239.jpg\"><img width=\"150\" height=\"150\" src=\"https:\/\/sv-oberperfuss.at\/schi\/files\/2010\/01\/Landescup_Elbigenalp_SL_23012010-239-150x150.jpg\" class=\"attachment-thumbnail size-thumbnail\" alt loading=\"lazy\" aria-describedby=\"gallery-1-912\"><\/a>\n\t\t\t<\/dt>\n\t\t\t\t<dd class=\"wp-caption-text gallery-caption\" id=\"gallery-1-912\">\n\t\t\t\tAlle Klassensieger SL +&nbsp;RTL&nbsp;<\/dd><\/dl><dl class=\"gallery-item\">\n\t\t\t<dt class=\"gallery-icon landscape\">\n\t\t\t\t<a href=\"https:\/\/sv-oberperfuss.at\/schi\/files\/2010\/01\/Landescup_Elbigenalp_SL_23012010-231.jpg\"><img width=\"150\" height=\"150\" src=\"https:\/\/sv-oberperfuss.at\/schi\/files\/2010\/01\/Landescup_Elbigenalp_SL_23012010-231-150x150.jpg\" class=\"attachment-thumbnail size-thumbnail\" alt loading=\"lazy\" aria-describedby=\"gallery-1-911\"><\/a>\n\t\t\t<\/dt>\n\t\t\t\t<dd class=\"wp-caption-text gallery-caption\" id=\"gallery-1-911\">\n\t\t\t\t2. Platz Spiegl Michael&nbsp;<\/dd><\/dl><br style=\"clear: both\"><dl class=\"gallery-item\">\n\t\t\t<dt class=\"gallery-icon landscape\">\n\t\t\t\t<a href=\"https:\/\/sv-oberperfuss.at\/schi\/files\/2010\/01\/Landescup_Elbigenalp_SL_23012010-212.jpg\"><img width=\"150\" height=\"150\" src=\"https:\/\/sv-oberperfuss.at\/schi\/files\/2010\/01\/Landescup_Elbigenalp_SL_23012010-212-150x150.jpg\" class=\"attachment-thumbnail size-thumbnail\" alt loading=\"lazy\" aria-describedby=\"gallery-1-910\"><\/a>\n\t\t\t<\/dt>\n\t\t\t\t<dd class=\"wp-caption-text gallery-caption\" id=\"gallery-1-910\">\n\t\t\t\t1. Platz SL Spiegl Michael&nbsp;<\/dd><\/dl><dl class=\"gallery-item\">\n\t\t\t<dt class=\"gallery-icon portrait\">\n\t\t\t\t<a href=\"https:\/\/sv-oberperfuss.at\/schi\/files\/2010\/01\/Landescup_Elbigenalp_SL_23012010-041_1.jpg\"><img width=\"150\" height=\"150\" src=\"https:\/\/sv-oberperfuss.at\/schi\/files\/2010\/01\/Landescup_Elbigenalp_SL_23012010-041_1-150x150.jpg\" class=\"attachment-thumbnail size-thumbnail\" alt loading=\"lazy\" aria-describedby=\"gallery-1-921\"><\/a>\n\t\t\t<\/dt>\n\t\t\t\t<dd class=\"wp-caption-text gallery-caption\" id=\"gallery-1-921\">\n\t\t\t\tHelli 14 u. Michael&nbsp;<\/dd><\/dl><dl class=\"gallery-item\">\n\t\t\t<dt class=\"gallery-icon landscape\">\n\t\t\t\t<a href=\"https:\/\/sv-oberperfuss.at\/schi\/files\/2010\/01\/Landescup_Elbigenalp_SL_23012010-128.jpg\"><img width=\"150\" height=\"150\" src=\"https:\/\/sv-oberperfuss.at\/schi\/files\/2010\/01\/Landescup_Elbigenalp_SL_23012010-128-150x150.jpg\" class=\"attachment-thumbnail size-thumbnail\" alt loading=\"lazy\" aria-describedby=\"gallery-1-908\"><\/a>\n\t\t\t<\/dt>\n\t\t\t\t<dd class=\"wp-caption-text gallery-caption\" id=\"gallery-1-908\">\n\t\t\t\tHelli, Berni u.&nbsp;Viola&nbsp;<\/dd><\/dl><br style=\"clear: both\"><dl class=\"gallery-item\">\n\t\t\t<dt class=\"gallery-icon landscape\">\n\t\t\t\t<a href=\"https:\/\/sv-oberperfuss.at\/schi\/files\/2010\/01\/Landescup_Elbigenalp_SL_23012010-021.jpg\"><img width=\"150\" height=\"150\" src=\"https:\/\/sv-oberperfuss.at\/schi\/files\/2010\/01\/Landescup_Elbigenalp_SL_23012010-021-150x150.jpg\" class=\"attachment-thumbnail size-thumbnail\" alt loading=\"lazy\" aria-describedby=\"gallery-1-902\"><\/a>\n\t\t\t<\/dt>\n\t\t\t\t<dd class=\"wp-caption-text gallery-caption\" id=\"gallery-1-902\">\n\t\t\t\tLinda u. Hermann Plunser&nbsp;<\/dd><\/dl><dl class=\"gallery-item\">\n\t\t\t<dt class=\"gallery-icon landscape\">\n\t\t\t\t<a href=\"https:\/\/sv-oberperfuss.at\/schi\/files\/2010\/01\/Landescup_Elbigenalp_SL_23012010-013.jpg\"><img width=\"150\" height=\"150\" src=\"https:\/\/sv-oberperfuss.at\/schi\/files\/2010\/01\/Landescup_Elbigenalp_SL_23012010-013-150x150.jpg\" class=\"attachment-thumbnail size-thumbnail\" alt loading=\"lazy\" aria-describedby=\"gallery-1-901\"><\/a>\n\t\t\t<\/dt>\n\t\t\t\t<dd class=\"wp-caption-text gallery-caption\" id=\"gallery-1-901\">\n\t\t\t\tSlalomhang&nbsp;<\/dd><\/dl>\n\t\t\t<br style=\"clear: both\">\n\t\t<\/div>\n\n","protected":false},"excerpt":{"rendered":"<p>Elbigenalp war an diesem Wochenende&nbsp; Austragungsort der beiden Alpin Landescupbewerbe. Den knapp 170 L\u00e4ufern aus allen Teilen Tirols bot sich bei sch\u00f6nstem Wetter eine bestens pr\u00e4parierte Kunstschneepiste auf den kleinen, aber sehr selektiven Hang der Knittel-Lifte.&nbsp; 6 L\u00e4ufer des SVO\u2018s wurden vom Bezirk dazu einberufen. Die beiden &nbsp;anspruchsvollen aber fair ausgeflaggten Slalomkurse wurden von unserer&nbsp;[\u2026]<\/p>\n","protected":false},"author":11,"featured_media":0,"comment_status":"open","ping_status":"closed","sticky":false,"template":"","format":"standard","meta":{"wp_typography_post_enhancements_disabled":false},"categories":[4],"tags":[],"_links":{"self":[{"href":"https:\/\/sv-oberperfuss.at\/schi\/wp-json\/wp\/v2\/posts\/886"}],"collection":[{"href":"https:\/\/sv-oberperfuss.at\/schi\/wp-json\/wp\/v2\/posts"}],"about":[{"href":"https:\/\/sv-oberperfuss.at\/schi\/wp-json\/wp\/v2\/types\/post"}],"author":[{"embeddable":true,"href":"https:\/\/sv-oberperfuss.at\/schi\/wp-json\/wp\/v2\/users\/11"}],"replies":[{"embeddable":true,"href":"https:\/\/sv-oberperfuss.at\/schi\/wp-json\/wp\/v2\/comments?post=886"}],"version-history":[{"count":17,"href":"https:\/\/sv-oberperfuss.at\/schi\/wp-json\/wp\/v2\/posts\/886\/revisions"}],"predecessor-version":[{"id":932,"href":"https:\/\/sv-oberperfuss.at\/schi\/wp-json\/wp\/v2\/posts\/886\/revisions\/932"}],"wp:attachment":[{"href":"https:\/\/sv-oberperfuss.at\/schi\/wp-json\/wp\/v2\/media?parent=886"}],"wp:term":[{"taxonomy":"category","embeddable":true,"href":"https:\/\/sv-oberperfuss.at\/schi\/wp-json\/wp\/v2\/categories?post=886"},{"taxonomy":"post_tag","embeddable":true,"href":"https:\/\/sv-oberperfuss.at\/schi\/wp-json\/wp\/v2\/tags?post=886"}],"curies":[{"name":"wp","href":"https:\/\/api.w.org\/{rel}","templated":true}]}}