{"id":8574,"date":"2014-03-05T19:01:11","date_gmt":"2014-03-05T17:01:11","guid":{"rendered":"https:\/\/sv-oberperfuss.at\/schi\/?p=8574"},"modified":"2017-01-25T16:36:38","modified_gmt":"2017-01-25T14:36:38","slug":"kein-edelmetall-fuer-stephi-in-der-abfahrt","status":"publish","type":"post","link":"https:\/\/sv-oberperfuss.at\/schi\/kein-edelmetall-fuer-stephi-in-der-abfahrt\/","title":{"rendered":"Kein Edelmetall f\u00fcr Stephi in der Abfahrt"},"content":{"rendered":"<p>Leider hat es dieses Mal f\u00fcr Stephi&nbsp;bei &nbsp;der Junioren WM \u2014 Abfahrt in Jasna nicht f\u00fcr Edelmetall gereicht. Sie verfehlte nur um knappe 17 Hunderstel das Podest.Aber auch ein 5. Rang bei einer Junioren-WM ist auf jeden Fall eine tolle Platzierung. Daf\u00fcr gl\u00e4nzt die Silber-Medaille im Super\u2011G umso sch\u00f6ner. Bravo Stephi.<\/p>\n<p>Weiter gehts f\u00fcr Stephi nach Andorra, &nbsp;wo das heurige Europacupfinale stattfindet. Wir dr\u00fccken nochmals fest die Daumen und w\u00fcnschen viel&nbsp;Gl\u00fcck.<\/p>\n","protected":false},"excerpt":{"rendered":"<p>Leider hat es dieses Mal f\u00fcr Stephi&nbsp;bei &nbsp;der Junioren WM \u2014 Abfahrt in Jasna nicht f\u00fcr Edelmetall gereicht. Sie verfehlte nur um knappe 17 Hunderstel das Podest.Aber auch ein 5. Rang bei einer Junioren-WM ist auf jeden Fall eine tolle Platzierung. Daf\u00fcr gl\u00e4nzt die Silber-Medaille im Super\u2011G umso sch\u00f6ner. Bravo Stephi. Weiter gehts f\u00fcr Stephi&nbsp;[\u2026]<\/p>\n","protected":false},"author":11,"featured_media":0,"comment_status":"open","ping_status":"closed","sticky":false,"template":"","format":"standard","meta":{"wp_typography_post_enhancements_disabled":false},"categories":[4],"tags":[],"_links":{"self":[{"href":"https:\/\/sv-oberperfuss.at\/schi\/wp-json\/wp\/v2\/posts\/8574"}],"collection":[{"href":"https:\/\/sv-oberperfuss.at\/schi\/wp-json\/wp\/v2\/posts"}],"about":[{"href":"https:\/\/sv-oberperfuss.at\/schi\/wp-json\/wp\/v2\/types\/post"}],"author":[{"embeddable":true,"href":"https:\/\/sv-oberperfuss.at\/schi\/wp-json\/wp\/v2\/users\/11"}],"replies":[{"embeddable":true,"href":"https:\/\/sv-oberperfuss.at\/schi\/wp-json\/wp\/v2\/comments?post=8574"}],"version-history":[{"count":3,"href":"https:\/\/sv-oberperfuss.at\/schi\/wp-json\/wp\/v2\/posts\/8574\/revisions"}],"predecessor-version":[{"id":8585,"href":"https:\/\/sv-oberperfuss.at\/schi\/wp-json\/wp\/v2\/posts\/8574\/revisions\/8585"}],"wp:attachment":[{"href":"https:\/\/sv-oberperfuss.at\/schi\/wp-json\/wp\/v2\/media?parent=8574"}],"wp:term":[{"taxonomy":"category","embeddable":true,"href":"https:\/\/sv-oberperfuss.at\/schi\/wp-json\/wp\/v2\/categories?post=8574"},{"taxonomy":"post_tag","embeddable":true,"href":"https:\/\/sv-oberperfuss.at\/schi\/wp-json\/wp\/v2\/tags?post=8574"}],"curies":[{"name":"wp","href":"https:\/\/api.w.org\/{rel}","templated":true}]}}