{"id":8553,"date":"2014-03-03T12:19:55","date_gmt":"2014-03-03T10:19:55","guid":{"rendered":"https:\/\/sv-oberperfuss.at\/schi\/?p=8553"},"modified":"2014-03-03T22:18:31","modified_gmt":"2014-03-03T20:18:31","slug":"sg-silber-f-stephi-bei-junioren-wm","status":"publish","type":"post","link":"https:\/\/sv-oberperfuss.at\/schi\/sg-silber-f-stephi-bei-junioren-wm\/","title":{"rendered":"SG-SILBER f. Stephi bei Junioren WM"},"content":{"rendered":"<p>Derzeit finden in Jasna \/ Slowakei die alpinen Junioren Weltmeisterschaften statt. Stephi, die als Titelverteidigerin an den Start geht, wird ihrer Favoritenrolle gerecht und &nbsp;holt sich &nbsp;heute im Super\u2011G sensationell die Silber Medaille. Sie musste sich&nbsp;nur um +0,47&nbsp;&nbsp;der ebenfalls weltcuperfahrenen Schweizerin Suter Corinne geschlagen geben.&nbsp;Sehr erfreulich&nbsp;das gute Mannschaftsergebnis der \u00d6sterreicher. (3. Rang von Schneeberger Rosina&nbsp;, 4. Rang Kappaurer Elisabeth)<\/p>\n<p>Weiter geht\u2019s am Donnerstag mit der Abfahrt, wo Stephi als Vize-Juniorenweltmeisterin neuerlich&nbsp;Medaillenchancen hat.<\/p>\n<p>Ein weiterer H\u00f6hepunkt f\u00fcr Stephi in ihrer noch jungen Karriere. Herzliche Gratulation und vieeel Gl\u00fcck<a href=\"https:\/\/sv-oberperfuss.at\/schi\/files\/2014\/03\/Unbenannt.png\"><img loading=\"lazy\" class=\"alignleft size-full wp-image-8556\" alt=\"Unbenannt\" src=\"https:\/\/sv-oberperfuss.at\/schi\/files\/2014\/03\/Unbenannt.png\" width=\"134\" height=\"134\"><\/a>&nbsp;f\u00fcr die Abfahrt.<\/p>\n<p>&nbsp;<\/p>\n<p>&nbsp;<\/p>\n<p>&nbsp;<\/p>\n\n\t\t<style type=\"text\/css\">\n\t\t\t#gallery-1 {\n\t\t\t\tmargin: auto;\n\t\t\t}\n\t\t\t#gallery-1 .gallery-item {\n\t\t\t\tfloat: left;\n\t\t\t\tmargin-top: 10px;\n\t\t\t\ttext-align: center;\n\t\t\t\twidth: 33%;\n\t\t\t}\n\t\t\t#gallery-1 img {\n\t\t\t\tborder: 2px solid #cfcfcf;\n\t\t\t}\n\t\t\t#gallery-1 .gallery-caption {\n\t\t\t\tmargin-left: 0;\n\t\t\t}\n\t\t\t\/* see gallery_shortcode() in wp-includes\/media.php *\/\n\t\t<\/style>\n\t\t<div id=\"gallery-1\" class=\"gallery galleryid-8553 gallery-columns-3 gallery-size-thumbnail\"><dl class=\"gallery-item\">\n\t\t\t<dt class=\"gallery-icon landscape\">\n\t\t\t\t<a href=\"https:\/\/sv-oberperfuss.at\/schi\/files\/2014\/03\/stephie_siegerehrung.jpg\"><img width=\"150\" height=\"150\" src=\"https:\/\/sv-oberperfuss.at\/schi\/files\/2014\/03\/stephie_siegerehrung-150x150.jpg\" class=\"attachment-thumbnail size-thumbnail\" alt loading=\"lazy\"><\/a>\n\t\t\t<\/dt><\/dl><dl class=\"gallery-item\">\n\t\t\t<dt class=\"gallery-icon landscape\">\n\t\t\t\t<a href=\"https:\/\/sv-oberperfuss.at\/schi\/files\/2014\/03\/stephie_sieger1.jpg\"><img width=\"150\" height=\"150\" src=\"https:\/\/sv-oberperfuss.at\/schi\/files\/2014\/03\/stephie_sieger1-150x150.jpg\" class=\"attachment-thumbnail size-thumbnail\" alt loading=\"lazy\"><\/a>\n\t\t\t<\/dt><\/dl><dl class=\"gallery-item\">\n\t\t\t<dt class=\"gallery-icon landscape\">\n\t\t\t\t<a href=\"https:\/\/sv-oberperfuss.at\/schi\/files\/2014\/03\/stephie_2.Rang_WM.jpg\"><img width=\"150\" height=\"150\" src=\"https:\/\/sv-oberperfuss.at\/schi\/files\/2014\/03\/stephie_2.Rang_WM-150x150.jpg\" class=\"attachment-thumbnail size-thumbnail\" alt loading=\"lazy\"><\/a>\n\t\t\t<\/dt><\/dl><br style=\"clear: both\">\n\t\t<\/div>\n\n","protected":false},"excerpt":{"rendered":"<p>Derzeit finden in Jasna \/ Slowakei die alpinen Junioren Weltmeisterschaften statt. Stephi, die als Titelverteidigerin an den Start geht, wird ihrer Favoritenrolle gerecht und &nbsp;holt sich &nbsp;heute im Super\u2011G sensationell die Silber Medaille. Sie musste sich&nbsp;nur um +0,47&nbsp;&nbsp;der ebenfalls weltcuperfahrenen Schweizerin Suter Corinne geschlagen geben.&nbsp;Sehr erfreulich&nbsp;das gute Mannschaftsergebnis der \u00d6sterreicher. (3. Rang von Schneeberger Rosina&nbsp;,&nbsp;[\u2026]<\/p>\n","protected":false},"author":11,"featured_media":0,"comment_status":"open","ping_status":"closed","sticky":false,"template":"","format":"standard","meta":{"wp_typography_post_enhancements_disabled":false},"categories":[4],"tags":[],"_links":{"self":[{"href":"https:\/\/sv-oberperfuss.at\/schi\/wp-json\/wp\/v2\/posts\/8553"}],"collection":[{"href":"https:\/\/sv-oberperfuss.at\/schi\/wp-json\/wp\/v2\/posts"}],"about":[{"href":"https:\/\/sv-oberperfuss.at\/schi\/wp-json\/wp\/v2\/types\/post"}],"author":[{"embeddable":true,"href":"https:\/\/sv-oberperfuss.at\/schi\/wp-json\/wp\/v2\/users\/11"}],"replies":[{"embeddable":true,"href":"https:\/\/sv-oberperfuss.at\/schi\/wp-json\/wp\/v2\/comments?post=8553"}],"version-history":[{"count":11,"href":"https:\/\/sv-oberperfuss.at\/schi\/wp-json\/wp\/v2\/posts\/8553\/revisions"}],"predecessor-version":[{"id":8571,"href":"https:\/\/sv-oberperfuss.at\/schi\/wp-json\/wp\/v2\/posts\/8553\/revisions\/8571"}],"wp:attachment":[{"href":"https:\/\/sv-oberperfuss.at\/schi\/wp-json\/wp\/v2\/media?parent=8553"}],"wp:term":[{"taxonomy":"category","embeddable":true,"href":"https:\/\/sv-oberperfuss.at\/schi\/wp-json\/wp\/v2\/categories?post=8553"},{"taxonomy":"post_tag","embeddable":true,"href":"https:\/\/sv-oberperfuss.at\/schi\/wp-json\/wp\/v2\/tags?post=8553"}],"curies":[{"name":"wp","href":"https:\/\/api.w.org\/{rel}","templated":true}]}}