{"id":7103,"date":"2013-12-11T11:48:09","date_gmt":"2013-12-11T09:48:09","guid":{"rendered":"https:\/\/sv-oberperfuss.at\/schi\/?p=7103"},"modified":"2016-11-20T11:25:27","modified_gmt":"2016-11-20T09:25:27","slug":"naechster-wc-start-fuer-stephanie-venier-in-st-moritz","status":"publish","type":"post","link":"https:\/\/sv-oberperfuss.at\/schi\/naechster-wc-start-fuer-stephanie-venier-in-st-moritz\/","title":{"rendered":"N\u00e4chster WC-Start f\u00fcr Stephanie Venier in St. Moritz"},"content":{"rendered":"<p><strong>Stephanie Venier holte bei ihrer Super-G-Premiere trotz Nachwehen eines Trainingssturzes die ersten Weltcuppunkte<\/strong>.<\/p>\n<div>Mit so viel Vorfreude nahm Stephanie Venier den \u00dcberseetrip in Angriff. Doch bereits in der ersten Trainingswoche schlug der Verletzungsteufel unbarmherzig zu. \u201cSchienbeinprellung und Muskelquetschung\u201d, so eine erste Diagnose. Nichts was Stephanie bremsen konnte. Rang 27 in ihrem ersten Weltcup-Super\u2011G war gleichbedeutend mit den ersten Punkten.<\/div>\n<div>\n<div>\u201cDas Rennen war einfach nur geil. Im oberen Streckenabschnitt hatte ich gar nur sechs Zehntel R\u00fcckstand. Allerdings hab ich den \u00dcbergang ins Flache etwas verhaut. Aber was soll\u2018s.&nbsp; Das war mein erster Weltcup-Super\u2011G. Noch dazu habe ich meine ersten Punkte geholt. Ich bin echt happy\u201d, lautete&nbsp;ihr erstes Fazit.<\/div>\n<div><\/div>\n<div>Dabei begann der \u00dcberseetrip alles andere denn verhei\u00dfungsvoll.&nbsp;\u201cBei einer Trainingsfahrt bin ich am Innenschi ausgerutscht, es hat mich hinten reingedr\u00fcckt und dann ordentlich zerrissen.\u201d<\/div>\n<div>&nbsp;Sechs Tage Pause waren die Folge. Mit Hilfe von Schmerztabletten konnte sie die Abfahrtstrainings in Beaver Creek dennoch in Angriff nehmen. \u201cEs ist schon halbwegs gegangen. Ganz schmerzfrei war es aber nie. Vor allem in Kurven, in denen ich den Au\u00dfenschi belasten musste\u201d.<\/div>\n<div>Dennoch klassierte sie sich&nbsp;zwischen Pl\u00e4tzen 25 und 45. F\u00fcr einen Start in der Abfahrt&nbsp;allerdings zu&nbsp;wenig.<\/div>\n<div><\/div>\n<div>&nbsp;Bereits einen Tag nach dem Super\u2011G \u00fcbersiedelte das \u00f6sterreichische Schiteam weiter in Richtung Kanada \/ Lake Louise.&nbsp; Am Sonntag folgte ein weiterer WC-Einsatz im&nbsp; Super\u2011G.&nbsp;&nbsp;Mit Startnummer 31 ging Stephie an den Start. Diesesmal hatte auch der der ORF ein Einsehen und wir konnten die Fahrt live mitverfolgen. Die Nummer 31 war zugleich auch das Endergebnis und somit verpasste Stephie um einen Rang bzw. ein Zehntel weitere Weltcuppunkte.<\/div>\n<div><\/div>\n<div><strong>N\u00e4chstes Wochenende erfolgt der Europaauftakt in St. Moritz \/ Schweiz. Nat\u00fcrlich w\u00fcrde sich Stephie \u00fcber eine Fangemeinde aus Oberperfuss im Zielgel\u00e4nde freuen. Der SVO w\u00fcnscht viel Gl\u00fcck und alles Gute. <a href=\"https:\/\/sv-oberperfuss.at\/schi\/files\/2013\/12\/101023_1_560.jpg\"><img loading=\"lazy\" class=\"alignleft size-full wp-image-7109\" src=\"https:\/\/sv-oberperfuss.at\/schi\/files\/2013\/12\/101023_1_560.jpg\" alt=\"101023_1_560\" width=\"420\" height=\"560\" srcset=\"https:\/\/sv-oberperfuss.at\/schi\/files\/2013\/12\/101023_1_560.jpg 420w, https:\/\/sv-oberperfuss.at\/schi\/files\/2013\/12\/101023_1_560-225x300.jpg 225w\" sizes=\"(max-width: 420px) 100vw, 420px\"><\/a> <a href=\"https:\/\/sv-oberperfuss.at\/schi\/files\/2013\/12\/venier_stephanie.jpg\"><img loading=\"lazy\" class=\"alignleft size-large wp-image-7110\" src=\"https:\/\/sv-oberperfuss.at\/schi\/files\/2013\/12\/venier_stephanie.jpg\" alt=\"venier_stephanie\" width=\"800\" height=\"546\" srcset=\"https:\/\/sv-oberperfuss.at\/schi\/files\/2013\/12\/venier_stephanie.jpg 800w, https:\/\/sv-oberperfuss.at\/schi\/files\/2013\/12\/venier_stephanie-300x204.jpg 300w\" sizes=\"(max-width: 800px) 100vw, 800px\"><\/a><\/strong><\/div>\n<\/div>\n","protected":false},"excerpt":{"rendered":"<p>Stephanie Venier holte bei ihrer Super-G-Premiere trotz Nachwehen eines Trainingssturzes die ersten Weltcuppunkte. Mit so viel Vorfreude nahm Stephanie Venier den \u00dcberseetrip in Angriff. Doch bereits in der ersten Trainingswoche schlug der Verletzungsteufel unbarmherzig zu. \u201cSchienbeinprellung und Muskelquetschung\u201d, so eine erste Diagnose. Nichts was Stephanie bremsen konnte. Rang 27 in ihrem ersten Weltcup-Super\u2011G war gleichbedeutend&nbsp;[\u2026]<\/p>\n","protected":false},"author":11,"featured_media":0,"comment_status":"open","ping_status":"closed","sticky":false,"template":"","format":"standard","meta":{"wp_typography_post_enhancements_disabled":false},"categories":[4],"tags":[],"_links":{"self":[{"href":"https:\/\/sv-oberperfuss.at\/schi\/wp-json\/wp\/v2\/posts\/7103"}],"collection":[{"href":"https:\/\/sv-oberperfuss.at\/schi\/wp-json\/wp\/v2\/posts"}],"about":[{"href":"https:\/\/sv-oberperfuss.at\/schi\/wp-json\/wp\/v2\/types\/post"}],"author":[{"embeddable":true,"href":"https:\/\/sv-oberperfuss.at\/schi\/wp-json\/wp\/v2\/users\/11"}],"replies":[{"embeddable":true,"href":"https:\/\/sv-oberperfuss.at\/schi\/wp-json\/wp\/v2\/comments?post=7103"}],"version-history":[{"count":7,"href":"https:\/\/sv-oberperfuss.at\/schi\/wp-json\/wp\/v2\/posts\/7103\/revisions"}],"predecessor-version":[{"id":11159,"href":"https:\/\/sv-oberperfuss.at\/schi\/wp-json\/wp\/v2\/posts\/7103\/revisions\/11159"}],"wp:attachment":[{"href":"https:\/\/sv-oberperfuss.at\/schi\/wp-json\/wp\/v2\/media?parent=7103"}],"wp:term":[{"taxonomy":"category","embeddable":true,"href":"https:\/\/sv-oberperfuss.at\/schi\/wp-json\/wp\/v2\/categories?post=7103"},{"taxonomy":"post_tag","embeddable":true,"href":"https:\/\/sv-oberperfuss.at\/schi\/wp-json\/wp\/v2\/tags?post=7103"}],"curies":[{"name":"wp","href":"https:\/\/api.w.org\/{rel}","templated":true}]}}