{"id":7053,"date":"2013-04-15T12:02:03","date_gmt":"2013-04-15T10:02:03","guid":{"rendered":"https:\/\/sv-oberperfuss.at\/schi\/?p=7053"},"modified":"2017-01-13T18:33:08","modified_gmt":"2017-01-13T16:33:08","slug":"michael-spiegl-european-snowstar-champion-2013","status":"publish","type":"post","link":"https:\/\/sv-oberperfuss.at\/schi\/michael-spiegl-european-snowstar-champion-2013\/","title":{"rendered":"Michael Spiegl \u2014 European SNOWstar Champion 2013"},"content":{"rendered":"<p>Am 13. und 14. April 2013 war Verbier (Schweiz) Austragungsort des SNOWstar Finales. Mehr als 70 Teilnehmer (die sich bereits im Vorfeld bei den nationalen Ausscheidungen&nbsp;qualifiziert&nbsp;haben) &nbsp;aus sieben L\u00e4ndern traten gegeneinander an, um sich in einem v\u00f6llig neuen Rennformat \u2014 einer Kombination von alpinem Ski Race und Freestyle-Elementen \u2014 zu messen.<\/p>\n<p>Die liechtensteiner Skirennfahrerin Tina Weirather, der ehemalige Herrencheftrainer bei Swiss Ski Karl Frehsner, der Schweizer Skirennfahrer Justin Murisier und der ehemalige Schweizer Skirennfahrer William Besse und Roland Collombin fieberten mit den jungen Athleten mit.<\/p>\n<p>Die Rennstrecke des SNOWstar Rennens mit Schanzen, Steilkurven, Skicross- und Freestylelementen sorgten bei allen Teilnehmern f\u00fcr Begeisterung. F\u00fcr die Qualifikation wurden die Teilnehmer zun\u00e4chst in Gruppen eingeteilt. Die acht Schnellsten pro Gruppe qualifizierten sich f\u00fcr die Finall\u00e4ufe. In zwei weiteren Durchg\u00e4ngen wurden schlie\u00dflich die Sieger ermittelt.<\/p>\n<p>Am Samstag wurden zwei Trainingsl\u00e4ufe gefahren. Michael erzielte in beiden L\u00e4ufen die beste Zeit. Bei strahlendem Sonnenschein am Sonntag und bereits fr\u00fchlingshaften Bedingungen ging es in die Qualifikationsl\u00e4ufe. Auch hier lie\u00df er die Konkurrenz hinter sich. Nur im Semifinale&nbsp;belegte er&nbsp;nach einem Fehler den 2. Rang. Im Finallauf hie\u00df die Devise alles oder nichts und k\u00fcrte sich &nbsp;mit einer&nbsp;perfekten Fahrt &nbsp;zum Europameister. Bei den M\u00e4dchen gewann Nadia Delago (ITA).<\/p>\n\n\t\t<style type=\"text\/css\">\n\t\t\t#gallery-1 {\n\t\t\t\tmargin: auto;\n\t\t\t}\n\t\t\t#gallery-1 .gallery-item {\n\t\t\t\tfloat: left;\n\t\t\t\tmargin-top: 10px;\n\t\t\t\ttext-align: center;\n\t\t\t\twidth: 33%;\n\t\t\t}\n\t\t\t#gallery-1 img {\n\t\t\t\tborder: 2px solid #cfcfcf;\n\t\t\t}\n\t\t\t#gallery-1 .gallery-caption {\n\t\t\t\tmargin-left: 0;\n\t\t\t}\n\t\t\t\/* see gallery_shortcode() in wp-includes\/media.php *\/\n\t\t<\/style>\n\t\t<div id=\"gallery-1\" class=\"gallery galleryid-7053 gallery-columns-3 gallery-size-thumbnail\"><dl class=\"gallery-item\">\n\t\t\t<dt class=\"gallery-icon landscape\">\n\t\t\t\t<a href=\"https:\/\/sv-oberperfuss.at\/schi\/files\/2013\/04\/Europafinale_Emmi_Snowstar_Verbier-438.jpg\"><img width=\"150\" height=\"150\" src=\"https:\/\/sv-oberperfuss.at\/schi\/files\/2013\/04\/Europafinale_Emmi_Snowstar_Verbier-438-150x150.jpg\" class=\"attachment-thumbnail size-thumbnail\" alt loading=\"lazy\"><\/a>\n\t\t\t<\/dt><\/dl><dl class=\"gallery-item\">\n\t\t\t<dt class=\"gallery-icon landscape\">\n\t\t\t\t<a href=\"https:\/\/sv-oberperfuss.at\/schi\/files\/2013\/04\/Europafinale_Emmi_Snowstar_Verbier-001.jpg\"><img width=\"150\" height=\"150\" src=\"https:\/\/sv-oberperfuss.at\/schi\/files\/2013\/04\/Europafinale_Emmi_Snowstar_Verbier-001-150x150.jpg\" class=\"attachment-thumbnail size-thumbnail\" alt loading=\"lazy\"><\/a>\n\t\t\t<\/dt><\/dl><dl class=\"gallery-item\">\n\t\t\t<dt class=\"gallery-icon landscape\">\n\t\t\t\t<a href=\"https:\/\/sv-oberperfuss.at\/schi\/files\/2013\/04\/Europafinale_Emmi_Snowstar_Verbier-466.jpg\"><img width=\"150\" height=\"150\" src=\"https:\/\/sv-oberperfuss.at\/schi\/files\/2013\/04\/Europafinale_Emmi_Snowstar_Verbier-466-150x150.jpg\" class=\"attachment-thumbnail size-thumbnail\" alt loading=\"lazy\"><\/a>\n\t\t\t<\/dt><\/dl><br style=\"clear: both\"><dl class=\"gallery-item\">\n\t\t\t<dt class=\"gallery-icon landscape\">\n\t\t\t\t<a href=\"https:\/\/sv-oberperfuss.at\/schi\/files\/2013\/04\/Europafinale_Emmi_Snowstar_Verbier-385.jpg\"><img width=\"150\" height=\"150\" src=\"https:\/\/sv-oberperfuss.at\/schi\/files\/2013\/04\/Europafinale_Emmi_Snowstar_Verbier-385-150x150.jpg\" class=\"attachment-thumbnail size-thumbnail\" alt loading=\"lazy\"><\/a>\n\t\t\t<\/dt><\/dl><dl class=\"gallery-item\">\n\t\t\t<dt class=\"gallery-icon landscape\">\n\t\t\t\t<a href=\"https:\/\/sv-oberperfuss.at\/schi\/files\/2013\/04\/Europafinale_Emmi_Snowstar_Verbier-242.jpg\"><img width=\"150\" height=\"150\" src=\"https:\/\/sv-oberperfuss.at\/schi\/files\/2013\/04\/Europafinale_Emmi_Snowstar_Verbier-242-150x150.jpg\" class=\"attachment-thumbnail size-thumbnail\" alt loading=\"lazy\"><\/a>\n\t\t\t<\/dt><\/dl><dl class=\"gallery-item\">\n\t\t\t<dt class=\"gallery-icon landscape\">\n\t\t\t\t<a href=\"https:\/\/sv-oberperfuss.at\/schi\/files\/2013\/04\/Europafinale_Emmi_Snowstar_Verbier-489.jpg\"><img width=\"150\" height=\"150\" src=\"https:\/\/sv-oberperfuss.at\/schi\/files\/2013\/04\/Europafinale_Emmi_Snowstar_Verbier-489-150x150.jpg\" class=\"attachment-thumbnail size-thumbnail\" alt loading=\"lazy\"><\/a>\n\t\t\t<\/dt><\/dl><br style=\"clear: both\"><dl class=\"gallery-item\">\n\t\t\t<dt class=\"gallery-icon landscape\">\n\t\t\t\t<a href=\"https:\/\/sv-oberperfuss.at\/schi\/files\/2013\/04\/Europafinale_Emmi_Snowstar_Verbier-540.jpg\"><img width=\"150\" height=\"150\" src=\"https:\/\/sv-oberperfuss.at\/schi\/files\/2013\/04\/Europafinale_Emmi_Snowstar_Verbier-540-150x150.jpg\" class=\"attachment-thumbnail size-thumbnail\" alt loading=\"lazy\"><\/a>\n\t\t\t<\/dt><\/dl><dl class=\"gallery-item\">\n\t\t\t<dt class=\"gallery-icon landscape\">\n\t\t\t\t<a href=\"https:\/\/sv-oberperfuss.at\/schi\/files\/2013\/04\/verbier_michael.jpg\"><img width=\"150\" height=\"150\" src=\"https:\/\/sv-oberperfuss.at\/schi\/files\/2013\/04\/verbier_michael-150x150.jpg\" class=\"attachment-thumbnail size-thumbnail\" alt loading=\"lazy\"><\/a>\n\t\t\t<\/dt><\/dl><dl class=\"gallery-item\">\n\t\t\t<dt class=\"gallery-icon landscape\">\n\t\t\t\t<a href=\"https:\/\/sv-oberperfuss.at\/schi\/files\/2013\/04\/Europafinale_Emmi_Snowstar_Verbier-804.jpg\"><img width=\"150\" height=\"150\" src=\"https:\/\/sv-oberperfuss.at\/schi\/files\/2013\/04\/Europafinale_Emmi_Snowstar_Verbier-804-150x150.jpg\" class=\"attachment-thumbnail size-thumbnail\" alt loading=\"lazy\"><\/a>\n\t\t\t<\/dt><\/dl><br style=\"clear: both\"><dl class=\"gallery-item\">\n\t\t\t<dt class=\"gallery-icon landscape\">\n\t\t\t\t<a href=\"https:\/\/sv-oberperfuss.at\/schi\/files\/2013\/04\/Europafinale_Emmi_Snowstar_Verbier-667.jpg\"><img width=\"150\" height=\"150\" src=\"https:\/\/sv-oberperfuss.at\/schi\/files\/2013\/04\/Europafinale_Emmi_Snowstar_Verbier-667-150x150.jpg\" class=\"attachment-thumbnail size-thumbnail\" alt loading=\"lazy\"><\/a>\n\t\t\t<\/dt><\/dl><dl class=\"gallery-item\">\n\t\t\t<dt class=\"gallery-icon landscape\">\n\t\t\t\t<a href=\"https:\/\/sv-oberperfuss.at\/schi\/files\/2013\/04\/Europafinale_Emmi_Snowstar_Verbier-869.jpg\"><img width=\"150\" height=\"150\" src=\"https:\/\/sv-oberperfuss.at\/schi\/files\/2013\/04\/Europafinale_Emmi_Snowstar_Verbier-869-150x150.jpg\" class=\"attachment-thumbnail size-thumbnail\" alt loading=\"lazy\"><\/a>\n\t\t\t<\/dt><\/dl><dl class=\"gallery-item\">\n\t\t\t<dt class=\"gallery-icon portrait\">\n\t\t\t\t<a href=\"https:\/\/sv-oberperfuss.at\/schi\/files\/2013\/04\/verbier_1.jpg\"><img width=\"150\" height=\"150\" src=\"https:\/\/sv-oberperfuss.at\/schi\/files\/2013\/04\/verbier_1-150x150.jpg\" class=\"attachment-thumbnail size-thumbnail\" alt loading=\"lazy\"><\/a>\n\t\t\t<\/dt><\/dl><br style=\"clear: both\"><dl class=\"gallery-item\">\n\t\t\t<dt class=\"gallery-icon landscape\">\n\t\t\t\t<a href=\"https:\/\/sv-oberperfuss.at\/schi\/files\/2013\/04\/Europafinale_Emmi_Snowstar_Verbier-1053.jpg\"><img width=\"150\" height=\"150\" src=\"https:\/\/sv-oberperfuss.at\/schi\/files\/2013\/04\/Europafinale_Emmi_Snowstar_Verbier-1053-150x150.jpg\" class=\"attachment-thumbnail size-thumbnail\" alt loading=\"lazy\"><\/a>\n\t\t\t<\/dt><\/dl><dl class=\"gallery-item\">\n\t\t\t<dt class=\"gallery-icon landscape\">\n\t\t\t\t<a href=\"https:\/\/sv-oberperfuss.at\/schi\/files\/2013\/04\/verbier_2.jpg\"><img width=\"150\" height=\"150\" src=\"https:\/\/sv-oberperfuss.at\/schi\/files\/2013\/04\/verbier_2-150x150.jpg\" class=\"attachment-thumbnail size-thumbnail\" alt loading=\"lazy\"><\/a>\n\t\t\t<\/dt><\/dl>\n\t\t\t<br style=\"clear: both\">\n\t\t<\/div>\n\n","protected":false},"excerpt":{"rendered":"<p>Am 13. und 14. April 2013 war Verbier (Schweiz) Austragungsort des SNOWstar Finales. Mehr als 70 Teilnehmer (die sich bereits im Vorfeld bei den nationalen Ausscheidungen&nbsp;qualifiziert&nbsp;haben) &nbsp;aus sieben L\u00e4ndern traten gegeneinander an, um sich in einem v\u00f6llig neuen Rennformat \u2014 einer Kombination von alpinem Ski Race und Freestyle-Elementen \u2014 zu messen. Die liechtensteiner Skirennfahrerin Tina&nbsp;[\u2026]<\/p>\n","protected":false},"author":11,"featured_media":0,"comment_status":"open","ping_status":"closed","sticky":false,"template":"","format":"standard","meta":{"wp_typography_post_enhancements_disabled":false},"categories":[4],"tags":[],"_links":{"self":[{"href":"https:\/\/sv-oberperfuss.at\/schi\/wp-json\/wp\/v2\/posts\/7053"}],"collection":[{"href":"https:\/\/sv-oberperfuss.at\/schi\/wp-json\/wp\/v2\/posts"}],"about":[{"href":"https:\/\/sv-oberperfuss.at\/schi\/wp-json\/wp\/v2\/types\/post"}],"author":[{"embeddable":true,"href":"https:\/\/sv-oberperfuss.at\/schi\/wp-json\/wp\/v2\/users\/11"}],"replies":[{"embeddable":true,"href":"https:\/\/sv-oberperfuss.at\/schi\/wp-json\/wp\/v2\/comments?post=7053"}],"version-history":[{"count":13,"href":"https:\/\/sv-oberperfuss.at\/schi\/wp-json\/wp\/v2\/posts\/7053\/revisions"}],"predecessor-version":[{"id":11510,"href":"https:\/\/sv-oberperfuss.at\/schi\/wp-json\/wp\/v2\/posts\/7053\/revisions\/11510"}],"wp:attachment":[{"href":"https:\/\/sv-oberperfuss.at\/schi\/wp-json\/wp\/v2\/media?parent=7053"}],"wp:term":[{"taxonomy":"category","embeddable":true,"href":"https:\/\/sv-oberperfuss.at\/schi\/wp-json\/wp\/v2\/categories?post=7053"},{"taxonomy":"post_tag","embeddable":true,"href":"https:\/\/sv-oberperfuss.at\/schi\/wp-json\/wp\/v2\/tags?post=7053"}],"curies":[{"name":"wp","href":"https:\/\/api.w.org\/{rel}","templated":true}]}}