{"id":688,"date":"2010-01-17T23:23:46","date_gmt":"2010-01-17T21:23:46","guid":{"rendered":"https:\/\/sv-oberperfuss.at\/schi\/?p=688"},"modified":"2016-11-25T02:22:51","modified_gmt":"2016-11-25T00:22:51","slug":"tt-bezirksmeisterschaften-schulerjugend-am-rangger-kopfl","status":"publish","type":"post","link":"https:\/\/sv-oberperfuss.at\/schi\/tt-bezirksmeisterschaften-schulerjugend-am-rangger-kopfl\/","title":{"rendered":"TT \u2014 Bezirksmeisterschaften Sch\u00fcler\/Jugend am Rangger K\u00f6pfl"},"content":{"rendered":"<p>Heute veranstaltete der Schiverein Oberperfuss am Rangger K\u00f6pfl die TT \u2014 Bezirksmeisterschaften der Sch\u00fcler\/Jugend f\u00fcr Nord u. S\u00fcd.&nbsp;Der&nbsp;gute Draht des SVO\u2018s &nbsp;zum Wettergott&nbsp;verblies die vorhergesagten dunklen Wolken und das Rennen konnte&nbsp;bei besten Witterungsbedingungen&nbsp;durchgef\u00fchrt werden.&nbsp;Ein gro\u00dfes Starterfeld von 130 L\u00e4ufer war gemeldet. Gefahren wurde ein Riesentorlauf, welcher von Helmut Lorenz jun. ausgeflaggt wurde. Ein selektiver Kurs mit zwei schwierigen \u00dcberg\u00e4ngen mu\u00dfte bew\u00e4ltigt werden.&nbsp; Motiviert durch die angefeuerten Fans des SVO\u2018s fuhren unsere L\u00e4ufer wieder Spitzenergebnisse ein.&nbsp;Der Klassensieg&nbsp;&nbsp;bei den Sch\u00fclern I weiblich,&nbsp; Sch\u00fclern I m\u00e4nnlich sowie Jugend II m\u00e4nnlich ging an Oberperfuss.&nbsp;<!--more--><\/p>\n<p><em>Platzierungen unserer L\u00e4ufer:<\/em><\/p>\n<p><em>Sch\u00fcler I weiblich:<\/em> <strong>1. Platz:<\/strong> Linda Plunser, <strong>2. Platz:<\/strong> Lorenz Bernadette<\/p>\n<p><strong>6. Platz:<\/strong> Heis Hannah, <strong>8. Platz:<\/strong> Feichtner Viola<\/p>\n<p><em>Sch\u00fcler II weiblich: <\/em><strong>4. Platz:<\/strong> Venier Bianca,<strong> 12. Platz:<\/strong> Plunser Vanessa<\/p>\n<p><em>Sch\u00fcler I m\u00e4nnlich:<\/em> <strong>1. Platz:<\/strong> Spiegl Michael, <strong>6. Platz:<\/strong> Abfalterer Sam,&nbsp;<strong> 8. Platz:<\/strong> Mersa Christoph<\/p>\n<p><em>Jugend I m\u00e4nnlich:<\/em> <strong>4. Platz:<\/strong> Gogg Mathias<\/p>\n<p><em>Jugend II m\u00e4nnlich<\/em>:&nbsp; <strong>1. Platz:<\/strong> Triendl Sebastian<\/p>\n<h1>Ergebnisliste SCH\u00dcLER\/Jugend:&nbsp; <a href=\"https:\/\/sv-oberperfuss.at\/schi\/files\/2010\/01\/E6AL074P.pdf\">E6AL074P<\/a><\/h1>\n\n\t\t<style type=\"text\/css\">\n\t\t\t#gallery-1 {\n\t\t\t\tmargin: auto;\n\t\t\t}\n\t\t\t#gallery-1 .gallery-item {\n\t\t\t\tfloat: left;\n\t\t\t\tmargin-top: 10px;\n\t\t\t\ttext-align: center;\n\t\t\t\twidth: 33%;\n\t\t\t}\n\t\t\t#gallery-1 img {\n\t\t\t\tborder: 2px solid #cfcfcf;\n\t\t\t}\n\t\t\t#gallery-1 .gallery-caption {\n\t\t\t\tmargin-left: 0;\n\t\t\t}\n\t\t\t\/* see gallery_shortcode() in wp-includes\/media.php *\/\n\t\t<\/style>\n\t\t<div id=\"gallery-1\" class=\"gallery galleryid-688 gallery-columns-3 gallery-size-thumbnail\"><dl class=\"gallery-item\">\n\t\t\t<dt class=\"gallery-icon landscape\">\n\t\t\t\t<a href=\"https:\/\/sv-oberperfuss.at\/schi\/files\/2010\/01\/BC-Ranggerkoepfl20100117_160.JPG\"><img width=\"150\" height=\"150\" src=\"https:\/\/sv-oberperfuss.at\/schi\/files\/2010\/01\/BC-Ranggerkoepfl20100117_160-150x150.jpg\" class=\"attachment-thumbnail size-thumbnail\" alt loading=\"lazy\" aria-describedby=\"gallery-1-709\"><\/a>\n\t\t\t<\/dt>\n\t\t\t\t<dd class=\"wp-caption-text gallery-caption\" id=\"gallery-1-709\">\n\t\t\t\tSiegerehrung Jugend II&nbsp;<\/dd><\/dl><dl class=\"gallery-item\">\n\t\t\t<dt class=\"gallery-icon landscape\">\n\t\t\t\t<a href=\"https:\/\/sv-oberperfuss.at\/schi\/files\/2010\/01\/BC-Ranggerkoepfl20100117_165.JPG\"><img width=\"150\" height=\"150\" src=\"https:\/\/sv-oberperfuss.at\/schi\/files\/2010\/01\/BC-Ranggerkoepfl20100117_165-150x150.jpg\" class=\"attachment-thumbnail size-thumbnail\" alt loading=\"lazy\" aria-describedby=\"gallery-1-694\"><\/a>\n\t\t\t<\/dt>\n\t\t\t\t<dd class=\"wp-caption-text gallery-caption\" id=\"gallery-1-694\">\n\t\t\t\tSiegerehrung Jugend I&nbsp;<\/dd><\/dl><dl class=\"gallery-item\">\n\t\t\t<dt class=\"gallery-icon landscape\">\n\t\t\t\t<a href=\"https:\/\/sv-oberperfuss.at\/schi\/files\/2010\/01\/BC-Ranggerkoepfl20100117_158.JPG\"><img width=\"150\" height=\"150\" src=\"https:\/\/sv-oberperfuss.at\/schi\/files\/2010\/01\/BC-Ranggerkoepfl20100117_158-150x150.jpg\" class=\"attachment-thumbnail size-thumbnail\" alt loading=\"lazy\" aria-describedby=\"gallery-1-708\"><\/a>\n\t\t\t<\/dt>\n\t\t\t\t<dd class=\"wp-caption-text gallery-caption\" id=\"gallery-1-708\">\n\t\t\t\tSiegerehrung Sch\u00fcler II weiblich&nbsp;<\/dd><\/dl><br style=\"clear: both\"><dl class=\"gallery-item\">\n\t\t\t<dt class=\"gallery-icon landscape\">\n\t\t\t\t<a href=\"https:\/\/sv-oberperfuss.at\/schi\/files\/2010\/01\/BC-Ranggerkoepfl20100117_149.JPG\"><img width=\"150\" height=\"150\" src=\"https:\/\/sv-oberperfuss.at\/schi\/files\/2010\/01\/BC-Ranggerkoepfl20100117_149-150x150.jpg\" class=\"attachment-thumbnail size-thumbnail\" alt loading=\"lazy\" aria-describedby=\"gallery-1-707\"><\/a>\n\t\t\t<\/dt>\n\t\t\t\t<dd class=\"wp-caption-text gallery-caption\" id=\"gallery-1-707\">\n\t\t\t\tSiegerehrung Sch\u00fcler I m\u00e4nnlich&nbsp;<\/dd><\/dl><dl class=\"gallery-item\">\n\t\t\t<dt class=\"gallery-icon landscape\">\n\t\t\t\t<a href=\"https:\/\/sv-oberperfuss.at\/schi\/files\/2010\/01\/BC-Ranggerkoepfl20100117_145.JPG\"><img width=\"150\" height=\"150\" src=\"https:\/\/sv-oberperfuss.at\/schi\/files\/2010\/01\/BC-Ranggerkoepfl20100117_145-150x150.jpg\" class=\"attachment-thumbnail size-thumbnail\" alt loading=\"lazy\" aria-describedby=\"gallery-1-706\"><\/a>\n\t\t\t<\/dt>\n\t\t\t\t<dd class=\"wp-caption-text gallery-caption\" id=\"gallery-1-706\">\n\t\t\t\tSiegerehrung Sch\u00fcler I weiblich&nbsp;<\/dd><\/dl><dl class=\"gallery-item\">\n\t\t\t<dt class=\"gallery-icon landscape\">\n\t\t\t\t<a href=\"https:\/\/sv-oberperfuss.at\/schi\/files\/2010\/01\/Bezirkscup_Obpf_MC_17012010-562.jpg\"><img width=\"150\" height=\"150\" src=\"https:\/\/sv-oberperfuss.at\/schi\/files\/2010\/01\/Bezirkscup_Obpf_MC_17012010-562-150x150.jpg\" class=\"attachment-thumbnail size-thumbnail\" alt loading=\"lazy\" aria-describedby=\"gallery-1-758\"><\/a>\n\t\t\t<\/dt>\n\t\t\t\t<dd class=\"wp-caption-text gallery-caption\" id=\"gallery-1-758\">\n\t\t\t\tTriendl Sebastian&nbsp;<\/dd><\/dl><br style=\"clear: both\"><dl class=\"gallery-item\">\n\t\t\t<dt class=\"gallery-icon landscape\">\n\t\t\t\t<a href=\"https:\/\/sv-oberperfuss.at\/schi\/files\/2010\/01\/Bezirkscup_Obpf_MC_17012010-538.jpg\"><img width=\"150\" height=\"150\" src=\"https:\/\/sv-oberperfuss.at\/schi\/files\/2010\/01\/Bezirkscup_Obpf_MC_17012010-538-150x150.jpg\" class=\"attachment-thumbnail size-thumbnail\" alt loading=\"lazy\" aria-describedby=\"gallery-1-757\"><\/a>\n\t\t\t<\/dt>\n\t\t\t\t<dd class=\"wp-caption-text gallery-caption\" id=\"gallery-1-757\">\n\t\t\t\tGogg Mathias&nbsp;<\/dd><\/dl><dl class=\"gallery-item\">\n\t\t\t<dt class=\"gallery-icon landscape\">\n\t\t\t\t<a href=\"https:\/\/sv-oberperfuss.at\/schi\/files\/2010\/01\/BC-Ranggerkoepfl20100117_125.JPG\"><img width=\"150\" height=\"150\" src=\"https:\/\/sv-oberperfuss.at\/schi\/files\/2010\/01\/BC-Ranggerkoepfl20100117_125-150x150.jpg\" class=\"attachment-thumbnail size-thumbnail\" alt loading=\"lazy\" aria-describedby=\"gallery-1-703\"><\/a>\n\t\t\t<\/dt>\n\t\t\t\t<dd class=\"wp-caption-text gallery-caption\" id=\"gallery-1-703\">\n\t\t\t\tAbfalterer Sam&nbsp;<\/dd><\/dl><dl class=\"gallery-item\">\n\t\t\t<dt class=\"gallery-icon landscape\">\n\t\t\t\t<a href=\"https:\/\/sv-oberperfuss.at\/schi\/files\/2010\/01\/Bezirkscup_Obpf_MC_17012010-438.jpg\"><img width=\"150\" height=\"150\" src=\"https:\/\/sv-oberperfuss.at\/schi\/files\/2010\/01\/Bezirkscup_Obpf_MC_17012010-438-150x150.jpg\" class=\"attachment-thumbnail size-thumbnail\" alt loading=\"lazy\" aria-describedby=\"gallery-1-753\"><\/a>\n\t\t\t<\/dt>\n\t\t\t\t<dd class=\"wp-caption-text gallery-caption\" id=\"gallery-1-753\">\n\t\t\t\tSpiegl Michael&nbsp;<\/dd><\/dl><br style=\"clear: both\"><dl class=\"gallery-item\">\n\t\t\t<dt class=\"gallery-icon landscape\">\n\t\t\t\t<a href=\"https:\/\/sv-oberperfuss.at\/schi\/files\/2010\/01\/BC-Ranggerkoepfl20100117_111.JPG\"><img width=\"150\" height=\"150\" src=\"https:\/\/sv-oberperfuss.at\/schi\/files\/2010\/01\/BC-Ranggerkoepfl20100117_111-150x150.jpg\" class=\"attachment-thumbnail size-thumbnail\" alt loading=\"lazy\" aria-describedby=\"gallery-1-701\"><\/a>\n\t\t\t<\/dt>\n\t\t\t\t<dd class=\"wp-caption-text gallery-caption\" id=\"gallery-1-701\">\n\t\t\t\tMersa Christoph&nbsp;<\/dd><\/dl><dl class=\"gallery-item\">\n\t\t\t<dt class=\"gallery-icon landscape\">\n\t\t\t\t<a href=\"https:\/\/sv-oberperfuss.at\/schi\/files\/2010\/01\/BC-Ranggerkoepfl20100117_110.JPG\"><img width=\"150\" height=\"150\" src=\"https:\/\/sv-oberperfuss.at\/schi\/files\/2010\/01\/BC-Ranggerkoepfl20100117_110-150x150.jpg\" class=\"attachment-thumbnail size-thumbnail\" alt loading=\"lazy\" aria-describedby=\"gallery-1-700\"><\/a>\n\t\t\t<\/dt>\n\t\t\t\t<dd class=\"wp-caption-text gallery-caption\" id=\"gallery-1-700\">\n\t\t\t\tPlunser Vanessa&nbsp;<\/dd><\/dl><dl class=\"gallery-item\">\n\t\t\t<dt class=\"gallery-icon landscape\">\n\t\t\t\t<a href=\"https:\/\/sv-oberperfuss.at\/schi\/files\/2010\/01\/BC-Ranggerkoepfl20100117_104.JPG\"><img width=\"150\" height=\"150\" src=\"https:\/\/sv-oberperfuss.at\/schi\/files\/2010\/01\/BC-Ranggerkoepfl20100117_104-150x150.jpg\" class=\"attachment-thumbnail size-thumbnail\" alt loading=\"lazy\" aria-describedby=\"gallery-1-699\"><\/a>\n\t\t\t<\/dt>\n\t\t\t\t<dd class=\"wp-caption-text gallery-caption\" id=\"gallery-1-699\">\n\t\t\t\tVenier Bianca&nbsp;<\/dd><\/dl><br style=\"clear: both\"><dl class=\"gallery-item\">\n\t\t\t<dt class=\"gallery-icon landscape\">\n\t\t\t\t<a href=\"https:\/\/sv-oberperfuss.at\/schi\/files\/2010\/01\/BC-Ranggerkoepfl20100117_102.JPG\"><img width=\"150\" height=\"150\" src=\"https:\/\/sv-oberperfuss.at\/schi\/files\/2010\/01\/BC-Ranggerkoepfl20100117_102-150x150.jpg\" class=\"attachment-thumbnail size-thumbnail\" alt loading=\"lazy\" aria-describedby=\"gallery-1-698\"><\/a>\n\t\t\t<\/dt>\n\t\t\t\t<dd class=\"wp-caption-text gallery-caption\" id=\"gallery-1-698\">\n\t\t\t\tLorenz Bernadette&nbsp;<\/dd><\/dl><dl class=\"gallery-item\">\n\t\t\t<dt class=\"gallery-icon landscape\">\n\t\t\t\t<a href=\"https:\/\/sv-oberperfuss.at\/schi\/files\/2010\/01\/BC-Ranggerkoepfl20100117_100.JPG\"><img width=\"150\" height=\"150\" src=\"https:\/\/sv-oberperfuss.at\/schi\/files\/2010\/01\/BC-Ranggerkoepfl20100117_100-150x150.jpg\" class=\"attachment-thumbnail size-thumbnail\" alt loading=\"lazy\" aria-describedby=\"gallery-1-697\"><\/a>\n\t\t\t<\/dt>\n\t\t\t\t<dd class=\"wp-caption-text gallery-caption\" id=\"gallery-1-697\">\n\t\t\t\tFeichtner Viola&nbsp;<\/dd><\/dl><dl class=\"gallery-item\">\n\t\t\t<dt class=\"gallery-icon landscape\">\n\t\t\t\t<a href=\"https:\/\/sv-oberperfuss.at\/schi\/files\/2010\/01\/BC-Ranggerkoepfl20100117_95.JPG\"><img width=\"150\" height=\"150\" src=\"https:\/\/sv-oberperfuss.at\/schi\/files\/2010\/01\/BC-Ranggerkoepfl20100117_95-150x150.jpg\" class=\"attachment-thumbnail size-thumbnail\" alt loading=\"lazy\" aria-describedby=\"gallery-1-696\"><\/a>\n\t\t\t<\/dt>\n\t\t\t\t<dd class=\"wp-caption-text gallery-caption\" id=\"gallery-1-696\">\n\t\t\t\tPlunser Linda&nbsp;<\/dd><\/dl><br style=\"clear: both\"><dl class=\"gallery-item\">\n\t\t\t<dt class=\"gallery-icon landscape\">\n\t\t\t\t<a href=\"https:\/\/sv-oberperfuss.at\/schi\/files\/2010\/01\/BC-Ranggerkoepfl20100117_91.JPG\"><img width=\"150\" height=\"150\" src=\"https:\/\/sv-oberperfuss.at\/schi\/files\/2010\/01\/BC-Ranggerkoepfl20100117_91-150x150.jpg\" class=\"attachment-thumbnail size-thumbnail\" alt loading=\"lazy\" aria-describedby=\"gallery-1-695\"><\/a>\n\t\t\t<\/dt>\n\t\t\t\t<dd class=\"wp-caption-text gallery-caption\" id=\"gallery-1-695\">\n\t\t\t\tHeis Hannah&nbsp;<\/dd><\/dl>\n\t\t\t<br style=\"clear: both\">\n\t\t<\/div>\n\n<p><img title=\"gallery link=&quot;file&quot; order=&quot;DESC&quot; columns=&quot;4&quot;\" src=\"..\/wp-includes\/js\/tinymce\/plugins\/wpgallery\/img\/t.gif\" alt>Komplette Bildgalerie finden Sie unter: <a href=\"http:\/\/www.tsv-ibk-nord.at\/bilder.html\">http:\/\/www.tsv-ibk-nord.at\/bilder.html<\/a><\/p>\n","protected":false},"excerpt":{"rendered":"<p>Heute veranstaltete der Schiverein Oberperfuss am Rangger K\u00f6pfl die TT \u2014 Bezirksmeisterschaften der Sch\u00fcler\/Jugend f\u00fcr Nord u. S\u00fcd.&nbsp;Der&nbsp;gute Draht des SVO\u2018s &nbsp;zum Wettergott&nbsp;verblies die vorhergesagten dunklen Wolken und das Rennen konnte&nbsp;bei besten Witterungsbedingungen&nbsp;durchgef\u00fchrt werden.&nbsp;Ein gro\u00dfes Starterfeld von 130 L\u00e4ufer war gemeldet. Gefahren wurde ein Riesentorlauf, welcher von Helmut Lorenz jun. ausgeflaggt wurde. Ein selektiver Kurs&nbsp;[\u2026]<\/p>\n","protected":false},"author":11,"featured_media":0,"comment_status":"open","ping_status":"closed","sticky":false,"template":"","format":"standard","meta":{"wp_typography_post_enhancements_disabled":false},"categories":[4],"tags":[],"_links":{"self":[{"href":"https:\/\/sv-oberperfuss.at\/schi\/wp-json\/wp\/v2\/posts\/688"}],"collection":[{"href":"https:\/\/sv-oberperfuss.at\/schi\/wp-json\/wp\/v2\/posts"}],"about":[{"href":"https:\/\/sv-oberperfuss.at\/schi\/wp-json\/wp\/v2\/types\/post"}],"author":[{"embeddable":true,"href":"https:\/\/sv-oberperfuss.at\/schi\/wp-json\/wp\/v2\/users\/11"}],"replies":[{"embeddable":true,"href":"https:\/\/sv-oberperfuss.at\/schi\/wp-json\/wp\/v2\/comments?post=688"}],"version-history":[{"count":34,"href":"https:\/\/sv-oberperfuss.at\/schi\/wp-json\/wp\/v2\/posts\/688\/revisions"}],"predecessor-version":[{"id":11146,"href":"https:\/\/sv-oberperfuss.at\/schi\/wp-json\/wp\/v2\/posts\/688\/revisions\/11146"}],"wp:attachment":[{"href":"https:\/\/sv-oberperfuss.at\/schi\/wp-json\/wp\/v2\/media?parent=688"}],"wp:term":[{"taxonomy":"category","embeddable":true,"href":"https:\/\/sv-oberperfuss.at\/schi\/wp-json\/wp\/v2\/categories?post=688"},{"taxonomy":"post_tag","embeddable":true,"href":"https:\/\/sv-oberperfuss.at\/schi\/wp-json\/wp\/v2\/tags?post=688"}],"curies":[{"name":"wp","href":"https:\/\/api.w.org\/{rel}","templated":true}]}}