{"id":664,"date":"2010-01-17T22:17:24","date_gmt":"2010-01-17T20:17:24","guid":{"rendered":"https:\/\/sv-oberperfuss.at\/schi\/?p=664"},"modified":"2017-01-13T18:34:07","modified_gmt":"2017-01-13T16:34:07","slug":"bezirkscuprennen-der-kinder-am-ranggerkopfl","status":"publish","type":"post","link":"https:\/\/sv-oberperfuss.at\/schi\/bezirkscuprennen-der-kinder-am-ranggerkopfl\/","title":{"rendered":"Bezirkscuprennen der Kinder am Ranggerk\u00f6pfl"},"content":{"rendered":"<p>Am Sonntag, den 17. J\u00e4nner wurde der Kinder-Bezirkscup (Ibk. Nord) vom SVO am Ranggerk\u00f6pfl bei besseren Bedingungen, als vom Wetterbericht vorhergesagt, durchgef\u00fchrt.&nbsp; Der von Hermann Plunser gesteckte Vielseitigkeitslauf wurde vom Gro\u00dfteil der 108 teilnehmenden Kinder bravour\u00f6s gemeistert.<!--more--><\/p>\n<p>Platzierungen der jungen SVO-Rennl\u00e4ufer:<\/p>\n<p>Kinder I b m\u00e4nnl.: 8. Heis&nbsp;Noah<\/p>\n<p>Kinder I c m\u00e4nnl.: 12. Obkircher Dominik<\/p>\n<p>Kinder II a weibl.: 6. Haider Floriana, 7. H\u00f6rtnagl Kathrin, 10. Triendl Lisa<\/p>\n<p>Kinder II a m\u00e4nnl.: 10. Venier Benjamin, 12. Gutheinz Jonas<\/p>\n<p>Kinder II b weibl.: <strong>1. Spiegl Melanie<\/strong> (Tagesbestzeit), 3. Plunser Eva<\/p>\n<p>Kinder II b m\u00e4nnl.: 2. Ostermann Julian<\/p>\n<p>Leider disqualifiziert: Plunser Emma (mit Bestzeit in ihrer Klasse) und Abfalterer Sandro<\/p>\n<p><a href=\"https:\/\/sv-oberperfuss.at\/schi\/files\/2010\/01\/7770_10002.pdf\">Ergebnisliste Kinder Bezirkscup<\/a><\/p>\n\n\t\t<style type=\"text\/css\">\n\t\t\t#gallery-1 {\n\t\t\t\tmargin: auto;\n\t\t\t}\n\t\t\t#gallery-1 .gallery-item {\n\t\t\t\tfloat: left;\n\t\t\t\tmargin-top: 10px;\n\t\t\t\ttext-align: center;\n\t\t\t\twidth: 25%;\n\t\t\t}\n\t\t\t#gallery-1 img {\n\t\t\t\tborder: 2px solid #cfcfcf;\n\t\t\t}\n\t\t\t#gallery-1 .gallery-caption {\n\t\t\t\tmargin-left: 0;\n\t\t\t}\n\t\t\t\/* see gallery_shortcode() in wp-includes\/media.php *\/\n\t\t<\/style>\n\t\t<div id=\"gallery-1\" class=\"gallery galleryid-664 gallery-columns-4 gallery-size-thumbnail\"><dl class=\"gallery-item\">\n\t\t\t<dt class=\"gallery-icon landscape\">\n\t\t\t\t<a href=\"https:\/\/sv-oberperfuss.at\/schi\/files\/2010\/01\/BC-Ranggerkoepfl20100117_81.JPG\"><img width=\"150\" height=\"150\" src=\"https:\/\/sv-oberperfuss.at\/schi\/files\/2010\/01\/BC-Ranggerkoepfl20100117_81-150x150.jpg\" class=\"attachment-thumbnail size-thumbnail\" alt loading=\"lazy\" aria-describedby=\"gallery-1-666\"><\/a>\n\t\t\t<\/dt>\n\t\t\t\t<dd class=\"wp-caption-text gallery-caption\" id=\"gallery-1-666\">\n\t\t\t\tdie Tagesschnellsten: Spiegl Melanie und Riegler Philipp&nbsp;<\/dd><\/dl><dl class=\"gallery-item\">\n\t\t\t<dt class=\"gallery-icon landscape\">\n\t\t\t\t<a href=\"https:\/\/sv-oberperfuss.at\/schi\/files\/2010\/01\/BC-Ranggerkoepfl20100117_73.JPG\"><img width=\"150\" height=\"150\" src=\"https:\/\/sv-oberperfuss.at\/schi\/files\/2010\/01\/BC-Ranggerkoepfl20100117_73-150x150.jpg\" class=\"attachment-thumbnail size-thumbnail\" alt loading=\"lazy\" aria-describedby=\"gallery-1-683\"><\/a>\n\t\t\t<\/dt>\n\t\t\t\t<dd class=\"wp-caption-text gallery-caption\" id=\"gallery-1-683\">\n\t\t\t\tSiegerehrung Kinder II b m\u00e4nnlich&nbsp;<\/dd><\/dl><dl class=\"gallery-item\">\n\t\t\t<dt class=\"gallery-icon landscape\">\n\t\t\t\t<a href=\"https:\/\/sv-oberperfuss.at\/schi\/files\/2010\/01\/BC-Ranggerkoepfl20100117_65.JPG\"><img width=\"150\" height=\"150\" src=\"https:\/\/sv-oberperfuss.at\/schi\/files\/2010\/01\/BC-Ranggerkoepfl20100117_65-150x150.jpg\" class=\"attachment-thumbnail size-thumbnail\" alt loading=\"lazy\" aria-describedby=\"gallery-1-682\"><\/a>\n\t\t\t<\/dt>\n\t\t\t\t<dd class=\"wp-caption-text gallery-caption\" id=\"gallery-1-682\">\n\t\t\t\tSiegerehrung Kinder II b weiblich&nbsp;<\/dd><\/dl><dl class=\"gallery-item\">\n\t\t\t<dt class=\"gallery-icon landscape\">\n\t\t\t\t<a href=\"https:\/\/sv-oberperfuss.at\/schi\/files\/2010\/01\/BC-Ranggerkoepfl20100117_59.JPG\"><img width=\"150\" height=\"150\" src=\"https:\/\/sv-oberperfuss.at\/schi\/files\/2010\/01\/BC-Ranggerkoepfl20100117_59-150x150.jpg\" class=\"attachment-thumbnail size-thumbnail\" alt loading=\"lazy\" aria-describedby=\"gallery-1-681\"><\/a>\n\t\t\t<\/dt>\n\t\t\t\t<dd class=\"wp-caption-text gallery-caption\" id=\"gallery-1-681\">\n\t\t\t\tSiegerehrung Kinder II a weiblich&nbsp;<\/dd><\/dl><br style=\"clear: both\"><dl class=\"gallery-item\">\n\t\t\t<dt class=\"gallery-icon landscape\">\n\t\t\t\t<a href=\"https:\/\/sv-oberperfuss.at\/schi\/files\/2010\/01\/BC-Ranggerkoepfl20100117_50.JPG\"><img width=\"150\" height=\"150\" src=\"https:\/\/sv-oberperfuss.at\/schi\/files\/2010\/01\/BC-Ranggerkoepfl20100117_50-150x150.jpg\" class=\"attachment-thumbnail size-thumbnail\" alt loading=\"lazy\" aria-describedby=\"gallery-1-680\"><\/a>\n\t\t\t<\/dt>\n\t\t\t\t<dd class=\"wp-caption-text gallery-caption\" id=\"gallery-1-680\">\n\t\t\t\tSiegerehrung Kinder I c m\u00e4nnlich&nbsp;<\/dd><\/dl><dl class=\"gallery-item\">\n\t\t\t<dt class=\"gallery-icon landscape\">\n\t\t\t\t<a href=\"https:\/\/sv-oberperfuss.at\/schi\/files\/2010\/01\/BC-Ranggerkoepfl20100117_46.JPG\"><img width=\"150\" height=\"150\" src=\"https:\/\/sv-oberperfuss.at\/schi\/files\/2010\/01\/BC-Ranggerkoepfl20100117_46-150x150.jpg\" class=\"attachment-thumbnail size-thumbnail\" alt loading=\"lazy\" aria-describedby=\"gallery-1-679\"><\/a>\n\t\t\t<\/dt>\n\t\t\t\t<dd class=\"wp-caption-text gallery-caption\" id=\"gallery-1-679\">\n\t\t\t\tDie Siegerehrung wurde durchgef\u00fchrt von Horst Lorenz in Anwesenheit von Christian Sch\u00f6pf (Obmann Sportverein)&nbsp;<\/dd><\/dl><dl class=\"gallery-item\">\n\t\t\t<dt class=\"gallery-icon landscape\">\n\t\t\t\t<a href=\"https:\/\/sv-oberperfuss.at\/schi\/files\/2010\/01\/BC-Ranggerkoepfl20100117_40.JPG\"><img width=\"150\" height=\"150\" src=\"https:\/\/sv-oberperfuss.at\/schi\/files\/2010\/01\/BC-Ranggerkoepfl20100117_40-150x150.jpg\" class=\"attachment-thumbnail size-thumbnail\" alt loading=\"lazy\" aria-describedby=\"gallery-1-678\"><\/a>\n\t\t\t<\/dt>\n\t\t\t\t<dd class=\"wp-caption-text gallery-caption\" id=\"gallery-1-678\">\n\t\t\t\tAbfalterer Sandro&nbsp;<\/dd><\/dl><dl class=\"gallery-item\">\n\t\t\t<dt class=\"gallery-icon landscape\">\n\t\t\t\t<a href=\"https:\/\/sv-oberperfuss.at\/schi\/files\/2010\/01\/Bezirkscup_Obpf_MC_17012010-098.jpg\"><img width=\"150\" height=\"150\" src=\"https:\/\/sv-oberperfuss.at\/schi\/files\/2010\/01\/Bezirkscup_Obpf_MC_17012010-098-150x150.jpg\" class=\"attachment-thumbnail size-thumbnail\" alt loading=\"lazy\" aria-describedby=\"gallery-1-754\"><\/a>\n\t\t\t<\/dt>\n\t\t\t\t<dd class=\"wp-caption-text gallery-caption\" id=\"gallery-1-754\">\n\t\t\t\tJulian Ostermann&nbsp;<\/dd><\/dl><br style=\"clear: both\"><dl class=\"gallery-item\">\n\t\t\t<dt class=\"gallery-icon landscape\">\n\t\t\t\t<a href=\"https:\/\/sv-oberperfuss.at\/schi\/files\/2010\/01\/BC-Ranggerkoepfl20100117_38.JPG\"><img width=\"150\" height=\"150\" src=\"https:\/\/sv-oberperfuss.at\/schi\/files\/2010\/01\/BC-Ranggerkoepfl20100117_38-150x150.jpg\" class=\"attachment-thumbnail size-thumbnail\" alt loading=\"lazy\" aria-describedby=\"gallery-1-677\"><\/a>\n\t\t\t<\/dt>\n\t\t\t\t<dd class=\"wp-caption-text gallery-caption\" id=\"gallery-1-677\">\n\t\t\t\tSpiegl Melanie&nbsp;<\/dd><\/dl><dl class=\"gallery-item\">\n\t\t\t<dt class=\"gallery-icon landscape\">\n\t\t\t\t<a href=\"https:\/\/sv-oberperfuss.at\/schi\/files\/2010\/01\/BC-Ranggerkoepfl20100117_33.JPG\"><img width=\"150\" height=\"150\" src=\"https:\/\/sv-oberperfuss.at\/schi\/files\/2010\/01\/BC-Ranggerkoepfl20100117_33-150x150.jpg\" class=\"attachment-thumbnail size-thumbnail\" alt loading=\"lazy\" aria-describedby=\"gallery-1-676\"><\/a>\n\t\t\t<\/dt>\n\t\t\t\t<dd class=\"wp-caption-text gallery-caption\" id=\"gallery-1-676\">\n\t\t\t\tPlunser Eva&nbsp;<\/dd><\/dl><dl class=\"gallery-item\">\n\t\t\t<dt class=\"gallery-icon landscape\">\n\t\t\t\t<a href=\"https:\/\/sv-oberperfuss.at\/schi\/files\/2010\/01\/BC-Ranggerkoepfl20100117_30.JPG\"><img width=\"150\" height=\"150\" src=\"https:\/\/sv-oberperfuss.at\/schi\/files\/2010\/01\/BC-Ranggerkoepfl20100117_30-150x150.jpg\" class=\"attachment-thumbnail size-thumbnail\" alt loading=\"lazy\" aria-describedby=\"gallery-1-675\"><\/a>\n\t\t\t<\/dt>\n\t\t\t\t<dd class=\"wp-caption-text gallery-caption\" id=\"gallery-1-675\">\n\t\t\t\tVenier Benjamin&nbsp;<\/dd><\/dl><dl class=\"gallery-item\">\n\t\t\t<dt class=\"gallery-icon landscape\">\n\t\t\t\t<a href=\"https:\/\/sv-oberperfuss.at\/schi\/files\/2010\/01\/BC-Ranggerkoepfl20100117_28.JPG\"><img width=\"150\" height=\"150\" src=\"https:\/\/sv-oberperfuss.at\/schi\/files\/2010\/01\/BC-Ranggerkoepfl20100117_28-150x150.jpg\" class=\"attachment-thumbnail size-thumbnail\" alt loading=\"lazy\" aria-describedby=\"gallery-1-674\"><\/a>\n\t\t\t<\/dt>\n\t\t\t\t<dd class=\"wp-caption-text gallery-caption\" id=\"gallery-1-674\">\n\t\t\t\tGutheinz Jonas&nbsp;<\/dd><\/dl><br style=\"clear: both\"><dl class=\"gallery-item\">\n\t\t\t<dt class=\"gallery-icon landscape\">\n\t\t\t\t<a href=\"https:\/\/sv-oberperfuss.at\/schi\/files\/2010\/01\/BC-Ranggerkoepfl20100117_23.JPG\"><img width=\"150\" height=\"150\" src=\"https:\/\/sv-oberperfuss.at\/schi\/files\/2010\/01\/BC-Ranggerkoepfl20100117_23-150x150.jpg\" class=\"attachment-thumbnail size-thumbnail\" alt loading=\"lazy\" aria-describedby=\"gallery-1-673\"><\/a>\n\t\t\t<\/dt>\n\t\t\t\t<dd class=\"wp-caption-text gallery-caption\" id=\"gallery-1-673\">\n\t\t\t\tHaider Floriana&nbsp;<\/dd><\/dl><dl class=\"gallery-item\">\n\t\t\t<dt class=\"gallery-icon landscape\">\n\t\t\t\t<a href=\"https:\/\/sv-oberperfuss.at\/schi\/files\/2010\/01\/BC-Ranggerkoepfl20100117_20.JPG\"><img width=\"150\" height=\"150\" src=\"https:\/\/sv-oberperfuss.at\/schi\/files\/2010\/01\/BC-Ranggerkoepfl20100117_20-150x150.jpg\" class=\"attachment-thumbnail size-thumbnail\" alt loading=\"lazy\" aria-describedby=\"gallery-1-672\"><\/a>\n\t\t\t<\/dt>\n\t\t\t\t<dd class=\"wp-caption-text gallery-caption\" id=\"gallery-1-672\">\n\t\t\t\tH\u00f6rtnagl Kathrin&nbsp;<\/dd><\/dl><dl class=\"gallery-item\">\n\t\t\t<dt class=\"gallery-icon landscape\">\n\t\t\t\t<a href=\"https:\/\/sv-oberperfuss.at\/schi\/files\/2010\/01\/BC-Ranggerkoepfl20100117_18.JPG\"><img width=\"150\" height=\"150\" src=\"https:\/\/sv-oberperfuss.at\/schi\/files\/2010\/01\/BC-Ranggerkoepfl20100117_18-150x150.jpg\" class=\"attachment-thumbnail size-thumbnail\" alt loading=\"lazy\" aria-describedby=\"gallery-1-671\"><\/a>\n\t\t\t<\/dt>\n\t\t\t\t<dd class=\"wp-caption-text gallery-caption\" id=\"gallery-1-671\">\n\t\t\t\tTriendl Lisa&nbsp;<\/dd><\/dl><dl class=\"gallery-item\">\n\t\t\t<dt class=\"gallery-icon landscape\">\n\t\t\t\t<a href=\"https:\/\/sv-oberperfuss.at\/schi\/files\/2010\/01\/BC-Ranggerkoepfl20100117_13.JPG\"><img width=\"150\" height=\"150\" src=\"https:\/\/sv-oberperfuss.at\/schi\/files\/2010\/01\/BC-Ranggerkoepfl20100117_13-150x150.jpg\" class=\"attachment-thumbnail size-thumbnail\" alt loading=\"lazy\" aria-describedby=\"gallery-1-670\"><\/a>\n\t\t\t<\/dt>\n\t\t\t\t<dd class=\"wp-caption-text gallery-caption\" id=\"gallery-1-670\">\n\t\t\t\tObkircher Dominik&nbsp;<\/dd><\/dl><br style=\"clear: both\"><dl class=\"gallery-item\">\n\t\t\t<dt class=\"gallery-icon landscape\">\n\t\t\t\t<a href=\"https:\/\/sv-oberperfuss.at\/schi\/files\/2010\/01\/BC-Ranggerkoepfl20100117_11.JPG\"><img width=\"150\" height=\"150\" src=\"https:\/\/sv-oberperfuss.at\/schi\/files\/2010\/01\/BC-Ranggerkoepfl20100117_11-150x150.jpg\" class=\"attachment-thumbnail size-thumbnail\" alt loading=\"lazy\" aria-describedby=\"gallery-1-669\"><\/a>\n\t\t\t<\/dt>\n\t\t\t\t<dd class=\"wp-caption-text gallery-caption\" id=\"gallery-1-669\">\n\t\t\t\tPlunser Emma&nbsp;<\/dd><\/dl><dl class=\"gallery-item\">\n\t\t\t<dt class=\"gallery-icon landscape\">\n\t\t\t\t<a href=\"https:\/\/sv-oberperfuss.at\/schi\/files\/2010\/01\/BC-Ranggerkoepfl20100117_06.JPG\"><img width=\"150\" height=\"150\" src=\"https:\/\/sv-oberperfuss.at\/schi\/files\/2010\/01\/BC-Ranggerkoepfl20100117_06-150x150.jpg\" class=\"attachment-thumbnail size-thumbnail\" alt loading=\"lazy\" aria-describedby=\"gallery-1-667\"><\/a>\n\t\t\t<\/dt>\n\t\t\t\t<dd class=\"wp-caption-text gallery-caption\" id=\"gallery-1-667\">\n\t\t\t\tHeis&nbsp;Noah&nbsp;<\/dd><\/dl><dl class=\"gallery-item\">\n\t\t\t<dt class=\"gallery-icon landscape\">\n\t\t\t\t<a href=\"https:\/\/sv-oberperfuss.at\/schi\/files\/2010\/01\/BC-Ranggerkoepfl20100117_08.JPG\"><img width=\"150\" height=\"150\" src=\"https:\/\/sv-oberperfuss.at\/schi\/files\/2010\/01\/BC-Ranggerkoepfl20100117_08-150x150.jpg\" class=\"attachment-thumbnail size-thumbnail\" alt loading=\"lazy\" aria-describedby=\"gallery-1-668\"><\/a>\n\t\t\t<\/dt>\n\t\t\t\t<dd class=\"wp-caption-text gallery-caption\" id=\"gallery-1-668\">\n\t\t\t\tFanclub&nbsp;<\/dd><\/dl>\n\t\t\t<br style=\"clear: both\">\n\t\t<\/div>\n\n","protected":false},"excerpt":{"rendered":"<p>Am Sonntag, den 17. J\u00e4nner wurde der Kinder-Bezirkscup (Ibk. Nord) vom SVO am Ranggerk\u00f6pfl bei besseren Bedingungen, als vom Wetterbericht vorhergesagt, durchgef\u00fchrt.&nbsp; Der von Hermann Plunser gesteckte Vielseitigkeitslauf wurde vom Gro\u00dfteil der 108 teilnehmenden Kinder bravour\u00f6s gemeistert.<\/p>\n","protected":false},"author":8,"featured_media":0,"comment_status":"open","ping_status":"closed","sticky":false,"template":"","format":"standard","meta":{"wp_typography_post_enhancements_disabled":false},"categories":[4],"tags":[],"_links":{"self":[{"href":"https:\/\/sv-oberperfuss.at\/schi\/wp-json\/wp\/v2\/posts\/664"}],"collection":[{"href":"https:\/\/sv-oberperfuss.at\/schi\/wp-json\/wp\/v2\/posts"}],"about":[{"href":"https:\/\/sv-oberperfuss.at\/schi\/wp-json\/wp\/v2\/types\/post"}],"author":[{"embeddable":true,"href":"https:\/\/sv-oberperfuss.at\/schi\/wp-json\/wp\/v2\/users\/8"}],"replies":[{"embeddable":true,"href":"https:\/\/sv-oberperfuss.at\/schi\/wp-json\/wp\/v2\/comments?post=664"}],"version-history":[{"count":35,"href":"https:\/\/sv-oberperfuss.at\/schi\/wp-json\/wp\/v2\/posts\/664\/revisions"}],"predecessor-version":[{"id":11166,"href":"https:\/\/sv-oberperfuss.at\/schi\/wp-json\/wp\/v2\/posts\/664\/revisions\/11166"}],"wp:attachment":[{"href":"https:\/\/sv-oberperfuss.at\/schi\/wp-json\/wp\/v2\/media?parent=664"}],"wp:term":[{"taxonomy":"category","embeddable":true,"href":"https:\/\/sv-oberperfuss.at\/schi\/wp-json\/wp\/v2\/categories?post=664"},{"taxonomy":"post_tag","embeddable":true,"href":"https:\/\/sv-oberperfuss.at\/schi\/wp-json\/wp\/v2\/tags?post=664"}],"curies":[{"name":"wp","href":"https:\/\/api.w.org\/{rel}","templated":true}]}}