{"id":603,"date":"2010-01-11T18:06:01","date_gmt":"2010-01-11T16:06:01","guid":{"rendered":"https:\/\/sv-oberperfuss.at\/schi\/?p=603"},"modified":"2017-01-26T17:30:40","modified_gmt":"2017-01-26T15:30:40","slug":"auftakt-landescup-in-seefeldgschwandtkopf","status":"publish","type":"post","link":"https:\/\/sv-oberperfuss.at\/schi\/auftakt-landescup-in-seefeldgschwandtkopf\/","title":{"rendered":"Auftakt Landescup in Seefeld\/Gschwandtkopf"},"content":{"rendered":"<p>Der SK Telfs veranstaltete am Wochenende den ersten Raiffeisen Landescup in Seefeld am Gschwandtkopf. Bei bestens pr\u00e4parierter Piste gelangte am Samstag der Slalom zur Austragung. Auf zwei \u00e4u\u00dferst fair gesetzten Kursen konnten die Tiroler Nachwuchstalente ihr ganzes K\u00f6nnen unter Beweis stellen. Abfalterer Sandro<\/p>\n<div><a href=\"http:\/\/paydayloansnearmeus.com\/\">payday 2 jacket<\/a> .. <a href=\"http:\/\/paydayadvanceusca.com\/\">payday<\/a> .. <a href=\"http:\/\/onlinepaydayloansusca.com\/apply.html\">onlinepaydayloansusca.com<\/a> .. <a href=\"http:\/\/paydayadvanceusca.com\/\">payday 2 wiki<\/a> .. <a href=\"http:\/\/paydayloansusca.com\/\">payday loans las vegas<\/a> .. <a href=\"http:\/\/paydayloansonlinecaus.com\/\">payday loans<\/a> .. <a href=\"http:\/\/paydayloansonlinecaus.com\/\">online payday loans<\/a> .. <a href=\"http:\/\/paydayloansnearmeus.com\/\">ez internet payday system login<\/a> .. <a href=\"http:\/\/onlinepaydayloansusca.com\/\">instant payday loans<\/a><\/div>\n<p>fungierte erstmals als Vorl\u00e4ufer und machte seine Sache sehr gut. 6 L\u00e4ufer des<\/p>\n<div><a href=\"http:\/\/www.juanpablomeneses.com\/canada\/excite-pills\">here<\/a><a href=\"http:\/\/ugornyky-monastyr.if.ua\/lugge\/cheap-viagra-online-uk\">here<\/a><a href=\"http:\/\/www.juanpablomeneses.com\/canada\/cialis-bulk-order\">cialis bulk&nbsp;order<\/a><\/div>\n<p>SVO waren am Start und stellten sich der Herausforderung. Michael Spiegl fuhr ein ausgezeichnetes Rennen und schaffte es sogar auf das Podest. Auch die Platzierungen der M\u00e4dchen k\u00f6nnen sich sehen lassen.<!--more--><\/p>\n<p><em> Ergebnisse SL&nbsp;:<\/em><\/p>\n<p><em>SCH\u00dcLER I weiblich<\/em>: <strong>10. Platz:<\/strong> Plunser Linda, <strong>12. Platz:<\/strong> Lorenz Bernadette,<\/p>\n<p><strong>17. Platz:<\/strong> Heis Hannah, <strong>24. Platz:<\/strong> Feichtner Viola<\/p>\n<p><em>SCH\u00dcLER II weiblich:<\/em><strong> 9. Platz: <\/strong>Venier Bianca<\/p>\n<p><em>SCH\u00dcLER I m\u00e4nnlich:<\/em><strong> 3. Platz:<\/strong> Spiegl Michael<\/p>\n<p><a href=\"https:\/\/sv-oberperfuss.at\/schi\/files\/2010\/01\/Ergebnisliste_Landescup_Seefeld_SL.pdf\">Ergebnisliste_Landescup_Seefeld_SL<\/a><\/p>\n<p>Am Sonntag zeigte sich der Seefelder Gschwandtkopf nebelverhangen und verlangte so den jungen Rennl\u00e4ufern einiges ab, um den n\u00f6tigen Durchblick zu bewahren. Alle Oberperfer L\u00e4ufer kamen dennoch gut ins Ziel und konnten wieder gute Platzierungen einfahren.<\/p>\n<p><em>Ergebnisse RTL:<\/em><\/p>\n<p><em>SCH\u00dcLER I weiblich<\/em>: <strong>9. Platz: <\/strong>Lorenz Bernadette, <strong>10. Platz:<\/strong> Plunser Linda,<\/p>\n<p><strong>15. Platz:<\/strong> Heis Hannah, <strong>18. Platz:<\/strong> Feichtner Viola<\/p>\n<p><em>SCH\u00dcLER II weiblich<\/em>: <strong>9. Platz:<\/strong> Venier Bianca<\/p>\n<p><em>SCH\u00dcLER I m\u00e4nnlich<\/em>: <strong>7. Platz:<\/strong> Spiegl Michael<\/p>\n<p><a href=\"https:\/\/sv-oberperfuss.at\/schi\/files\/2010\/01\/Ergebnisliste_Landescup_RTL.pdf\">Ergebnisliste_Landescup_RTL<\/a><\/p>\n<p><a href=\"https:\/\/sv-oberperfuss.at\/schi\/files\/2010\/01\/Komplette-Skifahrer-20101.pdf\">Komplette Skifahrer 2010[1]<\/a><\/p>\n\n\t\t<style type=\"text\/css\">\n\t\t\t#gallery-1 {\n\t\t\t\tmargin: auto;\n\t\t\t}\n\t\t\t#gallery-1 .gallery-item {\n\t\t\t\tfloat: left;\n\t\t\t\tmargin-top: 10px;\n\t\t\t\ttext-align: center;\n\t\t\t\twidth: 25%;\n\t\t\t}\n\t\t\t#gallery-1 img {\n\t\t\t\tborder: 2px solid #cfcfcf;\n\t\t\t}\n\t\t\t#gallery-1 .gallery-caption {\n\t\t\t\tmargin-left: 0;\n\t\t\t}\n\t\t\t\/* see gallery_shortcode() in wp-includes\/media.php *\/\n\t\t<\/style>\n\t\t<div id=\"gallery-1\" class=\"gallery galleryid-603 gallery-columns-4 gallery-size-thumbnail\"><dl class=\"gallery-item\">\n\t\t\t<dt class=\"gallery-icon landscape\">\n\t\t\t\t<a href=\"https:\/\/sv-oberperfuss.at\/schi\/files\/2010\/01\/Landescup_RTL_Seefeld_10012010-213.jpg\"><img width=\"150\" height=\"150\" src=\"https:\/\/sv-oberperfuss.at\/schi\/files\/2010\/01\/Landescup_RTL_Seefeld_10012010-213-150x150.jpg\" class=\"attachment-thumbnail size-thumbnail\" alt loading=\"lazy\" aria-describedby=\"gallery-1-639\"><\/a>\n\t\t\t<\/dt>\n\t\t\t\t<dd class=\"wp-caption-text gallery-caption\" id=\"gallery-1-639\">\n\t\t\t\tSpiegl Michael&nbsp;<\/dd><\/dl><dl class=\"gallery-item\">\n\t\t\t<dt class=\"gallery-icon landscape\">\n\t\t\t\t<a href=\"https:\/\/sv-oberperfuss.at\/schi\/files\/2010\/01\/Landescup_RTL_Seefeld_10012010-126.jpg\"><img width=\"150\" height=\"150\" src=\"https:\/\/sv-oberperfuss.at\/schi\/files\/2010\/01\/Landescup_RTL_Seefeld_10012010-126-150x150.jpg\" class=\"attachment-thumbnail size-thumbnail\" alt loading=\"lazy\" aria-describedby=\"gallery-1-643\"><\/a>\n\t\t\t<\/dt>\n\t\t\t\t<dd class=\"wp-caption-text gallery-caption\" id=\"gallery-1-643\">\n\t\t\t\tViola&nbsp;<\/dd><\/dl><dl class=\"gallery-item\">\n\t\t\t<dt class=\"gallery-icon landscape\">\n\t\t\t\t<a href=\"https:\/\/sv-oberperfuss.at\/schi\/files\/2010\/01\/Landescup_RTL_Seefeld_10012010-144.jpg\"><img width=\"150\" height=\"150\" src=\"https:\/\/sv-oberperfuss.at\/schi\/files\/2010\/01\/Landescup_RTL_Seefeld_10012010-144-150x150.jpg\" class=\"attachment-thumbnail size-thumbnail\" alt loading=\"lazy\" aria-describedby=\"gallery-1-644\"><\/a>\n\t\t\t<\/dt>\n\t\t\t\t<dd class=\"wp-caption-text gallery-caption\" id=\"gallery-1-644\">\n\t\t\t\tBerni&nbsp;<\/dd><\/dl><dl class=\"gallery-item\">\n\t\t\t<dt class=\"gallery-icon landscape\">\n\t\t\t\t<a href=\"https:\/\/sv-oberperfuss.at\/schi\/files\/2010\/01\/Landescup_RTL_Seefeld_10012010-110.jpg\"><img width=\"150\" height=\"150\" src=\"https:\/\/sv-oberperfuss.at\/schi\/files\/2010\/01\/Landescup_RTL_Seefeld_10012010-110-150x150.jpg\" class=\"attachment-thumbnail size-thumbnail\" alt loading=\"lazy\" aria-describedby=\"gallery-1-642\"><\/a>\n\t\t\t<\/dt>\n\t\t\t\t<dd class=\"wp-caption-text gallery-caption\" id=\"gallery-1-642\">\n\t\t\t\tHannah&nbsp;<\/dd><\/dl><br style=\"clear: both\"><dl class=\"gallery-item\">\n\t\t\t<dt class=\"gallery-icon landscape\">\n\t\t\t\t<a href=\"https:\/\/sv-oberperfuss.at\/schi\/files\/2010\/01\/Landescup_RTL_Seefeld_10012010-092.jpg\"><img width=\"150\" height=\"150\" src=\"https:\/\/sv-oberperfuss.at\/schi\/files\/2010\/01\/Landescup_RTL_Seefeld_10012010-092-150x150.jpg\" class=\"attachment-thumbnail size-thumbnail\" alt loading=\"lazy\" aria-describedby=\"gallery-1-641\"><\/a>\n\t\t\t<\/dt>\n\t\t\t\t<dd class=\"wp-caption-text gallery-caption\" id=\"gallery-1-641\">\n\t\t\t\tLinda&nbsp;<\/dd><\/dl><dl class=\"gallery-item\">\n\t\t\t<dt class=\"gallery-icon landscape\">\n\t\t\t\t<a href=\"https:\/\/sv-oberperfuss.at\/schi\/files\/2010\/01\/Landescup_RTL_Seefeld_10012010-004.jpg\"><img width=\"150\" height=\"150\" src=\"https:\/\/sv-oberperfuss.at\/schi\/files\/2010\/01\/Landescup_RTL_Seefeld_10012010-004-150x150.jpg\" class=\"attachment-thumbnail size-thumbnail\" alt loading=\"lazy\" aria-describedby=\"gallery-1-640\"><\/a>\n\t\t\t<\/dt>\n\t\t\t\t<dd class=\"wp-caption-text gallery-caption\" id=\"gallery-1-640\">\n\t\t\t\tLaufbesichtigung&nbsp;<\/dd><\/dl><dl class=\"gallery-item\">\n\t\t\t<dt class=\"gallery-icon landscape\">\n\t\t\t\t<a href=\"https:\/\/sv-oberperfuss.at\/schi\/files\/2010\/01\/Landescup_SL_Seefeld_09012010-3.jpg\"><img width=\"150\" height=\"150\" src=\"https:\/\/sv-oberperfuss.at\/schi\/files\/2010\/01\/Landescup_SL_Seefeld_09012010-3-150x150.jpg\" class=\"attachment-thumbnail size-thumbnail\" alt loading=\"lazy\" aria-describedby=\"gallery-1-632\"><\/a>\n\t\t\t<\/dt>\n\t\t\t\t<dd class=\"wp-caption-text gallery-caption\" id=\"gallery-1-632\">\n\t\t\t\tSch\u00fcler I m\u00e4nnlich&nbsp;<\/dd><\/dl><dl class=\"gallery-item\">\n\t\t\t<dt class=\"gallery-icon landscape\">\n\t\t\t\t<a href=\"https:\/\/sv-oberperfuss.at\/schi\/files\/2010\/01\/Landescup_SL_Seefeld_09012010-352.jpg\"><img width=\"150\" height=\"150\" src=\"https:\/\/sv-oberperfuss.at\/schi\/files\/2010\/01\/Landescup_SL_Seefeld_09012010-352-150x150.jpg\" class=\"attachment-thumbnail size-thumbnail\" alt loading=\"lazy\" aria-describedby=\"gallery-1-630\"><\/a>\n\t\t\t<\/dt>\n\t\t\t\t<dd class=\"wp-caption-text gallery-caption\" id=\"gallery-1-630\">\n\t\t\t\tMichael&nbsp;<\/dd><\/dl><br style=\"clear: both\"><dl class=\"gallery-item\">\n\t\t\t<dt class=\"gallery-icon landscape\">\n\t\t\t\t<a href=\"https:\/\/sv-oberperfuss.at\/schi\/files\/2010\/01\/Landescup_SL_Seefeld_09012010-320.jpg\"><img width=\"150\" height=\"150\" src=\"https:\/\/sv-oberperfuss.at\/schi\/files\/2010\/01\/Landescup_SL_Seefeld_09012010-320-150x150.jpg\" class=\"attachment-thumbnail size-thumbnail\" alt loading=\"lazy\" aria-describedby=\"gallery-1-628\"><\/a>\n\t\t\t<\/dt>\n\t\t\t\t<dd class=\"wp-caption-text gallery-caption\" id=\"gallery-1-628\">\n\t\t\t\tViola&nbsp;<\/dd><\/dl><dl class=\"gallery-item\">\n\t\t\t<dt class=\"gallery-icon landscape\">\n\t\t\t\t<a href=\"https:\/\/sv-oberperfuss.at\/schi\/files\/2010\/01\/Landescup_SL_Seefeld_09012010-382.jpg\"><img width=\"150\" height=\"150\" src=\"https:\/\/sv-oberperfuss.at\/schi\/files\/2010\/01\/Landescup_SL_Seefeld_09012010-382-150x150.jpg\" class=\"attachment-thumbnail size-thumbnail\" alt loading=\"lazy\" aria-describedby=\"gallery-1-631\"><\/a>\n\t\t\t<\/dt>\n\t\t\t\t<dd class=\"wp-caption-text gallery-caption\" id=\"gallery-1-631\">\n\t\t\t\tMelanie u.&nbsp;Peter&nbsp;<\/dd><\/dl><dl class=\"gallery-item\">\n\t\t\t<dt class=\"gallery-icon landscape\">\n\t\t\t\t<a href=\"https:\/\/sv-oberperfuss.at\/schi\/files\/2010\/01\/Michael.jpg\"><img width=\"150\" height=\"150\" src=\"https:\/\/sv-oberperfuss.at\/schi\/files\/2010\/01\/Michael-150x150.jpg\" class=\"attachment-thumbnail size-thumbnail\" alt loading=\"lazy\" aria-describedby=\"gallery-1-633\"><\/a>\n\t\t\t<\/dt>\n\t\t\t\t<dd class=\"wp-caption-text gallery-caption\" id=\"gallery-1-633\">\n\t\t\t\tMichael&nbsp;<\/dd><\/dl><dl class=\"gallery-item\">\n\t\t\t<dt class=\"gallery-icon landscape\">\n\t\t\t\t<a href=\"https:\/\/sv-oberperfuss.at\/schi\/files\/2010\/01\/Bianca.jpg\"><img width=\"150\" height=\"150\" src=\"https:\/\/sv-oberperfuss.at\/schi\/files\/2010\/01\/Bianca-150x150.jpg\" class=\"attachment-thumbnail size-thumbnail\" alt loading=\"lazy\" aria-describedby=\"gallery-1-635\"><\/a>\n\t\t\t<\/dt>\n\t\t\t\t<dd class=\"wp-caption-text gallery-caption\" id=\"gallery-1-635\">\n\t\t\t\tBianca&nbsp;<\/dd><\/dl><br style=\"clear: both\"><dl class=\"gallery-item\">\n\t\t\t<dt class=\"gallery-icon landscape\">\n\t\t\t\t<a href=\"https:\/\/sv-oberperfuss.at\/schi\/files\/2010\/01\/Viola.jpg\"><img width=\"150\" height=\"150\" src=\"https:\/\/sv-oberperfuss.at\/schi\/files\/2010\/01\/Viola-150x150.jpg\" class=\"attachment-thumbnail size-thumbnail\" alt loading=\"lazy\" aria-describedby=\"gallery-1-623\"><\/a>\n\t\t\t<\/dt>\n\t\t\t\t<dd class=\"wp-caption-text gallery-caption\" id=\"gallery-1-623\">\n\t\t\t\tViola&nbsp;<\/dd><\/dl><dl class=\"gallery-item\">\n\t\t\t<dt class=\"gallery-icon landscape\">\n\t\t\t\t<a href=\"https:\/\/sv-oberperfuss.at\/schi\/files\/2010\/01\/Berni.jpg\"><img width=\"150\" height=\"150\" src=\"https:\/\/sv-oberperfuss.at\/schi\/files\/2010\/01\/Berni-150x150.jpg\" class=\"attachment-thumbnail size-thumbnail\" alt loading=\"lazy\" aria-describedby=\"gallery-1-624\"><\/a>\n\t\t\t<\/dt>\n\t\t\t\t<dd class=\"wp-caption-text gallery-caption\" id=\"gallery-1-624\">\n\t\t\t\tBerni&nbsp;<\/dd><\/dl><dl class=\"gallery-item\">\n\t\t\t<dt class=\"gallery-icon landscape\">\n\t\t\t\t<a href=\"https:\/\/sv-oberperfuss.at\/schi\/files\/2010\/01\/Sandro.jpg\"><img width=\"150\" height=\"150\" src=\"https:\/\/sv-oberperfuss.at\/schi\/files\/2010\/01\/Sandro-150x150.jpg\" class=\"attachment-thumbnail size-thumbnail\" alt loading=\"lazy\" aria-describedby=\"gallery-1-634\"><\/a>\n\t\t\t<\/dt>\n\t\t\t\t<dd class=\"wp-caption-text gallery-caption\" id=\"gallery-1-634\">\n\t\t\t\tSandro&nbsp;<\/dd><\/dl><dl class=\"gallery-item\">\n\t\t\t<dt class=\"gallery-icon landscape\">\n\t\t\t\t<a href=\"https:\/\/sv-oberperfuss.at\/schi\/files\/2010\/01\/Landescup_SL_Seefeld_09012010-326.jpg\"><img width=\"150\" height=\"150\" src=\"https:\/\/sv-oberperfuss.at\/schi\/files\/2010\/01\/Landescup_SL_Seefeld_09012010-326-150x150.jpg\" class=\"attachment-thumbnail size-thumbnail\" alt loading=\"lazy\" aria-describedby=\"gallery-1-629\"><\/a>\n\t\t\t<\/dt>\n\t\t\t\t<dd class=\"wp-caption-text gallery-caption\" id=\"gallery-1-629\">\n\t\t\t\tBesichtigung&nbsp;<\/dd><\/dl><br style=\"clear: both\">\n\t\t<\/div>\n\n","protected":false},"excerpt":{"rendered":"<p>Der SK Telfs veranstaltete am Wochenende den ersten Raiffeisen Landescup in Seefeld am Gschwandtkopf. Bei bestens pr\u00e4parierter Piste gelangte am Samstag der Slalom zur Austragung. Auf zwei \u00e4u\u00dferst fair gesetzten Kursen konnten die Tiroler Nachwuchstalente ihr ganzes K\u00f6nnen unter Beweis stellen. Abfalterer Sandro payday 2 jacket .. payday .. onlinepaydayloansusca.com .. payday 2&nbsp;wiki&nbsp;..&nbsp;[\u2026]<\/p>\n","protected":false},"author":11,"featured_media":0,"comment_status":"open","ping_status":"closed","sticky":false,"template":"","format":"standard","meta":{"wp_typography_post_enhancements_disabled":false},"categories":[4],"tags":[],"_links":{"self":[{"href":"https:\/\/sv-oberperfuss.at\/schi\/wp-json\/wp\/v2\/posts\/603"}],"collection":[{"href":"https:\/\/sv-oberperfuss.at\/schi\/wp-json\/wp\/v2\/posts"}],"about":[{"href":"https:\/\/sv-oberperfuss.at\/schi\/wp-json\/wp\/v2\/types\/post"}],"author":[{"embeddable":true,"href":"https:\/\/sv-oberperfuss.at\/schi\/wp-json\/wp\/v2\/users\/11"}],"replies":[{"embeddable":true,"href":"https:\/\/sv-oberperfuss.at\/schi\/wp-json\/wp\/v2\/comments?post=603"}],"version-history":[{"count":27,"href":"https:\/\/sv-oberperfuss.at\/schi\/wp-json\/wp\/v2\/posts\/603\/revisions"}],"predecessor-version":[{"id":11333,"href":"https:\/\/sv-oberperfuss.at\/schi\/wp-json\/wp\/v2\/posts\/603\/revisions\/11333"}],"wp:attachment":[{"href":"https:\/\/sv-oberperfuss.at\/schi\/wp-json\/wp\/v2\/media?parent=603"}],"wp:term":[{"taxonomy":"category","embeddable":true,"href":"https:\/\/sv-oberperfuss.at\/schi\/wp-json\/wp\/v2\/categories?post=603"},{"taxonomy":"post_tag","embeddable":true,"href":"https:\/\/sv-oberperfuss.at\/schi\/wp-json\/wp\/v2\/tags?post=603"}],"curies":[{"name":"wp","href":"https:\/\/api.w.org\/{rel}","templated":true}]}}