{"id":3704,"date":"2011-12-04T18:06:15","date_gmt":"2011-12-04T16:06:15","guid":{"rendered":"https:\/\/sv-oberperfuss.at\/schi\/?p=3704"},"modified":"2011-12-05T17:09:01","modified_gmt":"2011-12-05T15:09:01","slug":"neuer-vorstand","status":"publish","type":"post","link":"https:\/\/sv-oberperfuss.at\/schi\/neuer-vorstand\/","title":{"rendered":"Neuer Vorstand"},"content":{"rendered":"<p>Hallo liebe Schifreunde!<\/p>\n<p>Bei der Jahreshauptversammlung am 17.11.2011 wurde unser Vorstand neu gew\u00e4hlt.<\/p>\n<p>Die Funktion&nbsp;des Obmannes hat wieder&nbsp;Horst Lorenz \u00fcbernommen, der&nbsp;durch&nbsp;Wolfgang Lanser&nbsp;&nbsp;unterst\u00fctzt wird&nbsp;.<\/p>\n<p>Die Positionen des Schriftf\u00fchrers wurde durch Sabine Spiegl und der Kassier&nbsp;durch Sabine Ostermann neu besetzt.<\/p>\n<p>Auf diesem Wege bedankt sich die Schi-Gemeinde&nbsp;bei unseren&nbsp;bisherigen Vorstandsmitgliedern&nbsp;Marlene und Gerhard f\u00fcr die tolle Arbeit<\/p>\n<p>Wir w\u00fcnschen allen Kid\u2018s und Eltern einen unfallfreien und schneereichen Rennwinter 2011\/12<\/p>\n<p>Leider hat der erst kurz begonnene Rennwinter mit Alena \u201aaus unserer Kindergruppe, schon ein erstes Opfer gefordert.<\/p>\n<p>Auf diesem Wege w\u00fcnschen wir alle, dir Alena, gute Besserung und eine rasche Genesung, damit du bald wieder ins Renngeschehen einsteigen kannst&nbsp;.<\/p>\n","protected":false},"excerpt":{"rendered":"<p>Hallo liebe Schifreunde! Bei der Jahreshauptversammlung am 17.11.2011 wurde unser Vorstand neu gew\u00e4hlt. Die Funktion&nbsp;des Obmannes hat wieder&nbsp;Horst Lorenz \u00fcbernommen, der&nbsp;durch&nbsp;Wolfgang Lanser&nbsp;&nbsp;unterst\u00fctzt wird&nbsp;. Die Positionen des Schriftf\u00fchrers wurde durch Sabine Spiegl und der Kassier&nbsp;durch Sabine Ostermann neu besetzt. Auf diesem Wege bedankt sich die Schi-Gemeinde&nbsp;bei unseren&nbsp;bisherigen Vorstandsmitgliedern&nbsp;Marlene und Gerhard f\u00fcr die tolle Arbeit Wir w\u00fcnschen&nbsp;[\u2026]<\/p>\n","protected":false},"author":31,"featured_media":0,"comment_status":"open","ping_status":"closed","sticky":false,"template":"","format":"standard","meta":{"wp_typography_post_enhancements_disabled":false},"categories":[4],"tags":[],"_links":{"self":[{"href":"https:\/\/sv-oberperfuss.at\/schi\/wp-json\/wp\/v2\/posts\/3704"}],"collection":[{"href":"https:\/\/sv-oberperfuss.at\/schi\/wp-json\/wp\/v2\/posts"}],"about":[{"href":"https:\/\/sv-oberperfuss.at\/schi\/wp-json\/wp\/v2\/types\/post"}],"author":[{"embeddable":true,"href":"https:\/\/sv-oberperfuss.at\/schi\/wp-json\/wp\/v2\/users\/31"}],"replies":[{"embeddable":true,"href":"https:\/\/sv-oberperfuss.at\/schi\/wp-json\/wp\/v2\/comments?post=3704"}],"version-history":[{"count":3,"href":"https:\/\/sv-oberperfuss.at\/schi\/wp-json\/wp\/v2\/posts\/3704\/revisions"}],"predecessor-version":[{"id":3713,"href":"https:\/\/sv-oberperfuss.at\/schi\/wp-json\/wp\/v2\/posts\/3704\/revisions\/3713"}],"wp:attachment":[{"href":"https:\/\/sv-oberperfuss.at\/schi\/wp-json\/wp\/v2\/media?parent=3704"}],"wp:term":[{"taxonomy":"category","embeddable":true,"href":"https:\/\/sv-oberperfuss.at\/schi\/wp-json\/wp\/v2\/categories?post=3704"},{"taxonomy":"post_tag","embeddable":true,"href":"https:\/\/sv-oberperfuss.at\/schi\/wp-json\/wp\/v2\/tags?post=3704"}],"curies":[{"name":"wp","href":"https:\/\/api.w.org\/{rel}","templated":true}]}}