{"id":2901,"date":"2011-02-18T18:19:50","date_gmt":"2011-02-18T16:19:50","guid":{"rendered":"https:\/\/sv-oberperfuss.at\/schi\/?p=2901"},"modified":"2016-11-19T18:23:04","modified_gmt":"2016-11-19T16:23:04","slug":"ortsschulerschirennen-am-ranggerkopfl","status":"publish","type":"post","link":"https:\/\/sv-oberperfuss.at\/schi\/ortsschulerschirennen-am-ranggerkopfl\/","title":{"rendered":"Ortssch\u00fclerschirennen am Ranggerk\u00f6pfl"},"content":{"rendered":"<p>Bei wundersch\u00f6nem Fr\u00fchlingswetter konnte heute am Ranggerk\u00f6pfl trotz geringer Schneelage das Ortssch\u00fclerschirennen von statten gehen. Am Start waren zirka 40 Kinder, die den von Helli Lorenz&nbsp; gesetzten Lauf gut meistern konnten.<\/p>\n<p><!--more-->Leider ist das diesj\u00e4hrige Rennen nicht ohne Unfall abgegangen. Wir w\u00fcnschen dir, liebe Kathrin, aber auf diesen Wege alles Gute und baldige Genesung!<\/p>\n<p>Die Siegerehrung findet am Samstag, den <strong>26. Februar um 17.30 Uhr<\/strong> im Mehrzwecksaal statt.<\/p>\n<p>Ab 20.30 Uhr laden wir zur <em><strong>Apres-Ski-Party<\/strong><\/em> mit Maskenpr\u00e4mierung, den Rosskogelbuam, der Oberperfer Faschingsgilde und einer gro\u00dfen Tombola!!<\/p>\n\n\t\t<style type=\"text\/css\">\n\t\t\t#gallery-1 {\n\t\t\t\tmargin: auto;\n\t\t\t}\n\t\t\t#gallery-1 .gallery-item {\n\t\t\t\tfloat: left;\n\t\t\t\tmargin-top: 10px;\n\t\t\t\ttext-align: center;\n\t\t\t\twidth: 20%;\n\t\t\t}\n\t\t\t#gallery-1 img {\n\t\t\t\tborder: 2px solid #cfcfcf;\n\t\t\t}\n\t\t\t#gallery-1 .gallery-caption {\n\t\t\t\tmargin-left: 0;\n\t\t\t}\n\t\t\t\/* see gallery_shortcode() in wp-includes\/media.php *\/\n\t\t<\/style>\n\t\t<div id=\"gallery-1\" class=\"gallery galleryid-2901 gallery-columns-5 gallery-size-thumbnail\"><dl class=\"gallery-item\">\n\t\t\t<dt class=\"gallery-icon landscape\">\n\t\t\t\t<a href=\"https:\/\/sv-oberperfuss.at\/schi\/files\/2011\/02\/Ortsschuelerschitag20110218_140-96.jpg\"><img width=\"150\" height=\"150\" src=\"https:\/\/sv-oberperfuss.at\/schi\/files\/2011\/02\/Ortsschuelerschitag20110218_140-96-150x150.jpg\" class=\"attachment-thumbnail size-thumbnail\" alt loading=\"lazy\"><\/a>\n\t\t\t<\/dt><\/dl><dl class=\"gallery-item\">\n\t\t\t<dt class=\"gallery-icon landscape\">\n\t\t\t\t<a href=\"https:\/\/sv-oberperfuss.at\/schi\/files\/2011\/02\/Ortsschuelerschitag20110218_135-95.jpg\"><img width=\"150\" height=\"150\" src=\"https:\/\/sv-oberperfuss.at\/schi\/files\/2011\/02\/Ortsschuelerschitag20110218_135-95-150x150.jpg\" class=\"attachment-thumbnail size-thumbnail\" alt loading=\"lazy\"><\/a>\n\t\t\t<\/dt><\/dl><dl class=\"gallery-item\">\n\t\t\t<dt class=\"gallery-icon landscape\">\n\t\t\t\t<a href=\"https:\/\/sv-oberperfuss.at\/schi\/files\/2011\/02\/Ortsschuelerschitag20110218_128-94.jpg\"><img width=\"150\" height=\"150\" src=\"https:\/\/sv-oberperfuss.at\/schi\/files\/2011\/02\/Ortsschuelerschitag20110218_128-94-150x150.jpg\" class=\"attachment-thumbnail size-thumbnail\" alt loading=\"lazy\"><\/a>\n\t\t\t<\/dt><\/dl><dl class=\"gallery-item\">\n\t\t\t<dt class=\"gallery-icon landscape\">\n\t\t\t\t<a href=\"https:\/\/sv-oberperfuss.at\/schi\/files\/2011\/02\/Ortsschuelerschitag20110218_120-93.jpg\"><img width=\"150\" height=\"150\" src=\"https:\/\/sv-oberperfuss.at\/schi\/files\/2011\/02\/Ortsschuelerschitag20110218_120-93-150x150.jpg\" class=\"attachment-thumbnail size-thumbnail\" alt loading=\"lazy\"><\/a>\n\t\t\t<\/dt><\/dl><dl class=\"gallery-item\">\n\t\t\t<dt class=\"gallery-icon landscape\">\n\t\t\t\t<a href=\"https:\/\/sv-oberperfuss.at\/schi\/files\/2011\/02\/Ortsschuelerschitag20110218_118-87.jpg\"><img width=\"150\" height=\"150\" src=\"https:\/\/sv-oberperfuss.at\/schi\/files\/2011\/02\/Ortsschuelerschitag20110218_118-87-150x150.jpg\" class=\"attachment-thumbnail size-thumbnail\" alt loading=\"lazy\"><\/a>\n\t\t\t<\/dt><\/dl><br style=\"clear: both\"><dl class=\"gallery-item\">\n\t\t\t<dt class=\"gallery-icon landscape\">\n\t\t\t\t<a href=\"https:\/\/sv-oberperfuss.at\/schi\/files\/2011\/02\/Ortsschuelerschitag20110218_113-96.jpg\"><img width=\"150\" height=\"150\" src=\"https:\/\/sv-oberperfuss.at\/schi\/files\/2011\/02\/Ortsschuelerschitag20110218_113-96-150x150.jpg\" class=\"attachment-thumbnail size-thumbnail\" alt loading=\"lazy\"><\/a>\n\t\t\t<\/dt><\/dl><dl class=\"gallery-item\">\n\t\t\t<dt class=\"gallery-icon landscape\">\n\t\t\t\t<a href=\"https:\/\/sv-oberperfuss.at\/schi\/files\/2011\/02\/Ortsschuelerschitag20110218_142-85.jpg\"><img width=\"150\" height=\"150\" src=\"https:\/\/sv-oberperfuss.at\/schi\/files\/2011\/02\/Ortsschuelerschitag20110218_142-85-150x150.jpg\" class=\"attachment-thumbnail size-thumbnail\" alt loading=\"lazy\"><\/a>\n\t\t\t<\/dt><\/dl><dl class=\"gallery-item\">\n\t\t\t<dt class=\"gallery-icon landscape\">\n\t\t\t\t<a href=\"https:\/\/sv-oberperfuss.at\/schi\/files\/2011\/02\/Ortsschuelerschitag20110218_108-94.jpg\"><img width=\"150\" height=\"150\" src=\"https:\/\/sv-oberperfuss.at\/schi\/files\/2011\/02\/Ortsschuelerschitag20110218_108-94-150x150.jpg\" class=\"attachment-thumbnail size-thumbnail\" alt loading=\"lazy\"><\/a>\n\t\t\t<\/dt><\/dl><dl class=\"gallery-item\">\n\t\t\t<dt class=\"gallery-icon landscape\">\n\t\t\t\t<a href=\"https:\/\/sv-oberperfuss.at\/schi\/files\/2011\/02\/Ortsschuelerschitag20110218_106-93.jpg\"><img width=\"150\" height=\"150\" src=\"https:\/\/sv-oberperfuss.at\/schi\/files\/2011\/02\/Ortsschuelerschitag20110218_106-93-150x150.jpg\" class=\"attachment-thumbnail size-thumbnail\" alt loading=\"lazy\"><\/a>\n\t\t\t<\/dt><\/dl><dl class=\"gallery-item\">\n\t\t\t<dt class=\"gallery-icon landscape\">\n\t\t\t\t<a href=\"https:\/\/sv-oberperfuss.at\/schi\/files\/2011\/02\/Ortsschuelerschitag20110218_103-82.jpg\"><img width=\"150\" height=\"150\" src=\"https:\/\/sv-oberperfuss.at\/schi\/files\/2011\/02\/Ortsschuelerschitag20110218_103-82-150x150.jpg\" class=\"attachment-thumbnail size-thumbnail\" alt loading=\"lazy\"><\/a>\n\t\t\t<\/dt><\/dl><br style=\"clear: both\"><dl class=\"gallery-item\">\n\t\t\t<dt class=\"gallery-icon landscape\">\n\t\t\t\t<a href=\"https:\/\/sv-oberperfuss.at\/schi\/files\/2011\/02\/Ortsschuelerschitag20110218_97-91.jpg\"><img width=\"150\" height=\"150\" src=\"https:\/\/sv-oberperfuss.at\/schi\/files\/2011\/02\/Ortsschuelerschitag20110218_97-91-150x150.jpg\" class=\"attachment-thumbnail size-thumbnail\" alt loading=\"lazy\"><\/a>\n\t\t\t<\/dt><\/dl><dl class=\"gallery-item\">\n\t\t\t<dt class=\"gallery-icon landscape\">\n\t\t\t\t<a href=\"https:\/\/sv-oberperfuss.at\/schi\/files\/2011\/02\/Ortsschuelerschitag20110218_94-75.jpg\"><img width=\"150\" height=\"150\" src=\"https:\/\/sv-oberperfuss.at\/schi\/files\/2011\/02\/Ortsschuelerschitag20110218_94-75-150x150.jpg\" class=\"attachment-thumbnail size-thumbnail\" alt loading=\"lazy\"><\/a>\n\t\t\t<\/dt><\/dl><dl class=\"gallery-item\">\n\t\t\t<dt class=\"gallery-icon landscape\">\n\t\t\t\t<a href=\"https:\/\/sv-oberperfuss.at\/schi\/files\/2011\/02\/Ortsschuelerschitag20110218_93-68.jpg\"><img width=\"150\" height=\"150\" src=\"https:\/\/sv-oberperfuss.at\/schi\/files\/2011\/02\/Ortsschuelerschitag20110218_93-68-150x150.jpg\" class=\"attachment-thumbnail size-thumbnail\" alt loading=\"lazy\"><\/a>\n\t\t\t<\/dt><\/dl><dl class=\"gallery-item\">\n\t\t\t<dt class=\"gallery-icon landscape\">\n\t\t\t\t<a href=\"https:\/\/sv-oberperfuss.at\/schi\/files\/2011\/02\/Ortsschuelerschitag20110218_89-62.jpg\"><img width=\"150\" height=\"150\" src=\"https:\/\/sv-oberperfuss.at\/schi\/files\/2011\/02\/Ortsschuelerschitag20110218_89-62-150x150.jpg\" class=\"attachment-thumbnail size-thumbnail\" alt loading=\"lazy\"><\/a>\n\t\t\t<\/dt><\/dl><dl class=\"gallery-item\">\n\t\t\t<dt class=\"gallery-icon landscape\">\n\t\t\t\t<a href=\"https:\/\/sv-oberperfuss.at\/schi\/files\/2011\/02\/Ortsschuelerschitag20110218_83-61.jpg\"><img width=\"150\" height=\"150\" src=\"https:\/\/sv-oberperfuss.at\/schi\/files\/2011\/02\/Ortsschuelerschitag20110218_83-61-150x150.jpg\" class=\"attachment-thumbnail size-thumbnail\" alt loading=\"lazy\"><\/a>\n\t\t\t<\/dt><\/dl><br style=\"clear: both\"><dl class=\"gallery-item\">\n\t\t\t<dt class=\"gallery-icon landscape\">\n\t\t\t\t<a href=\"https:\/\/sv-oberperfuss.at\/schi\/files\/2011\/02\/Ortsschuelerschitag20110218_80-60.jpg\"><img width=\"150\" height=\"150\" src=\"https:\/\/sv-oberperfuss.at\/schi\/files\/2011\/02\/Ortsschuelerschitag20110218_80-60-150x150.jpg\" class=\"attachment-thumbnail size-thumbnail\" alt loading=\"lazy\"><\/a>\n\t\t\t<\/dt><\/dl><dl class=\"gallery-item\">\n\t\t\t<dt class=\"gallery-icon landscape\">\n\t\t\t\t<a href=\"https:\/\/sv-oberperfuss.at\/schi\/files\/2011\/02\/Ortsschuelerschitag20110218_77-59.jpg\"><img width=\"150\" height=\"150\" src=\"https:\/\/sv-oberperfuss.at\/schi\/files\/2011\/02\/Ortsschuelerschitag20110218_77-59-150x150.jpg\" class=\"attachment-thumbnail size-thumbnail\" alt loading=\"lazy\"><\/a>\n\t\t\t<\/dt><\/dl><dl class=\"gallery-item\">\n\t\t\t<dt class=\"gallery-icon landscape\">\n\t\t\t\t<a href=\"https:\/\/sv-oberperfuss.at\/schi\/files\/2011\/02\/Ortsschuelerschitag20110218_75-58.jpg\"><img width=\"150\" height=\"150\" src=\"https:\/\/sv-oberperfuss.at\/schi\/files\/2011\/02\/Ortsschuelerschitag20110218_75-58-150x150.jpg\" class=\"attachment-thumbnail size-thumbnail\" alt loading=\"lazy\"><\/a>\n\t\t\t<\/dt><\/dl><dl class=\"gallery-item\">\n\t\t\t<dt class=\"gallery-icon landscape\">\n\t\t\t\t<a href=\"https:\/\/sv-oberperfuss.at\/schi\/files\/2011\/02\/Ortsschuelerschitag20110218_72-52.jpg\"><img width=\"150\" height=\"150\" src=\"https:\/\/sv-oberperfuss.at\/schi\/files\/2011\/02\/Ortsschuelerschitag20110218_72-52-150x150.jpg\" class=\"attachment-thumbnail size-thumbnail\" alt loading=\"lazy\"><\/a>\n\t\t\t<\/dt><\/dl><dl class=\"gallery-item\">\n\t\t\t<dt class=\"gallery-icon landscape\">\n\t\t\t\t<a href=\"https:\/\/sv-oberperfuss.at\/schi\/files\/2011\/02\/Ortsschuelerschitag20110218_68-51.jpg\"><img width=\"150\" height=\"150\" src=\"https:\/\/sv-oberperfuss.at\/schi\/files\/2011\/02\/Ortsschuelerschitag20110218_68-51-150x150.jpg\" class=\"attachment-thumbnail size-thumbnail\" alt loading=\"lazy\"><\/a>\n\t\t\t<\/dt><\/dl><br style=\"clear: both\"><dl class=\"gallery-item\">\n\t\t\t<dt class=\"gallery-icon landscape\">\n\t\t\t\t<a href=\"https:\/\/sv-oberperfuss.at\/schi\/files\/2011\/02\/Ortsschuelerschitag20110218_65-50.jpg\"><img width=\"150\" height=\"150\" src=\"https:\/\/sv-oberperfuss.at\/schi\/files\/2011\/02\/Ortsschuelerschitag20110218_65-50-150x150.jpg\" class=\"attachment-thumbnail size-thumbnail\" alt loading=\"lazy\"><\/a>\n\t\t\t<\/dt><\/dl><dl class=\"gallery-item\">\n\t\t\t<dt class=\"gallery-icon landscape\">\n\t\t\t\t<a href=\"https:\/\/sv-oberperfuss.at\/schi\/files\/2011\/02\/Ortsschuelerschitag20110218_62-48.jpg\"><img width=\"150\" height=\"150\" src=\"https:\/\/sv-oberperfuss.at\/schi\/files\/2011\/02\/Ortsschuelerschitag20110218_62-48-150x150.jpg\" class=\"attachment-thumbnail size-thumbnail\" alt loading=\"lazy\"><\/a>\n\t\t\t<\/dt><\/dl><dl class=\"gallery-item\">\n\t\t\t<dt class=\"gallery-icon landscape\">\n\t\t\t\t<a href=\"https:\/\/sv-oberperfuss.at\/schi\/files\/2011\/02\/Ortsschuelerschitag20110218_56-48.jpg\"><img width=\"150\" height=\"150\" src=\"https:\/\/sv-oberperfuss.at\/schi\/files\/2011\/02\/Ortsschuelerschitag20110218_56-48-150x150.jpg\" class=\"attachment-thumbnail size-thumbnail\" alt loading=\"lazy\"><\/a>\n\t\t\t<\/dt><\/dl><dl class=\"gallery-item\">\n\t\t\t<dt class=\"gallery-icon landscape\">\n\t\t\t\t<a href=\"https:\/\/sv-oberperfuss.at\/schi\/files\/2011\/02\/Ortsschuelerschitag20110218_54-47.jpg\"><img width=\"150\" height=\"150\" src=\"https:\/\/sv-oberperfuss.at\/schi\/files\/2011\/02\/Ortsschuelerschitag20110218_54-47-150x150.jpg\" class=\"attachment-thumbnail size-thumbnail\" alt loading=\"lazy\"><\/a>\n\t\t\t<\/dt><\/dl><dl class=\"gallery-item\">\n\t\t\t<dt class=\"gallery-icon landscape\">\n\t\t\t\t<a href=\"https:\/\/sv-oberperfuss.at\/schi\/files\/2011\/02\/Ortsschuelerschitag20110218_52-41.jpg\"><img width=\"150\" height=\"150\" src=\"https:\/\/sv-oberperfuss.at\/schi\/files\/2011\/02\/Ortsschuelerschitag20110218_52-41-150x150.jpg\" class=\"attachment-thumbnail size-thumbnail\" alt loading=\"lazy\"><\/a>\n\t\t\t<\/dt><\/dl><br style=\"clear: both\"><dl class=\"gallery-item\">\n\t\t\t<dt class=\"gallery-icon landscape\">\n\t\t\t\t<a href=\"https:\/\/sv-oberperfuss.at\/schi\/files\/2011\/02\/Ortsschuelerschitag20110218_48-40.jpg\"><img width=\"150\" height=\"150\" src=\"https:\/\/sv-oberperfuss.at\/schi\/files\/2011\/02\/Ortsschuelerschitag20110218_48-40-150x150.jpg\" class=\"attachment-thumbnail size-thumbnail\" alt loading=\"lazy\"><\/a>\n\t\t\t<\/dt><\/dl><dl class=\"gallery-item\">\n\t\t\t<dt class=\"gallery-icon landscape\">\n\t\t\t\t<a href=\"https:\/\/sv-oberperfuss.at\/schi\/files\/2011\/02\/Ortsschuelerschitag20110218_44-34.jpg\"><img width=\"150\" height=\"150\" src=\"https:\/\/sv-oberperfuss.at\/schi\/files\/2011\/02\/Ortsschuelerschitag20110218_44-34-150x150.jpg\" class=\"attachment-thumbnail size-thumbnail\" alt loading=\"lazy\"><\/a>\n\t\t\t<\/dt><\/dl><dl class=\"gallery-item\">\n\t\t\t<dt class=\"gallery-icon landscape\">\n\t\t\t\t<a href=\"https:\/\/sv-oberperfuss.at\/schi\/files\/2011\/02\/Ortsschuelerschitag20110218_39-33.jpg\"><img width=\"150\" height=\"150\" src=\"https:\/\/sv-oberperfuss.at\/schi\/files\/2011\/02\/Ortsschuelerschitag20110218_39-33-150x150.jpg\" class=\"attachment-thumbnail size-thumbnail\" alt loading=\"lazy\"><\/a>\n\t\t\t<\/dt><\/dl><dl class=\"gallery-item\">\n\t\t\t<dt class=\"gallery-icon landscape\">\n\t\t\t\t<a href=\"https:\/\/sv-oberperfuss.at\/schi\/files\/2011\/02\/Ortsschuelerschitag20110218_37-26.jpg\"><img width=\"150\" height=\"150\" src=\"https:\/\/sv-oberperfuss.at\/schi\/files\/2011\/02\/Ortsschuelerschitag20110218_37-26-150x150.jpg\" class=\"attachment-thumbnail size-thumbnail\" alt loading=\"lazy\"><\/a>\n\t\t\t<\/dt><\/dl><dl class=\"gallery-item\">\n\t\t\t<dt class=\"gallery-icon landscape\">\n\t\t\t\t<a href=\"https:\/\/sv-oberperfuss.at\/schi\/files\/2011\/02\/Ortsschuelerschitag20110218_33-25.jpg\"><img width=\"150\" height=\"150\" src=\"https:\/\/sv-oberperfuss.at\/schi\/files\/2011\/02\/Ortsschuelerschitag20110218_33-25-150x150.jpg\" class=\"attachment-thumbnail size-thumbnail\" alt loading=\"lazy\"><\/a>\n\t\t\t<\/dt><\/dl><br style=\"clear: both\"><dl class=\"gallery-item\">\n\t\t\t<dt class=\"gallery-icon landscape\">\n\t\t\t\t<a href=\"https:\/\/sv-oberperfuss.at\/schi\/files\/2011\/02\/Ortsschuelerschitag20110218_29-18.jpg\"><img width=\"150\" height=\"150\" src=\"https:\/\/sv-oberperfuss.at\/schi\/files\/2011\/02\/Ortsschuelerschitag20110218_29-18-150x150.jpg\" class=\"attachment-thumbnail size-thumbnail\" alt loading=\"lazy\"><\/a>\n\t\t\t<\/dt><\/dl><dl class=\"gallery-item\">\n\t\t\t<dt class=\"gallery-icon landscape\">\n\t\t\t\t<a href=\"https:\/\/sv-oberperfuss.at\/schi\/files\/2011\/02\/Ortsschuelerschitag20110218_27-17.jpg\"><img width=\"150\" height=\"150\" src=\"https:\/\/sv-oberperfuss.at\/schi\/files\/2011\/02\/Ortsschuelerschitag20110218_27-17-150x150.jpg\" class=\"attachment-thumbnail size-thumbnail\" alt loading=\"lazy\"><\/a>\n\t\t\t<\/dt><\/dl><dl class=\"gallery-item\">\n\t\t\t<dt class=\"gallery-icon landscape\">\n\t\t\t\t<a href=\"https:\/\/sv-oberperfuss.at\/schi\/files\/2011\/02\/Ortsschuelerschitag20110218_22-16.jpg\"><img width=\"150\" height=\"150\" src=\"https:\/\/sv-oberperfuss.at\/schi\/files\/2011\/02\/Ortsschuelerschitag20110218_22-16-150x150.jpg\" class=\"attachment-thumbnail size-thumbnail\" alt loading=\"lazy\"><\/a>\n\t\t\t<\/dt><\/dl><dl class=\"gallery-item\">\n\t\t\t<dt class=\"gallery-icon landscape\">\n\t\t\t\t<a href=\"https:\/\/sv-oberperfuss.at\/schi\/files\/2011\/02\/Ortsschuelerschitag20110218_18-15.jpg\"><img width=\"150\" height=\"150\" src=\"https:\/\/sv-oberperfuss.at\/schi\/files\/2011\/02\/Ortsschuelerschitag20110218_18-15-150x150.jpg\" class=\"attachment-thumbnail size-thumbnail\" alt loading=\"lazy\"><\/a>\n\t\t\t<\/dt><\/dl><dl class=\"gallery-item\">\n\t\t\t<dt class=\"gallery-icon landscape\">\n\t\t\t\t<a href=\"https:\/\/sv-oberperfuss.at\/schi\/files\/2011\/02\/Ortsschuelerschitag20110218_14-14.jpg\"><img width=\"150\" height=\"150\" src=\"https:\/\/sv-oberperfuss.at\/schi\/files\/2011\/02\/Ortsschuelerschitag20110218_14-14-150x150.jpg\" class=\"attachment-thumbnail size-thumbnail\" alt loading=\"lazy\"><\/a>\n\t\t\t<\/dt><\/dl><br style=\"clear: both\"><dl class=\"gallery-item\">\n\t\t\t<dt class=\"gallery-icon landscape\">\n\t\t\t\t<a href=\"https:\/\/sv-oberperfuss.at\/schi\/files\/2011\/02\/Ortsschuelerschitag20110218_11-13.jpg\"><img width=\"150\" height=\"150\" src=\"https:\/\/sv-oberperfuss.at\/schi\/files\/2011\/02\/Ortsschuelerschitag20110218_11-13-150x150.jpg\" class=\"attachment-thumbnail size-thumbnail\" alt loading=\"lazy\"><\/a>\n\t\t\t<\/dt><\/dl><dl class=\"gallery-item\">\n\t\t\t<dt class=\"gallery-icon landscape\">\n\t\t\t\t<a href=\"https:\/\/sv-oberperfuss.at\/schi\/files\/2011\/02\/Ortsschuelerschitag20110218_07-12.jpg\"><img width=\"150\" height=\"150\" src=\"https:\/\/sv-oberperfuss.at\/schi\/files\/2011\/02\/Ortsschuelerschitag20110218_07-12-150x150.jpg\" class=\"attachment-thumbnail size-thumbnail\" alt loading=\"lazy\"><\/a>\n\t\t\t<\/dt><\/dl><dl class=\"gallery-item\">\n\t\t\t<dt class=\"gallery-icon landscape\">\n\t\t\t\t<a href=\"https:\/\/sv-oberperfuss.at\/schi\/files\/2011\/02\/Ortsschuelerschitag20110218_04-06.jpg\"><img width=\"150\" height=\"150\" src=\"https:\/\/sv-oberperfuss.at\/schi\/files\/2011\/02\/Ortsschuelerschitag20110218_04-06-150x150.jpg\" class=\"attachment-thumbnail size-thumbnail\" alt loading=\"lazy\"><\/a>\n\t\t\t<\/dt><\/dl>\n\t\t\t<br style=\"clear: both\">\n\t\t<\/div>\n\n","protected":false},"excerpt":{"rendered":"<p>Bei wundersch\u00f6nem Fr\u00fchlingswetter konnte heute am Ranggerk\u00f6pfl trotz geringer Schneelage das Ortssch\u00fclerschirennen von statten gehen. Am Start waren zirka 40 Kinder, die den von Helli Lorenz&nbsp; gesetzten Lauf gut meistern konnten.<\/p>\n","protected":false},"author":8,"featured_media":0,"comment_status":"open","ping_status":"closed","sticky":false,"template":"","format":"standard","meta":{"wp_typography_post_enhancements_disabled":false},"categories":[4],"tags":[],"_links":{"self":[{"href":"https:\/\/sv-oberperfuss.at\/schi\/wp-json\/wp\/v2\/posts\/2901"}],"collection":[{"href":"https:\/\/sv-oberperfuss.at\/schi\/wp-json\/wp\/v2\/posts"}],"about":[{"href":"https:\/\/sv-oberperfuss.at\/schi\/wp-json\/wp\/v2\/types\/post"}],"author":[{"embeddable":true,"href":"https:\/\/sv-oberperfuss.at\/schi\/wp-json\/wp\/v2\/users\/8"}],"replies":[{"embeddable":true,"href":"https:\/\/sv-oberperfuss.at\/schi\/wp-json\/wp\/v2\/comments?post=2901"}],"version-history":[{"count":2,"href":"https:\/\/sv-oberperfuss.at\/schi\/wp-json\/wp\/v2\/posts\/2901\/revisions"}],"predecessor-version":[{"id":2941,"href":"https:\/\/sv-oberperfuss.at\/schi\/wp-json\/wp\/v2\/posts\/2901\/revisions\/2941"}],"wp:attachment":[{"href":"https:\/\/sv-oberperfuss.at\/schi\/wp-json\/wp\/v2\/media?parent=2901"}],"wp:term":[{"taxonomy":"category","embeddable":true,"href":"https:\/\/sv-oberperfuss.at\/schi\/wp-json\/wp\/v2\/categories?post=2901"},{"taxonomy":"post_tag","embeddable":true,"href":"https:\/\/sv-oberperfuss.at\/schi\/wp-json\/wp\/v2\/tags?post=2901"}],"curies":[{"name":"wp","href":"https:\/\/api.w.org\/{rel}","templated":true}]}}