{"id":2395,"date":"2011-01-17T11:51:17","date_gmt":"2011-01-17T09:51:17","guid":{"rendered":"https:\/\/sv-oberperfuss.at\/schi\/?p=2395"},"modified":"2016-05-04T02:23:47","modified_gmt":"2016-05-04T00:23:47","slug":"erfolgreicher-svo-landescupauftakt-am-rifflsee","status":"publish","type":"post","link":"https:\/\/sv-oberperfuss.at\/schi\/erfolgreicher-svo-landescupauftakt-am-rifflsee\/","title":{"rendered":"Erfolgreicher SVO Landescupauftakt am Rifflsee"},"content":{"rendered":"<p>Am vergangenen Wochenende wurden im Pitztal \/Rifflsee die ersten beiden Landescups der Saison 2010\/11 bei besten Wetter- und Pistenverh\u00e4ltnissen ausgetragen. <!--more-->145 L\u00e4ufer\/innen stellten sich vom 15. \u2013 16.01.2011 der Herausforderung am Grubengrat\/Rifflsee. Unser Verein war mit 4 L\u00e4ufer\/innen am Start, &nbsp;welche die beiden fair aber sehr selektiven und anspruchsvollen Kurssetzungen mit ausgezeichneten Platzierungen bew\u00e4ltigten. Beim Slalom war f\u00fcr Linda Plunser nach einem Einf\u00e4dler vorzeitig Schlu\u00df. Auch Lorenz Berni kostete ein Steher, &nbsp;im schweren letzten Steilhang,&nbsp; um sechs Hundertsel&nbsp;einen &nbsp;Stockerlplatz.<\/p>\n<p>Am Sonntag ging es gleich mit einem von Scheiber Dominik gesetzten fairen aber schnellen RTL weiter. Der Veranstalter SC St. Leonhard leistete auch hier wieder gro\u00dfartige Arbeit. Den begehrten Stockerplatz lie\u00dfen sich Lorenz Berni und Spiegl Michael diesmal nicht mehr nehmen! Auch Venier Bianca konnte sich mit einem guten Lauf ganz vorne einreihen.<\/p>\n<p>Weiters &nbsp;wurde auch die Wertung f\u00fcr den kompletten Schifahrer vorgenommen!<\/p>\n<p>Sch\u00fcler 1 m. + w. (jeweils Technikbewerb und RTL) sowie bei den Sch\u00fclern 2+3 m. + w. zus\u00e4tzlich mit einem Konditionswettkampf.<\/p>\n<p><em>Ergebnisse &nbsp;Slalom:<\/em><\/p>\n<p>Lorenz Bernadette &nbsp;4. Rang (Sch\u00fcler 1&nbsp;w.)<\/p>\n<p>Venier &nbsp;Bianca &nbsp;&nbsp;&nbsp;&nbsp;&nbsp;&nbsp;&nbsp;&nbsp;&nbsp;&nbsp;2.Rang&nbsp; (Sch\u00fcler 2+3&nbsp;w.)<\/p>\n<p>Spiegl Michael &nbsp;&nbsp;&nbsp;&nbsp;&nbsp;&nbsp;&nbsp;&nbsp;&nbsp;&nbsp;5. Rang (Sch\u00fcler 2+3&nbsp;m.)<\/p>\n<p><em>Ergebnisse RTL:<\/em><\/p>\n<p>Lorenz Bernadette &nbsp;3. Rang (Sch\u00fcler 1&nbsp;w.)<\/p>\n<p>Venier &nbsp;Bianca&nbsp;&nbsp;&nbsp;&nbsp;&nbsp;&nbsp;&nbsp;&nbsp;&nbsp;&nbsp;&nbsp;6.Rang&nbsp; (Sch\u00fcler 2+3&nbsp;w.)<\/p>\n<p>Plunser Linda&nbsp;&nbsp;&nbsp;&nbsp;&nbsp;&nbsp;&nbsp;&nbsp;&nbsp;&nbsp; &nbsp;26.Rang (Sch\u00fcler 2+3&nbsp;w.)<\/p>\n<p>Spiegl Michael &nbsp;&nbsp;&nbsp;&nbsp;&nbsp;&nbsp;&nbsp;&nbsp;&nbsp;&nbsp;3. Rang (Sch\u00fcler 2+3&nbsp;m.)<\/p>\n<p><em>Ergebnisse kompletter Schifahrer:<\/em><\/p>\n<p>Lorenz Bernadette &nbsp;2. Rang (Sch\u00fcler 1&nbsp;w.)<\/p>\n<p>Venier &nbsp;Bianca &nbsp;&nbsp;&nbsp;&nbsp;&nbsp;&nbsp;&nbsp;&nbsp;&nbsp;&nbsp;5.Rang&nbsp; (Sch\u00fcler 2+3&nbsp;w.)<\/p>\n<p>Spiegl Michael &nbsp;&nbsp;&nbsp;&nbsp;&nbsp;&nbsp;&nbsp;&nbsp;&nbsp;&nbsp;6. Rang (Sch\u00fcler 2+3&nbsp;m.)<\/p>\n<p><strong>Unsere beiden TSV-L\u00e4ufer, Venier Bianca und Spiegl Michael, wurden aufgrund ihrer guten Leistungen f\u00fcr das Intern. Junior Race in Kitzb\u00fchel nominiert \u00bb\u00bb&nbsp;Gratulation!!\u00bb\u00bb&gt;<\/strong><\/p>\n\n\t\t<style type=\"text\/css\">\n\t\t\t#gallery-1 {\n\t\t\t\tmargin: auto;\n\t\t\t}\n\t\t\t#gallery-1 .gallery-item {\n\t\t\t\tfloat: left;\n\t\t\t\tmargin-top: 10px;\n\t\t\t\ttext-align: center;\n\t\t\t\twidth: 25%;\n\t\t\t}\n\t\t\t#gallery-1 img {\n\t\t\t\tborder: 2px solid #cfcfcf;\n\t\t\t}\n\t\t\t#gallery-1 .gallery-caption {\n\t\t\t\tmargin-left: 0;\n\t\t\t}\n\t\t\t\/* see gallery_shortcode() in wp-includes\/media.php *\/\n\t\t<\/style>\n\t\t<div id=\"gallery-1\" class=\"gallery galleryid-2395 gallery-columns-4 gallery-size-thumbnail\"><dl class=\"gallery-item\">\n\t\t\t<dt class=\"gallery-icon landscape\">\n\t\t\t\t<a href=\"https:\/\/sv-oberperfuss.at\/schi\/files\/2011\/01\/Landescup_Rifflsee_16012010-3.jpg\"><img width=\"150\" height=\"150\" src=\"https:\/\/sv-oberperfuss.at\/schi\/files\/2011\/01\/Landescup_Rifflsee_16012010-3-150x150.jpg\" class=\"attachment-thumbnail size-thumbnail\" alt=\"Strecke\" loading=\"lazy\"><\/a>\n\t\t\t<\/dt><\/dl><dl class=\"gallery-item\">\n\t\t\t<dt class=\"gallery-icon landscape\">\n\t\t\t\t<a href=\"https:\/\/sv-oberperfuss.at\/schi\/files\/2011\/01\/Landescup_Rifflsee_16012010-22.jpg\"><img width=\"150\" height=\"150\" src=\"https:\/\/sv-oberperfuss.at\/schi\/files\/2011\/01\/Landescup_Rifflsee_16012010-22-150x150.jpg\" class=\"attachment-thumbnail size-thumbnail\" alt=\"Herrliches Panorama\" loading=\"lazy\"><\/a>\n\t\t\t<\/dt><\/dl><dl class=\"gallery-item\">\n\t\t\t<dt class=\"gallery-icon landscape\">\n\t\t\t\t<a href=\"https:\/\/sv-oberperfuss.at\/schi\/files\/2011\/01\/Landescup_Rifflsee_16012010-40.jpg\"><img width=\"150\" height=\"150\" src=\"https:\/\/sv-oberperfuss.at\/schi\/files\/2011\/01\/Landescup_Rifflsee_16012010-40-150x150.jpg\" class=\"attachment-thumbnail size-thumbnail\" alt=\"Strecke\" loading=\"lazy\"><\/a>\n\t\t\t<\/dt><\/dl><dl class=\"gallery-item\">\n\t\t\t<dt class=\"gallery-icon landscape\">\n\t\t\t\t<a href=\"https:\/\/sv-oberperfuss.at\/schi\/files\/2011\/01\/Landescup_Rifflsee_16012010-43.jpg\"><img width=\"150\" height=\"150\" src=\"https:\/\/sv-oberperfuss.at\/schi\/files\/2011\/01\/Landescup_Rifflsee_16012010-43-150x150.jpg\" class=\"attachment-thumbnail size-thumbnail\" alt loading=\"lazy\"><\/a>\n\t\t\t<\/dt><\/dl><br style=\"clear: both\"><dl class=\"gallery-item\">\n\t\t\t<dt class=\"gallery-icon landscape\">\n\t\t\t\t<a href=\"https:\/\/sv-oberperfuss.at\/schi\/files\/2011\/01\/Landescup_Rifflsee_16012010-44.jpg\"><img width=\"150\" height=\"150\" src=\"https:\/\/sv-oberperfuss.at\/schi\/files\/2011\/01\/Landescup_Rifflsee_16012010-44-150x150.jpg\" class=\"attachment-thumbnail size-thumbnail\" alt loading=\"lazy\"><\/a>\n\t\t\t<\/dt><\/dl><dl class=\"gallery-item\">\n\t\t\t<dt class=\"gallery-icon portrait\">\n\t\t\t\t<a href=\"https:\/\/sv-oberperfuss.at\/schi\/files\/2011\/01\/IMG-2161Landescup-Riffelsee-SCS.jpg\"><img width=\"150\" height=\"150\" src=\"https:\/\/sv-oberperfuss.at\/schi\/files\/2011\/01\/IMG-2161Landescup-Riffelsee-SCS-150x150.jpg\" class=\"attachment-thumbnail size-thumbnail\" alt=\"Venier Bianca\" loading=\"lazy\"><\/a>\n\t\t\t<\/dt><\/dl><dl class=\"gallery-item\">\n\t\t\t<dt class=\"gallery-icon landscape\">\n\t\t\t\t<a href=\"https:\/\/sv-oberperfuss.at\/schi\/files\/2011\/01\/Landescup_Rifflsee_16012010-73.jpg\"><img width=\"150\" height=\"150\" src=\"https:\/\/sv-oberperfuss.at\/schi\/files\/2011\/01\/Landescup_Rifflsee_16012010-73-150x150.jpg\" class=\"attachment-thumbnail size-thumbnail\" alt=\"Lorenz Berni\" loading=\"lazy\"><\/a>\n\t\t\t<\/dt><\/dl><dl class=\"gallery-item\">\n\t\t\t<dt class=\"gallery-icon landscape\">\n\t\t\t\t<a href=\"https:\/\/sv-oberperfuss.at\/schi\/files\/2011\/01\/Landescup_Rifflsee_16012010-80.jpg\"><img width=\"150\" height=\"150\" src=\"https:\/\/sv-oberperfuss.at\/schi\/files\/2011\/01\/Landescup_Rifflsee_16012010-80-150x150.jpg\" class=\"attachment-thumbnail size-thumbnail\" alt=\"Venier Bianca\" loading=\"lazy\"><\/a>\n\t\t\t<\/dt><\/dl><br style=\"clear: both\"><dl class=\"gallery-item\">\n\t\t\t<dt class=\"gallery-icon landscape\">\n\t\t\t\t<a href=\"https:\/\/sv-oberperfuss.at\/schi\/files\/2011\/01\/Landescup_Rifflsee_16012010-82.jpg\"><img width=\"150\" height=\"150\" src=\"https:\/\/sv-oberperfuss.at\/schi\/files\/2011\/01\/Landescup_Rifflsee_16012010-82-150x150.jpg\" class=\"attachment-thumbnail size-thumbnail\" alt loading=\"lazy\"><\/a>\n\t\t\t<\/dt><\/dl><dl class=\"gallery-item\">\n\t\t\t<dt class=\"gallery-icon landscape\">\n\t\t\t\t<a href=\"https:\/\/sv-oberperfuss.at\/schi\/files\/2011\/01\/Landescup_Rifflsee_16012010-95.jpg\"><img width=\"150\" height=\"150\" src=\"https:\/\/sv-oberperfuss.at\/schi\/files\/2011\/01\/Landescup_Rifflsee_16012010-95-150x150.jpg\" class=\"attachment-thumbnail size-thumbnail\" alt=\"Spiegl Michael 5. Platz\" loading=\"lazy\"><\/a>\n\t\t\t<\/dt><\/dl><dl class=\"gallery-item\">\n\t\t\t<dt class=\"gallery-icon landscape\">\n\t\t\t\t<a href=\"https:\/\/sv-oberperfuss.at\/schi\/files\/2011\/01\/Landescup_Rifflsee_16012010-103.jpg\"><img width=\"150\" height=\"150\" src=\"https:\/\/sv-oberperfuss.at\/schi\/files\/2011\/01\/Landescup_Rifflsee_16012010-103-150x150.jpg\" class=\"attachment-thumbnail size-thumbnail\" alt=\"3. Platz Lorenz Berni\" loading=\"lazy\"><\/a>\n\t\t\t<\/dt><\/dl><dl class=\"gallery-item\">\n\t\t\t<dt class=\"gallery-icon landscape\">\n\t\t\t\t<a href=\"https:\/\/sv-oberperfuss.at\/schi\/files\/2011\/01\/Landescup_Rifflsee_16012010-114.jpg\"><img width=\"150\" height=\"150\" src=\"https:\/\/sv-oberperfuss.at\/schi\/files\/2011\/01\/Landescup_Rifflsee_16012010-114-150x150.jpg\" class=\"attachment-thumbnail size-thumbnail\" alt=\"3. Rang RTL\" loading=\"lazy\"><\/a>\n\t\t\t<\/dt><\/dl><br style=\"clear: both\"><dl class=\"gallery-item\">\n\t\t\t<dt class=\"gallery-icon landscape\">\n\t\t\t\t<a href=\"https:\/\/sv-oberperfuss.at\/schi\/files\/2011\/01\/Landescup_Rifflsee_16012010-115.jpg\"><img width=\"150\" height=\"150\" src=\"https:\/\/sv-oberperfuss.at\/schi\/files\/2011\/01\/Landescup_Rifflsee_16012010-115-150x150.jpg\" class=\"attachment-thumbnail size-thumbnail\" alt=\"Siegerehrung RTL Sch\u00fcler II+III m.\" loading=\"lazy\"><\/a>\n\t\t\t<\/dt><\/dl><dl class=\"gallery-item\">\n\t\t\t<dt class=\"gallery-icon landscape\">\n\t\t\t\t<a href=\"https:\/\/sv-oberperfuss.at\/schi\/files\/2011\/01\/Landescup_Rifflsee_16012010-124.jpg\"><img width=\"150\" height=\"150\" src=\"https:\/\/sv-oberperfuss.at\/schi\/files\/2011\/01\/Landescup_Rifflsee_16012010-124-150x150.jpg\" class=\"attachment-thumbnail size-thumbnail\" alt=\"6. Platz Venier Bianca\" loading=\"lazy\"><\/a>\n\t\t\t<\/dt><\/dl>\n\t\t\t<br style=\"clear: both\">\n\t\t<\/div>\n\n","protected":false},"excerpt":{"rendered":"<p>Am vergangenen Wochenende wurden im Pitztal \/Rifflsee die ersten beiden Landescups der Saison 2010\/11 bei besten Wetter- und Pistenverh\u00e4ltnissen ausgetragen.&nbsp;<\/p>\n","protected":false},"author":11,"featured_media":0,"comment_status":"open","ping_status":"closed","sticky":false,"template":"","format":"standard","meta":{"wp_typography_post_enhancements_disabled":false},"categories":[4],"tags":[],"_links":{"self":[{"href":"https:\/\/sv-oberperfuss.at\/schi\/wp-json\/wp\/v2\/posts\/2395"}],"collection":[{"href":"https:\/\/sv-oberperfuss.at\/schi\/wp-json\/wp\/v2\/posts"}],"about":[{"href":"https:\/\/sv-oberperfuss.at\/schi\/wp-json\/wp\/v2\/types\/post"}],"author":[{"embeddable":true,"href":"https:\/\/sv-oberperfuss.at\/schi\/wp-json\/wp\/v2\/users\/11"}],"replies":[{"embeddable":true,"href":"https:\/\/sv-oberperfuss.at\/schi\/wp-json\/wp\/v2\/comments?post=2395"}],"version-history":[{"count":10,"href":"https:\/\/sv-oberperfuss.at\/schi\/wp-json\/wp\/v2\/posts\/2395\/revisions"}],"predecessor-version":[{"id":11174,"href":"https:\/\/sv-oberperfuss.at\/schi\/wp-json\/wp\/v2\/posts\/2395\/revisions\/11174"}],"wp:attachment":[{"href":"https:\/\/sv-oberperfuss.at\/schi\/wp-json\/wp\/v2\/media?parent=2395"}],"wp:term":[{"taxonomy":"category","embeddable":true,"href":"https:\/\/sv-oberperfuss.at\/schi\/wp-json\/wp\/v2\/categories?post=2395"},{"taxonomy":"post_tag","embeddable":true,"href":"https:\/\/sv-oberperfuss.at\/schi\/wp-json\/wp\/v2\/tags?post=2395"}],"curies":[{"name":"wp","href":"https:\/\/api.w.org\/{rel}","templated":true}]}}