{"id":2089,"date":"2010-06-20T20:23:19","date_gmt":"2010-06-20T18:23:19","guid":{"rendered":"https:\/\/sv-oberperfuss.at\/schi\/?p=2089"},"modified":"2010-06-20T20:33:31","modified_gmt":"2010-06-20T18:33:31","slug":"preisverteilung-gesamwertung-bezirkscup-in","status":"publish","type":"post","link":"https:\/\/sv-oberperfuss.at\/schi\/preisverteilung-gesamwertung-bezirkscup-in\/","title":{"rendered":"Preisverteilung Gesamwertung Bezirkscup IN"},"content":{"rendered":"<p>Am Freitag, den 18. Juni 2010 fand im Telfer Rathaussaal die diesj\u00e4hrige Preisverteilung&nbsp;Gesamtwertung Bezirkscup Innsbruck NORD der Kinder und Sch\u00fcler statt.&nbsp;<!--more-->&nbsp;Er\u00f6ffnet wurde die Veranstaltung vom Obmann&nbsp;des SK Telfs, &nbsp;Mair Michael, der auch die mit Spannung erwartete \u201c\u00dcberraschung\u201d in Form eines akrobatischen Filmes ank\u00fcndigte. Durch das weitere Programm f\u00fchrte Trenkwalder Toni ebenfalls SK Telfs.&nbsp;Diese Wertung&nbsp;ist eine Zusammenfassung (Kinder 5 Rennen sowie Sch\u00fcler&nbsp;9 Rennen mit einem Streicher) aller Bezirkscuprennen. \u00dcberreicht wurden die Pokale vom neugew\u00e4hlten TSV-Pr\u00e4sidenten Werner Margreiter, Bezirksreferenten Graupp Michael sowie einem Telfer Gemeindevertreter des Sportausschusses. Die Vereinswertung gewann der SK Telfs&nbsp; knapp vor dem SV Oberperfuss.<\/p>\n<p><strong>Ergebnisse SVO:<\/strong><\/p>\n<p>1. Platz: Plunser Emma, Spiegl Melanie, Plunser Linda, Spiegl Michael<\/p>\n<p>2. Platz: Plunser Eva, Ostermann Julian, Lorenz Bernadette, Venier Bianca<\/p>\n<p>4. Platz: Abfalterer Sam<\/p>\n<p>5. Platz: Heis Hannah<\/p>\n<p>7. Platz: Abfalterer Sandro, Feichtner Viola<\/p>\n<p>8. Platz: Haider Floriana, Plunser Vanessa<\/p>\n<p>10. Platz: Ostermann Luca, H\u00f6rtnagl Kathrin<\/p>\n<p>11. Platz Heis&nbsp;Noah<\/p>\n<p>12. Platz: Triendl Lisa<\/p>\n<p>13. Platz: Hornegger Caroline<\/p>\n<p>16. Platz: Mersa Christoph<\/p>\n<p>15. Platz: Della Pietra Julia<\/p>\n<p>17. Platz: Obkircher Dominik<\/p>\n<p>19. Platz: Venier Benjamin<\/p>\n<p>20. Platz: Gutheinz Jonas<\/p>\n<p>&nbsp;<\/p>\n<p>&nbsp;Gesamtwertung Kinder: <a href=\"https:\/\/sv-oberperfuss.at\/schi\/files\/2010\/06\/Bezirkscup-Gesamtwertung_2009_10_Kinder.pdf\">Bezirkscup-Gesamtwertung_2009_10_Kinder<\/a><\/p>\n<p>Gesamtwertung Sch\u00fcler: <a href=\"https:\/\/sv-oberperfuss.at\/schi\/files\/2010\/06\/Bezirkscup-Gesamtwertung_2009_10_Sch\u00fcler1.pdf\">Bezirkscup-Gesamtwertung_2009_10_Sch\u00fcler<\/a><\/p>\n<p>Gesamtwertung Verein: <a href=\"https:\/\/sv-oberperfuss.at\/schi\/files\/2010\/06\/Bezirkscup-Gesamtwertung_2009_10_Verein.pdf\">Bezirkscup-Gesamtwertung_2009_10_Verein<\/a><\/p>\n\n\t\t<style type=\"text\/css\">\n\t\t\t#gallery-1 {\n\t\t\t\tmargin: auto;\n\t\t\t}\n\t\t\t#gallery-1 .gallery-item {\n\t\t\t\tfloat: left;\n\t\t\t\tmargin-top: 10px;\n\t\t\t\ttext-align: center;\n\t\t\t\twidth: 25%;\n\t\t\t}\n\t\t\t#gallery-1 img {\n\t\t\t\tborder: 2px solid #cfcfcf;\n\t\t\t}\n\t\t\t#gallery-1 .gallery-caption {\n\t\t\t\tmargin-left: 0;\n\t\t\t}\n\t\t\t\/* see gallery_shortcode() in wp-includes\/media.php *\/\n\t\t<\/style>\n\t\t<div id=\"gallery-1\" class=\"gallery galleryid-2089 gallery-columns-4 gallery-size-thumbnail\"><dl class=\"gallery-item\">\n\t\t\t<dt class=\"gallery-icon landscape\">\n\t\t\t\t<a href=\"https:\/\/sv-oberperfuss.at\/schi\/files\/2010\/06\/Preisverteilung_BezirkNord_180610-448.jpg\"><img width=\"150\" height=\"150\" src=\"https:\/\/sv-oberperfuss.at\/schi\/files\/2010\/06\/Preisverteilung_BezirkNord_180610-448-150x150.jpg\" class=\"attachment-thumbnail size-thumbnail\" alt loading=\"lazy\" aria-describedby=\"gallery-1-2096\"><\/a>\n\t\t\t<\/dt>\n\t\t\t\t<dd class=\"wp-caption-text gallery-caption\" id=\"gallery-1-2096\">\n\t\t\t\tAlle Klassensieger Sch\u00fcler&nbsp;<\/dd><\/dl><dl class=\"gallery-item\">\n\t\t\t<dt class=\"gallery-icon landscape\">\n\t\t\t\t<a href=\"https:\/\/sv-oberperfuss.at\/schi\/files\/2010\/06\/Preisverteilung_BezirkNord_180610-437.jpg\"><img width=\"150\" height=\"150\" src=\"https:\/\/sv-oberperfuss.at\/schi\/files\/2010\/06\/Preisverteilung_BezirkNord_180610-437-150x150.jpg\" class=\"attachment-thumbnail size-thumbnail\" alt loading=\"lazy\" aria-describedby=\"gallery-1-2107\"><\/a>\n\t\t\t<\/dt>\n\t\t\t\t<dd class=\"wp-caption-text gallery-caption\" id=\"gallery-1-2107\">\n\t\t\t\tAlle Klassensieger Kinder&nbsp;<\/dd><\/dl><dl class=\"gallery-item\">\n\t\t\t<dt class=\"gallery-icon landscape\">\n\t\t\t\t<a href=\"https:\/\/sv-oberperfuss.at\/schi\/files\/2010\/06\/Preisverteilung_BezirkNord_180610-348.jpg\"><img width=\"150\" height=\"150\" src=\"https:\/\/sv-oberperfuss.at\/schi\/files\/2010\/06\/Preisverteilung_BezirkNord_180610-348-150x150.jpg\" class=\"attachment-thumbnail size-thumbnail\" alt loading=\"lazy\" aria-describedby=\"gallery-1-2101\"><\/a>\n\t\t\t<\/dt>\n\t\t\t\t<dd class=\"wp-caption-text gallery-caption\" id=\"gallery-1-2101\">\n\t\t\t\tSieger(innen) aller Bezirkscuprennen&nbsp;<\/dd><\/dl><dl class=\"gallery-item\">\n\t\t\t<dt class=\"gallery-icon landscape\">\n\t\t\t\t<a href=\"https:\/\/sv-oberperfuss.at\/schi\/files\/2010\/06\/Preisverteilung_BezirkNord_180610-386.jpg\"><img width=\"150\" height=\"150\" src=\"https:\/\/sv-oberperfuss.at\/schi\/files\/2010\/06\/Preisverteilung_BezirkNord_180610-386-150x150.jpg\" class=\"attachment-thumbnail size-thumbnail\" alt loading=\"lazy\" aria-describedby=\"gallery-1-2103\"><\/a>\n\t\t\t<\/dt>\n\t\t\t\t<dd class=\"wp-caption-text gallery-caption\" id=\"gallery-1-2103\">\n\t\t\t\t8. Platz: Plunser Vanessa&nbsp;<\/dd><\/dl><br style=\"clear: both\"><dl class=\"gallery-item\">\n\t\t\t<dt class=\"gallery-icon landscape\">\n\t\t\t\t<a href=\"https:\/\/sv-oberperfuss.at\/schi\/files\/2010\/06\/Preisverteilung_BezirkNord_180610-389.jpg\"><img width=\"150\" height=\"150\" src=\"https:\/\/sv-oberperfuss.at\/schi\/files\/2010\/06\/Preisverteilung_BezirkNord_180610-389-150x150.jpg\" class=\"attachment-thumbnail size-thumbnail\" alt loading=\"lazy\" aria-describedby=\"gallery-1-2104\"><\/a>\n\t\t\t<\/dt>\n\t\t\t\t<dd class=\"wp-caption-text gallery-caption\" id=\"gallery-1-2104\">\n\t\t\t\t2. Platz: Venier Bianca&nbsp;<\/dd><\/dl><dl class=\"gallery-item\">\n\t\t\t<dt class=\"gallery-icon landscape\">\n\t\t\t\t<a href=\"https:\/\/sv-oberperfuss.at\/schi\/files\/2010\/06\/Preisverteilung_BezirkNord_180610-391.jpg\"><img width=\"150\" height=\"150\" src=\"https:\/\/sv-oberperfuss.at\/schi\/files\/2010\/06\/Preisverteilung_BezirkNord_180610-391-150x150.jpg\" class=\"attachment-thumbnail size-thumbnail\" alt loading=\"lazy\" aria-describedby=\"gallery-1-2105\"><\/a>\n\t\t\t<\/dt>\n\t\t\t\t<dd class=\"wp-caption-text gallery-caption\" id=\"gallery-1-2105\">\n\t\t\t\tSiegerehrung Sch\u00fcler II&nbsp;wbl.&nbsp;<\/dd><\/dl><dl class=\"gallery-item\">\n\t\t\t<dt class=\"gallery-icon landscape\">\n\t\t\t\t<a href=\"https:\/\/sv-oberperfuss.at\/schi\/files\/2010\/06\/Preisverteilung_BezirkNord_180610-400.jpg\"><img width=\"150\" height=\"150\" src=\"https:\/\/sv-oberperfuss.at\/schi\/files\/2010\/06\/Preisverteilung_BezirkNord_180610-400-150x150.jpg\" class=\"attachment-thumbnail size-thumbnail\" alt loading=\"lazy\" aria-describedby=\"gallery-1-2106\"><\/a>\n\t\t\t<\/dt>\n\t\t\t\t<dd class=\"wp-caption-text gallery-caption\" id=\"gallery-1-2106\">\n\t\t\t\tSiegerehrung Sch\u00fcler I m\u00e4nllich&nbsp;<\/dd><\/dl><dl class=\"gallery-item\">\n\t\t\t<dt class=\"gallery-icon landscape\">\n\t\t\t\t<a href=\"https:\/\/sv-oberperfuss.at\/schi\/files\/2010\/06\/Preisverteilung_BezirkNord_180610-384.jpg\"><img width=\"150\" height=\"150\" src=\"https:\/\/sv-oberperfuss.at\/schi\/files\/2010\/06\/Preisverteilung_BezirkNord_180610-384-150x150.jpg\" class=\"attachment-thumbnail size-thumbnail\" alt loading=\"lazy\" aria-describedby=\"gallery-1-2102\"><\/a>\n\t\t\t<\/dt>\n\t\t\t\t<dd class=\"wp-caption-text gallery-caption\" id=\"gallery-1-2102\">\n\t\t\t\tSiegerehrung Sch\u00fcler 1&nbsp;wbl.&nbsp;<\/dd><\/dl><br style=\"clear: both\"><dl class=\"gallery-item\">\n\t\t\t<dt class=\"gallery-icon landscape\">\n\t\t\t\t<a href=\"https:\/\/sv-oberperfuss.at\/schi\/files\/2010\/06\/Preisverteilung_BezirkNord_180610-345.jpg\"><img width=\"150\" height=\"150\" src=\"https:\/\/sv-oberperfuss.at\/schi\/files\/2010\/06\/Preisverteilung_BezirkNord_180610-345-150x150.jpg\" class=\"attachment-thumbnail size-thumbnail\" alt loading=\"lazy\" aria-describedby=\"gallery-1-2100\"><\/a>\n\t\t\t<\/dt>\n\t\t\t\t<dd class=\"wp-caption-text gallery-caption\" id=\"gallery-1-2100\">\n\t\t\t\tSiegerehrung Kinder 2 b m\u00e4nnlich&nbsp;<\/dd><\/dl><dl class=\"gallery-item\">\n\t\t\t<dt class=\"gallery-icon landscape\">\n\t\t\t\t<a href=\"https:\/\/sv-oberperfuss.at\/schi\/files\/2010\/06\/Preisverteilung_BezirkNord_180610-332.jpg\"><img width=\"150\" height=\"150\" src=\"https:\/\/sv-oberperfuss.at\/schi\/files\/2010\/06\/Preisverteilung_BezirkNord_180610-332-150x150.jpg\" class=\"attachment-thumbnail size-thumbnail\" alt loading=\"lazy\" aria-describedby=\"gallery-1-2099\"><\/a>\n\t\t\t<\/dt>\n\t\t\t\t<dd class=\"wp-caption-text gallery-caption\" id=\"gallery-1-2099\">\n\t\t\t\tSiegerehrung Kinder 2 b&nbsp;wbl.&nbsp;<\/dd><\/dl><dl class=\"gallery-item\">\n\t\t\t<dt class=\"gallery-icon landscape\">\n\t\t\t\t<a href=\"https:\/\/sv-oberperfuss.at\/schi\/files\/2010\/06\/Preisverteilung_BezirkNord_180610-300.jpg\"><img width=\"150\" height=\"150\" src=\"https:\/\/sv-oberperfuss.at\/schi\/files\/2010\/06\/Preisverteilung_BezirkNord_180610-300-150x150.jpg\" class=\"attachment-thumbnail size-thumbnail\" alt loading=\"lazy\" aria-describedby=\"gallery-1-2098\"><\/a>\n\t\t\t<\/dt>\n\t\t\t\t<dd class=\"wp-caption-text gallery-caption\" id=\"gallery-1-2098\">\n\t\t\t\tSiegerehrung Kinder 1 c&nbsp;wbl.&nbsp;<\/dd><\/dl><dl class=\"gallery-item\">\n\t\t\t<dt class=\"gallery-icon landscape\">\n\t\t\t\t<a href=\"https:\/\/sv-oberperfuss.at\/schi\/files\/2010\/06\/Preisverteilung_BezirkNord_180610-287.jpg\"><img width=\"150\" height=\"150\" src=\"https:\/\/sv-oberperfuss.at\/schi\/files\/2010\/06\/Preisverteilung_BezirkNord_180610-287-150x150.jpg\" class=\"attachment-thumbnail size-thumbnail\" alt loading=\"lazy\" aria-describedby=\"gallery-1-2097\"><\/a>\n\t\t\t<\/dt>\n\t\t\t\t<dd class=\"wp-caption-text gallery-caption\" id=\"gallery-1-2097\">\n\t\t\t\t10. Platz: Ostermann Luca&nbsp;<\/dd><\/dl><br style=\"clear: both\">\n\t\t<\/div>\n\n","protected":false},"excerpt":{"rendered":"<p>Am Freitag, den 18. Juni 2010 fand im Telfer Rathaussaal die diesj\u00e4hrige Preisverteilung&nbsp;Gesamtwertung Bezirkscup Innsbruck NORD der Kinder und Sch\u00fcler statt.&nbsp;<\/p>\n","protected":false},"author":11,"featured_media":0,"comment_status":"open","ping_status":"closed","sticky":false,"template":"","format":"standard","meta":{"wp_typography_post_enhancements_disabled":false},"categories":[4],"tags":[],"_links":{"self":[{"href":"https:\/\/sv-oberperfuss.at\/schi\/wp-json\/wp\/v2\/posts\/2089"}],"collection":[{"href":"https:\/\/sv-oberperfuss.at\/schi\/wp-json\/wp\/v2\/posts"}],"about":[{"href":"https:\/\/sv-oberperfuss.at\/schi\/wp-json\/wp\/v2\/types\/post"}],"author":[{"embeddable":true,"href":"https:\/\/sv-oberperfuss.at\/schi\/wp-json\/wp\/v2\/users\/11"}],"replies":[{"embeddable":true,"href":"https:\/\/sv-oberperfuss.at\/schi\/wp-json\/wp\/v2\/comments?post=2089"}],"version-history":[{"count":12,"href":"https:\/\/sv-oberperfuss.at\/schi\/wp-json\/wp\/v2\/posts\/2089\/revisions"}],"predecessor-version":[{"id":2117,"href":"https:\/\/sv-oberperfuss.at\/schi\/wp-json\/wp\/v2\/posts\/2089\/revisions\/2117"}],"wp:attachment":[{"href":"https:\/\/sv-oberperfuss.at\/schi\/wp-json\/wp\/v2\/media?parent=2089"}],"wp:term":[{"taxonomy":"category","embeddable":true,"href":"https:\/\/sv-oberperfuss.at\/schi\/wp-json\/wp\/v2\/categories?post=2089"},{"taxonomy":"post_tag","embeddable":true,"href":"https:\/\/sv-oberperfuss.at\/schi\/wp-json\/wp\/v2\/tags?post=2089"}],"curies":[{"name":"wp","href":"https:\/\/api.w.org\/{rel}","templated":true}]}}