{"id":1802,"date":"2010-03-14T21:00:09","date_gmt":"2010-03-14T19:00:09","guid":{"rendered":"https:\/\/sv-oberperfuss.at\/schi\/?p=1802"},"modified":"2017-01-25T16:35:58","modified_gmt":"2017-01-25T14:35:58","slug":"verena-u-armin-tiroler-sl-meister","status":"publish","type":"post","link":"https:\/\/sv-oberperfuss.at\/schi\/verena-u-armin-tiroler-sl-meister\/","title":{"rendered":"Verena u. Armin Tiroler SL Meister"},"content":{"rendered":"<p>Zum Jubil\u00e4um 25 Jahre Peter-Anich-Lauf war diesesmal Oberperfu\u00df Austragungsort der Tiroler Meisterschaften. Gestern, 13. M\u00e4rz 2010 wurde der&nbsp;Slalom&nbsp;auf dem unteren Hang der Greithwiesen gefahren. Die sehr selektive Strecke und auch eine anspruchsvolle Kurssetzung vom \u00d6SV-Trainer Pranter Benjamin im 1. Lauf&nbsp;verlangte den 95 gemeldeten L\u00e4ufer\/innen&nbsp;alles ab.<img title=\"Weiterlesen...\" src=\"https:\/\/sv-oberperfuss.at\/schi\/wp-includes\/js\/tinymce\/plugins\/wordpress\/img\/trans.gif\" alt>Auch die Top-L\u00e4ufer\/innen hatten so ihre Schwierigkeiten. Die Halbzeitf\u00fchrende und&nbsp;&nbsp;Tirol-Cup&nbsp;Leaderin Casotti Michaela vom SC Alpbach&nbsp;konnte den 2. Durchgang leider nicht beenden.<!--more--> <strong>Armin Triendl<\/strong> vom SVO erzielte in beiden Durchg\u00e4ngen Laufbestzeit und ist neuer <strong>Tiroler SL Meister<\/strong>. Auch <strong>Mair Verena<\/strong> konnte in der Klasse Jugend II den <strong>Meistertitel <\/strong>erringen. Gratulation an unsere beiden L\u00e4ufer! <strong>Wir w\u00fcnschen Armin f\u00fcr die \u00f6sterreichischen Meisterschaften (17.3.10&nbsp; \u2014 23.03.10) in Innerkrems alles&nbsp;Gute!<\/strong><\/p>\n<p>Die feierliche Siegerehrung der Tiroler Meister wurde durchgef\u00fchrt von TSV-Pr\u00e4sident Eberl, unserem B\u00fcrgermeister Mag. Ewald Spiegl und Herrn Oberacher.<\/p>\n<p><em>Tagessieger der Tiroler Meisterschaft in SL:<\/em> Sponring Christine und Armin Triendl<\/p>\n<p>Die jeweiligen Klassensieger:<\/p>\n<p>Jugend I w: Auer Kathrin<\/p>\n<p>Jugend I m: Zimmermann Paul<\/p>\n<p>Jugend II m: Feller Manuel<\/p>\n<p>Alterklasse m: Omminger Josef<\/p>\n<p>Ergebnisliste SL: <a href=\"https:\/\/sv-oberperfuss.at\/schi\/files\/2010\/02\/schi201015_tme.pdf\">schi201015_tme<\/a><\/p>\n\n\t\t<style type=\"text\/css\">\n\t\t\t#gallery-1 {\n\t\t\t\tmargin: auto;\n\t\t\t}\n\t\t\t#gallery-1 .gallery-item {\n\t\t\t\tfloat: left;\n\t\t\t\tmargin-top: 10px;\n\t\t\t\ttext-align: center;\n\t\t\t\twidth: 25%;\n\t\t\t}\n\t\t\t#gallery-1 img {\n\t\t\t\tborder: 2px solid #cfcfcf;\n\t\t\t}\n\t\t\t#gallery-1 .gallery-caption {\n\t\t\t\tmargin-left: 0;\n\t\t\t}\n\t\t\t\/* see gallery_shortcode() in wp-includes\/media.php *\/\n\t\t<\/style>\n\t\t<div id=\"gallery-1\" class=\"gallery galleryid-1802 gallery-columns-4 gallery-size-thumbnail\"><dl class=\"gallery-item\">\n\t\t\t<dt class=\"gallery-icon landscape\">\n\t\t\t\t<a href=\"https:\/\/sv-oberperfuss.at\/schi\/files\/2010\/03\/DSC_53811.jpg\"><img width=\"150\" height=\"150\" src=\"https:\/\/sv-oberperfuss.at\/schi\/files\/2010\/03\/DSC_53811-150x150.jpg\" class=\"attachment-thumbnail size-thumbnail\" alt loading=\"lazy\" aria-describedby=\"gallery-1-1864\"><\/a>\n\t\t\t<\/dt>\n\t\t\t\t<dd class=\"wp-caption-text gallery-caption\" id=\"gallery-1-1864\">\n\t\t\t\tAlle Klassensieger&nbsp;<\/dd><\/dl><dl class=\"gallery-item\">\n\t\t\t<dt class=\"gallery-icon portrait\">\n\t\t\t\t<a href=\"https:\/\/sv-oberperfuss.at\/schi\/files\/2010\/03\/DSC_53881.jpg\"><img width=\"150\" height=\"150\" src=\"https:\/\/sv-oberperfuss.at\/schi\/files\/2010\/03\/DSC_53881-150x150.jpg\" class=\"attachment-thumbnail size-thumbnail\" alt loading=\"lazy\" aria-describedby=\"gallery-1-1838\"><\/a>\n\t\t\t<\/dt>\n\t\t\t\t<dd class=\"wp-caption-text gallery-caption\" id=\"gallery-1-1838\">\n\t\t\t\tTiroler Meister\/in in&nbsp;SL&nbsp;<\/dd><\/dl><dl class=\"gallery-item\">\n\t\t\t<dt class=\"gallery-icon landscape\">\n\t\t\t\t<a href=\"https:\/\/sv-oberperfuss.at\/schi\/files\/2010\/03\/DSC_53751.jpg\"><img width=\"150\" height=\"150\" src=\"https:\/\/sv-oberperfuss.at\/schi\/files\/2010\/03\/DSC_53751-150x150.jpg\" class=\"attachment-thumbnail size-thumbnail\" alt loading=\"lazy\" aria-describedby=\"gallery-1-1862\"><\/a>\n\t\t\t<\/dt>\n\t\t\t\t<dd class=\"wp-caption-text gallery-caption\" id=\"gallery-1-1862\">\n\t\t\t\tSiegerehrung Allg. Kl.&nbsp;m.&nbsp;<\/dd><\/dl><dl class=\"gallery-item\">\n\t\t\t<dt class=\"gallery-icon landscape\">\n\t\t\t\t<a href=\"https:\/\/sv-oberperfuss.at\/schi\/files\/2010\/03\/DSC_53781.jpg\"><img width=\"150\" height=\"150\" src=\"https:\/\/sv-oberperfuss.at\/schi\/files\/2010\/03\/DSC_53781-150x150.jpg\" class=\"attachment-thumbnail size-thumbnail\" alt loading=\"lazy\" aria-describedby=\"gallery-1-1863\"><\/a>\n\t\t\t<\/dt>\n\t\t\t\t<dd class=\"wp-caption-text gallery-caption\" id=\"gallery-1-1863\">\n\t\t\t\tSiegerehrung AK&nbsp;m.&nbsp;<\/dd><\/dl><br style=\"clear: both\"><dl class=\"gallery-item\">\n\t\t\t<dt class=\"gallery-icon portrait\">\n\t\t\t\t<a href=\"https:\/\/sv-oberperfuss.at\/schi\/files\/2010\/03\/DSC_53721.jpg\"><img width=\"150\" height=\"150\" src=\"https:\/\/sv-oberperfuss.at\/schi\/files\/2010\/03\/DSC_53721-150x150.jpg\" class=\"attachment-thumbnail size-thumbnail\" alt loading=\"lazy\" aria-describedby=\"gallery-1-1861\"><\/a>\n\t\t\t<\/dt>\n\t\t\t\t<dd class=\"wp-caption-text gallery-caption\" id=\"gallery-1-1861\">\n\t\t\t\tSiegerin Sponring&nbsp;<\/dd><\/dl><dl class=\"gallery-item\">\n\t\t\t<dt class=\"gallery-icon landscape\">\n\t\t\t\t<a href=\"https:\/\/sv-oberperfuss.at\/schi\/files\/2010\/03\/DSC_53701.jpg\"><img width=\"150\" height=\"150\" src=\"https:\/\/sv-oberperfuss.at\/schi\/files\/2010\/03\/DSC_53701-150x150.jpg\" class=\"attachment-thumbnail size-thumbnail\" alt loading=\"lazy\" aria-describedby=\"gallery-1-1860\"><\/a>\n\t\t\t<\/dt>\n\t\t\t\t<dd class=\"wp-caption-text gallery-caption\" id=\"gallery-1-1860\">\n\t\t\t\tSiegerehrung Jgd. II&nbsp;m.&nbsp;<\/dd><\/dl><dl class=\"gallery-item\">\n\t\t\t<dt class=\"gallery-icon landscape\">\n\t\t\t\t<a href=\"https:\/\/sv-oberperfuss.at\/schi\/files\/2010\/03\/DSC_53681.jpg\"><img width=\"150\" height=\"150\" src=\"https:\/\/sv-oberperfuss.at\/schi\/files\/2010\/03\/DSC_53681-150x150.jpg\" class=\"attachment-thumbnail size-thumbnail\" alt loading=\"lazy\" aria-describedby=\"gallery-1-1859\"><\/a>\n\t\t\t<\/dt>\n\t\t\t\t<dd class=\"wp-caption-text gallery-caption\" id=\"gallery-1-1859\">\n\t\t\t\tSiegerehrung Jgd. I&nbsp;m.&nbsp;<\/dd><\/dl><dl class=\"gallery-item\">\n\t\t\t<dt class=\"gallery-icon landscape\">\n\t\t\t\t<a href=\"https:\/\/sv-oberperfuss.at\/schi\/files\/2010\/03\/DSC_53651.jpg\"><img width=\"150\" height=\"150\" src=\"https:\/\/sv-oberperfuss.at\/schi\/files\/2010\/03\/DSC_53651-150x150.jpg\" class=\"attachment-thumbnail size-thumbnail\" alt loading=\"lazy\" aria-describedby=\"gallery-1-1858\"><\/a>\n\t\t\t<\/dt>\n\t\t\t\t<dd class=\"wp-caption-text gallery-caption\" id=\"gallery-1-1858\">\n\t\t\t\tSiegerehrung Jugend II&nbsp;w.&nbsp;<\/dd><\/dl><br style=\"clear: both\"><dl class=\"gallery-item\">\n\t\t\t<dt class=\"gallery-icon landscape\">\n\t\t\t\t<a href=\"https:\/\/sv-oberperfuss.at\/schi\/files\/2010\/03\/DSC_53611.jpg\"><img width=\"150\" height=\"150\" src=\"https:\/\/sv-oberperfuss.at\/schi\/files\/2010\/03\/DSC_53611-150x150.jpg\" class=\"attachment-thumbnail size-thumbnail\" alt loading=\"lazy\" aria-describedby=\"gallery-1-1857\"><\/a>\n\t\t\t<\/dt>\n\t\t\t\t<dd class=\"wp-caption-text gallery-caption\" id=\"gallery-1-1857\">\n\t\t\t\tSiegerehrung Jugend I&nbsp;w.&nbsp;<\/dd><\/dl><dl class=\"gallery-item\">\n\t\t\t<dt class=\"gallery-icon landscape\">\n\t\t\t\t<a href=\"https:\/\/sv-oberperfuss.at\/schi\/files\/2010\/03\/DSC_53601.jpg\"><img width=\"150\" height=\"150\" src=\"https:\/\/sv-oberperfuss.at\/schi\/files\/2010\/03\/DSC_53601-150x150.jpg\" class=\"attachment-thumbnail size-thumbnail\" alt loading=\"lazy\" aria-describedby=\"gallery-1-1856\"><\/a>\n\t\t\t<\/dt>\n\t\t\t\t<dd class=\"wp-caption-text gallery-caption\" id=\"gallery-1-1856\">\n\t\t\t\tTSV-Pr\u00e4sident Eberl&nbsp;<\/dd><\/dl><dl class=\"gallery-item\">\n\t\t\t<dt class=\"gallery-icon portrait\">\n\t\t\t\t<a href=\"https:\/\/sv-oberperfuss.at\/schi\/files\/2010\/03\/DSC_53571.jpg\"><img width=\"150\" height=\"150\" src=\"https:\/\/sv-oberperfuss.at\/schi\/files\/2010\/03\/DSC_53571-150x150.jpg\" class=\"attachment-thumbnail size-thumbnail\" alt loading=\"lazy\" aria-describedby=\"gallery-1-1854\"><\/a>\n\t\t\t<\/dt>\n\t\t\t\t<dd class=\"wp-caption-text gallery-caption\" id=\"gallery-1-1854\">\n\t\t\t\tMelanie +&nbsp;Eva&nbsp;<\/dd><\/dl><dl class=\"gallery-item\">\n\t\t\t<dt class=\"gallery-icon landscape\">\n\t\t\t\t<a href=\"https:\/\/sv-oberperfuss.at\/schi\/files\/2010\/03\/DSC_53221.jpg\"><img width=\"150\" height=\"150\" src=\"https:\/\/sv-oberperfuss.at\/schi\/files\/2010\/03\/DSC_53221-150x150.jpg\" class=\"attachment-thumbnail size-thumbnail\" alt loading=\"lazy\" aria-describedby=\"gallery-1-1844\"><\/a>\n\t\t\t<\/dt>\n\t\t\t\t<dd class=\"wp-caption-text gallery-caption\" id=\"gallery-1-1844\">\n\t\t\t\tZimmermann Peter&nbsp;<\/dd><\/dl><br style=\"clear: both\"><dl class=\"gallery-item\">\n\t\t\t<dt class=\"gallery-icon landscape\">\n\t\t\t\t<a href=\"https:\/\/sv-oberperfuss.at\/schi\/files\/2010\/03\/DSC_53261.jpg\"><img width=\"150\" height=\"150\" src=\"https:\/\/sv-oberperfuss.at\/schi\/files\/2010\/03\/DSC_53261-150x150.jpg\" class=\"attachment-thumbnail size-thumbnail\" alt loading=\"lazy\" aria-describedby=\"gallery-1-1845\"><\/a>\n\t\t\t<\/dt>\n\t\t\t\t<dd class=\"wp-caption-text gallery-caption\" id=\"gallery-1-1845\">\n\t\t\t\tLeader Riegler Daniel&nbsp;<\/dd><\/dl><dl class=\"gallery-item\">\n\t\t\t<dt class=\"gallery-icon landscape\">\n\t\t\t\t<a href=\"https:\/\/sv-oberperfuss.at\/schi\/files\/2010\/03\/DSC_53311.jpg\"><img width=\"150\" height=\"150\" src=\"https:\/\/sv-oberperfuss.at\/schi\/files\/2010\/03\/DSC_53311-150x150.jpg\" class=\"attachment-thumbnail size-thumbnail\" alt loading=\"lazy\" aria-describedby=\"gallery-1-1846\"><\/a>\n\t\t\t<\/dt>\n\t\t\t\t<dd class=\"wp-caption-text gallery-caption\" id=\"gallery-1-1846\">\n\t\t\t\tNachschatten Christoph&nbsp;<\/dd><\/dl><dl class=\"gallery-item\">\n\t\t\t<dt class=\"gallery-icon landscape\">\n\t\t\t\t<a href=\"https:\/\/sv-oberperfuss.at\/schi\/files\/2010\/03\/DSC_53341.jpg\"><img width=\"150\" height=\"150\" src=\"https:\/\/sv-oberperfuss.at\/schi\/files\/2010\/03\/DSC_53341-150x150.jpg\" class=\"attachment-thumbnail size-thumbnail\" alt loading=\"lazy\" aria-describedby=\"gallery-1-1847\"><\/a>\n\t\t\t<\/dt>\n\t\t\t\t<dd class=\"wp-caption-text gallery-caption\" id=\"gallery-1-1847\">\n\t\t\t\tFeller Manuel&nbsp;<\/dd><\/dl><dl class=\"gallery-item\">\n\t\t\t<dt class=\"gallery-icon landscape\">\n\t\t\t\t<a href=\"https:\/\/sv-oberperfuss.at\/schi\/files\/2010\/03\/DSC_53381.jpg\"><img width=\"150\" height=\"150\" src=\"https:\/\/sv-oberperfuss.at\/schi\/files\/2010\/03\/DSC_53381-150x150.jpg\" class=\"attachment-thumbnail size-thumbnail\" alt loading=\"lazy\" aria-describedby=\"gallery-1-1848\"><\/a>\n\t\t\t<\/dt>\n\t\t\t\t<dd class=\"wp-caption-text gallery-caption\" id=\"gallery-1-1848\">\n\t\t\t\tSieger Armin Triendl&nbsp;<\/dd><\/dl><br style=\"clear: both\"><dl class=\"gallery-item\">\n\t\t\t<dt class=\"gallery-icon landscape\">\n\t\t\t\t<a href=\"https:\/\/sv-oberperfuss.at\/schi\/files\/2010\/03\/DSC_52631.jpg\"><img width=\"150\" height=\"150\" src=\"https:\/\/sv-oberperfuss.at\/schi\/files\/2010\/03\/DSC_52631-150x150.jpg\" class=\"attachment-thumbnail size-thumbnail\" alt loading=\"lazy\" aria-describedby=\"gallery-1-1839\"><\/a>\n\t\t\t<\/dt>\n\t\t\t\t<dd class=\"wp-caption-text gallery-caption\" id=\"gallery-1-1839\">\n\t\t\t\tVorl\u00e4ufer 2.DG Gogg Mathias&nbsp;<\/dd><\/dl><dl class=\"gallery-item\">\n\t\t\t<dt class=\"gallery-icon landscape\">\n\t\t\t\t<a href=\"https:\/\/sv-oberperfuss.at\/schi\/files\/2010\/03\/DSC_52971.jpg\"><img width=\"150\" height=\"150\" src=\"https:\/\/sv-oberperfuss.at\/schi\/files\/2010\/03\/DSC_52971-150x150.jpg\" class=\"attachment-thumbnail size-thumbnail\" alt loading=\"lazy\" aria-describedby=\"gallery-1-1842\"><\/a>\n\t\t\t<\/dt>\n\t\t\t\t<dd class=\"wp-caption-text gallery-caption\" id=\"gallery-1-1842\">\n\t\t\t\tSiegerin Sponring&nbsp;<\/dd><\/dl><dl class=\"gallery-item\">\n\t\t\t<dt class=\"gallery-icon landscape\">\n\t\t\t\t<a href=\"https:\/\/sv-oberperfuss.at\/schi\/files\/2010\/03\/DSC_53021.jpg\"><img width=\"150\" height=\"150\" src=\"https:\/\/sv-oberperfuss.at\/schi\/files\/2010\/03\/DSC_53021-150x150.jpg\" class=\"attachment-thumbnail size-thumbnail\" alt loading=\"lazy\" aria-describedby=\"gallery-1-1843\"><\/a>\n\t\t\t<\/dt>\n\t\t\t\t<dd class=\"wp-caption-text gallery-caption\" id=\"gallery-1-1843\">\n\t\t\t\tLeaderin Casotti Michaela&nbsp;<\/dd><\/dl><dl class=\"gallery-item\">\n\t\t\t<dt class=\"gallery-icon landscape\">\n\t\t\t\t<a href=\"https:\/\/sv-oberperfuss.at\/schi\/files\/2010\/03\/DSC_52691.jpg\"><img width=\"150\" height=\"150\" src=\"https:\/\/sv-oberperfuss.at\/schi\/files\/2010\/03\/DSC_52691-150x150.jpg\" class=\"attachment-thumbnail size-thumbnail\" alt loading=\"lazy\" aria-describedby=\"gallery-1-1840\"><\/a>\n\t\t\t<\/dt>\n\t\t\t\t<dd class=\"wp-caption-text gallery-caption\" id=\"gallery-1-1840\">\n\t\t\t\tVorl\u00e4uferin Venier Bianca&nbsp;<\/dd><\/dl><br style=\"clear: both\"><dl class=\"gallery-item\">\n\t\t\t<dt class=\"gallery-icon landscape\">\n\t\t\t\t<a href=\"https:\/\/sv-oberperfuss.at\/schi\/files\/2010\/03\/DSC_52711.jpg\"><img width=\"150\" height=\"150\" src=\"https:\/\/sv-oberperfuss.at\/schi\/files\/2010\/03\/DSC_52711-150x150.jpg\" class=\"attachment-thumbnail size-thumbnail\" alt loading=\"lazy\" aria-describedby=\"gallery-1-1841\"><\/a>\n\t\t\t<\/dt>\n\t\t\t\t<dd class=\"wp-caption-text gallery-caption\" id=\"gallery-1-1841\">\n\t\t\t\tVorl\u00e4uferin Plunser Linda&nbsp;<\/dd><\/dl><dl class=\"gallery-item\">\n\t\t\t<dt class=\"gallery-icon landscape\">\n\t\t\t\t<a href=\"https:\/\/sv-oberperfuss.at\/schi\/files\/2010\/03\/DSC_53541.jpg\"><img width=\"150\" height=\"150\" src=\"https:\/\/sv-oberperfuss.at\/schi\/files\/2010\/03\/DSC_53541-150x150.jpg\" class=\"attachment-thumbnail size-thumbnail\" alt loading=\"lazy\" aria-describedby=\"gallery-1-1853\"><\/a>\n\t\t\t<\/dt>\n\t\t\t\t<dd class=\"wp-caption-text gallery-caption\" id=\"gallery-1-1853\">\n\t\t\t\tBlick nach Innsbruck&nbsp;<\/dd><\/dl><dl class=\"gallery-item\">\n\t\t\t<dt class=\"gallery-icon landscape\">\n\t\t\t\t<a href=\"https:\/\/sv-oberperfuss.at\/schi\/files\/2010\/03\/DSC_53501.jpg\"><img width=\"150\" height=\"150\" src=\"https:\/\/sv-oberperfuss.at\/schi\/files\/2010\/03\/DSC_53501-150x150.jpg\" class=\"attachment-thumbnail size-thumbnail\" alt loading=\"lazy\" aria-describedby=\"gallery-1-1851\"><\/a>\n\t\t\t<\/dt>\n\t\t\t\t<dd class=\"wp-caption-text gallery-caption\" id=\"gallery-1-1851\">\n\t\t\t\tChristine +&nbsp;Gitti&nbsp;<\/dd><\/dl><dl class=\"gallery-item\">\n\t\t\t<dt class=\"gallery-icon landscape\">\n\t\t\t\t<a href=\"https:\/\/sv-oberperfuss.at\/schi\/files\/2010\/03\/DSC_53471.jpg\"><img width=\"150\" height=\"150\" src=\"https:\/\/sv-oberperfuss.at\/schi\/files\/2010\/03\/DSC_53471-150x150.jpg\" class=\"attachment-thumbnail size-thumbnail\" alt loading=\"lazy\" aria-describedby=\"gallery-1-1849\"><\/a>\n\t\t\t<\/dt>\n\t\t\t\t<dd class=\"wp-caption-text gallery-caption\" id=\"gallery-1-1849\">\n\t\t\t\tVersorgungsstation&nbsp;<\/dd><\/dl><br style=\"clear: both\"><dl class=\"gallery-item\">\n\t\t\t<dt class=\"gallery-icon landscape\">\n\t\t\t\t<a href=\"https:\/\/sv-oberperfuss.at\/schi\/files\/2010\/03\/DSC_53481.jpg\"><img width=\"150\" height=\"150\" src=\"https:\/\/sv-oberperfuss.at\/schi\/files\/2010\/03\/DSC_53481-150x150.jpg\" class=\"attachment-thumbnail size-thumbnail\" alt loading=\"lazy\" aria-describedby=\"gallery-1-1850\"><\/a>\n\t\t\t<\/dt>\n\t\t\t\t<dd class=\"wp-caption-text gallery-caption\" id=\"gallery-1-1850\">\n\t\t\t\tLauf&nbsp;<\/dd><\/dl><dl class=\"gallery-item\">\n\t\t\t<dt class=\"gallery-icon landscape\">\n\t\t\t\t<a href=\"https:\/\/sv-oberperfuss.at\/schi\/files\/2010\/03\/DSC_53531.jpg\"><img width=\"150\" height=\"150\" src=\"https:\/\/sv-oberperfuss.at\/schi\/files\/2010\/03\/DSC_53531-150x150.jpg\" class=\"attachment-thumbnail size-thumbnail\" alt loading=\"lazy\" aria-describedby=\"gallery-1-1852\"><\/a>\n\t\t\t<\/dt>\n\t\t\t\t<dd class=\"wp-caption-text gallery-caption\" id=\"gallery-1-1852\">\n\t\t\t\tZielgel\u00e4nde&nbsp;<\/dd><\/dl>\n\t\t\t<br style=\"clear: both\">\n\t\t<\/div>\n\n","protected":false},"excerpt":{"rendered":"<p>Zum Jubil\u00e4um 25 Jahre Peter-Anich-Lauf war diesesmal Oberperfu\u00df Austragungsort der Tiroler Meisterschaften. Gestern, 13. M\u00e4rz 2010 wurde der&nbsp;Slalom&nbsp;auf dem unteren Hang der Greithwiesen gefahren. Die sehr selektive Strecke und auch eine anspruchsvolle Kurssetzung vom \u00d6SV-Trainer Pranter Benjamin im 1. Lauf&nbsp;verlangte den 95 gemeldeten L\u00e4ufer\/innen&nbsp;alles ab.Auch die Top-L\u00e4ufer\/innen hatten so ihre Schwierigkeiten. Die Halbzeitf\u00fchrende und&nbsp;&nbsp;Tirol-Cup&nbsp;Leaderin Casotti&nbsp;[\u2026]<\/p>\n","protected":false},"author":11,"featured_media":0,"comment_status":"open","ping_status":"closed","sticky":false,"template":"","format":"standard","meta":{"wp_typography_post_enhancements_disabled":false},"categories":[4],"tags":[],"_links":{"self":[{"href":"https:\/\/sv-oberperfuss.at\/schi\/wp-json\/wp\/v2\/posts\/1802"}],"collection":[{"href":"https:\/\/sv-oberperfuss.at\/schi\/wp-json\/wp\/v2\/posts"}],"about":[{"href":"https:\/\/sv-oberperfuss.at\/schi\/wp-json\/wp\/v2\/types\/post"}],"author":[{"embeddable":true,"href":"https:\/\/sv-oberperfuss.at\/schi\/wp-json\/wp\/v2\/users\/11"}],"replies":[{"embeddable":true,"href":"https:\/\/sv-oberperfuss.at\/schi\/wp-json\/wp\/v2\/comments?post=1802"}],"version-history":[{"count":10,"href":"https:\/\/sv-oberperfuss.at\/schi\/wp-json\/wp\/v2\/posts\/1802\/revisions"}],"predecessor-version":[{"id":1921,"href":"https:\/\/sv-oberperfuss.at\/schi\/wp-json\/wp\/v2\/posts\/1802\/revisions\/1921"}],"wp:attachment":[{"href":"https:\/\/sv-oberperfuss.at\/schi\/wp-json\/wp\/v2\/media?parent=1802"}],"wp:term":[{"taxonomy":"category","embeddable":true,"href":"https:\/\/sv-oberperfuss.at\/schi\/wp-json\/wp\/v2\/categories?post=1802"},{"taxonomy":"post_tag","embeddable":true,"href":"https:\/\/sv-oberperfuss.at\/schi\/wp-json\/wp\/v2\/tags?post=1802"}],"curies":[{"name":"wp","href":"https:\/\/api.w.org\/{rel}","templated":true}]}}