{"id":16180,"date":"2025-03-08T21:02:23","date_gmt":"2025-03-08T19:02:23","guid":{"rendered":"https:\/\/sv-oberperfuss.at\/schi\/?p=16180"},"modified":"2025-03-08T21:02:23","modified_gmt":"2025-03-08T19:02:23","slug":"veniercup-der-volksschulen-am-rangger-koepfl-2","status":"publish","type":"post","link":"https:\/\/sv-oberperfuss.at\/schi\/veniercup-der-volksschulen-am-rangger-koepfl-2\/","title":{"rendered":"VENIERcup der Volksschulen am Rangger K\u00f6pfl"},"content":{"rendered":"<p>Am heutigen Samstag wurde bei traumhaftem Sonnenschein der VENIERcup der Volksschulen Oberperfuss am Rangger K\u00f6pfl durchgef\u00fchrt. Dieses Highlight f\u00fcr die Kinder der Volksschulen Oberperfuss Dorf und Oberperfuss Berg bildet den j\u00e4hrlichen Abschluss f\u00fcr unser gemeinsames Schiprojekt \u201eOberperfuss f\u00e4hrt Schi\u201c welches den Winter hindurch den Kindern am Nachmittag das Schifahren erm\u00f6glicht. Dabei helfen die Kooperationspartner SV Oberperfuss Schi, die Bergbahnen Oberperfuss, die Schischule Kleissl Hannes und nat\u00fcrlich alle Lehrer und Lehrerinnen zusammen und verlegen einen Teil der Turnstunden auf die Piste. Da die Projektpatin Stephi Venier krankheitsbedingt vakant war, wurde die Startgruppenauslosung diesmal per Videocall in den Schulen durchgef\u00fchrt. Der von Papa Mario Venier ausgeflaggte Riesentorlauf wurde anschlie\u00dfend Klassenweise (Schulklasse \ud83d\ude09) gemeinsam befahren und zusammen als Schulklasse eine Zeit gerechnet (die top3 Zeiten). Als Preise erhielten alle Kinder eine Palette eigens kreierte Venierkrapfen vom B\u00e4cker Ruetz (\u00fcber 300 Stk.!) und das eigene coole Rennfoto in ausgedruckter Form vor Ort! Viele Kinder durften heute ihr \u00fcberhaupt erstes Schirennen bestreiten und bei der Preisverteilung ging es spannend her, schlie\u00dflich galt es die \u201eschnellste Klasse\u201c aus Oberperfuss zu ermitteln. Dies schaffte dieses Jahr die Klasse 4a der VS Dorf, welche sich sodann die eigens kreierte Torflagge f\u00fcr ihr Klassenzimmer sicherte. Die schnellste Damen Zeit sicherte sich Antonia Rubatscher der 4a Dorf, die schnellste Herren Zeit Neo Hujara der 3a Dorf. Wir gratulieren allen TeilnehmerInnen zu den erbrachten Leistungen!<\/p>\n<p>Ein gro\u00dfes Danke-Sch\u00f6n ergeht an unsere Sponsoren, ohne die das nicht m\u00f6glich w\u00e4re, allen Kindern, die hoffentlich gen\u00fcgend Spa\u00df hatten und nat\u00fcrlich an alle Eltern &amp; LehrerInnen die das gesamte Projekt derart unterst\u00fctzen!<\/p>\n<p><strong>Hier gibt es alle Ergebnislisten:<br>\n<\/strong><a href=\"https:\/\/sv-oberperfuss.at\/schi\/ergebnisse\/\" target=\"_blank\" rel=\"noopener\"><strong>https:\/\/sv-oberperfuss.at\/schi\/ergebnisse\/<\/strong><\/a><\/p>\n<p><a href=\"https:\/\/sv-oberperfuss.at\/schi\/files\/2025\/03\/001-2.jpg\"><img loading=\"lazy\" class=\"alignnone size-full wp-image-16181\" src=\"https:\/\/sv-oberperfuss.at\/schi\/files\/2025\/03\/001-2.jpg\" alt width=\"1280\" height=\"960\" srcset=\"https:\/\/sv-oberperfuss.at\/schi\/files\/2025\/03\/001-2.jpg 1280w, https:\/\/sv-oberperfuss.at\/schi\/files\/2025\/03\/001-2-300x225.jpg 300w, https:\/\/sv-oberperfuss.at\/schi\/files\/2025\/03\/001-2-1024x768.jpg 1024w, https:\/\/sv-oberperfuss.at\/schi\/files\/2025\/03\/001-2-768x576.jpg 768w\" sizes=\"(max-width: 1280px) 100vw, 1280px\"><\/a> <a href=\"https:\/\/sv-oberperfuss.at\/schi\/files\/2025\/03\/002-2.jpg\"><img loading=\"lazy\" class=\"alignnone size-full wp-image-16182\" src=\"https:\/\/sv-oberperfuss.at\/schi\/files\/2025\/03\/002-2.jpg\" alt width=\"1280\" height=\"1024\" srcset=\"https:\/\/sv-oberperfuss.at\/schi\/files\/2025\/03\/002-2.jpg 1280w, https:\/\/sv-oberperfuss.at\/schi\/files\/2025\/03\/002-2-300x240.jpg 300w, https:\/\/sv-oberperfuss.at\/schi\/files\/2025\/03\/002-2-1024x819.jpg 1024w, https:\/\/sv-oberperfuss.at\/schi\/files\/2025\/03\/002-2-768x614.jpg 768w\" sizes=\"(max-width: 1280px) 100vw, 1280px\"><\/a> <a href=\"https:\/\/sv-oberperfuss.at\/schi\/files\/2025\/03\/003-2.jpg\"><img loading=\"lazy\" class=\"alignnone size-full wp-image-16183\" src=\"https:\/\/sv-oberperfuss.at\/schi\/files\/2025\/03\/003-2.jpg\" alt width=\"1280\" height=\"826\" srcset=\"https:\/\/sv-oberperfuss.at\/schi\/files\/2025\/03\/003-2.jpg 1280w, https:\/\/sv-oberperfuss.at\/schi\/files\/2025\/03\/003-2-300x194.jpg 300w, https:\/\/sv-oberperfuss.at\/schi\/files\/2025\/03\/003-2-1024x661.jpg 1024w, https:\/\/sv-oberperfuss.at\/schi\/files\/2025\/03\/003-2-768x496.jpg 768w\" sizes=\"(max-width: 1280px) 100vw, 1280px\"><\/a> <a href=\"https:\/\/sv-oberperfuss.at\/schi\/files\/2025\/03\/004-2.jpg\"><img loading=\"lazy\" class=\"alignnone size-full wp-image-16184\" src=\"https:\/\/sv-oberperfuss.at\/schi\/files\/2025\/03\/004-2.jpg\" alt width=\"1280\" height=\"960\" srcset=\"https:\/\/sv-oberperfuss.at\/schi\/files\/2025\/03\/004-2.jpg 1280w, https:\/\/sv-oberperfuss.at\/schi\/files\/2025\/03\/004-2-300x225.jpg 300w, https:\/\/sv-oberperfuss.at\/schi\/files\/2025\/03\/004-2-1024x768.jpg 1024w, https:\/\/sv-oberperfuss.at\/schi\/files\/2025\/03\/004-2-768x576.jpg 768w\" sizes=\"(max-width: 1280px) 100vw, 1280px\"><\/a> <a href=\"https:\/\/sv-oberperfuss.at\/schi\/files\/2025\/03\/005-2.jpg\"><img loading=\"lazy\" class=\"alignnone size-full wp-image-16185\" src=\"https:\/\/sv-oberperfuss.at\/schi\/files\/2025\/03\/005-2.jpg\" alt width=\"1280\" height=\"1024\" srcset=\"https:\/\/sv-oberperfuss.at\/schi\/files\/2025\/03\/005-2.jpg 1280w, https:\/\/sv-oberperfuss.at\/schi\/files\/2025\/03\/005-2-300x240.jpg 300w, https:\/\/sv-oberperfuss.at\/schi\/files\/2025\/03\/005-2-1024x819.jpg 1024w, https:\/\/sv-oberperfuss.at\/schi\/files\/2025\/03\/005-2-768x614.jpg 768w\" sizes=\"(max-width: 1280px) 100vw, 1280px\"><\/a> <a href=\"https:\/\/sv-oberperfuss.at\/schi\/files\/2025\/03\/006-2.jpg\"><img loading=\"lazy\" class=\"alignnone size-full wp-image-16186\" src=\"https:\/\/sv-oberperfuss.at\/schi\/files\/2025\/03\/006-2.jpg\" alt width=\"1280\" height=\"960\" srcset=\"https:\/\/sv-oberperfuss.at\/schi\/files\/2025\/03\/006-2.jpg 1280w, https:\/\/sv-oberperfuss.at\/schi\/files\/2025\/03\/006-2-300x225.jpg 300w, https:\/\/sv-oberperfuss.at\/schi\/files\/2025\/03\/006-2-1024x768.jpg 1024w, https:\/\/sv-oberperfuss.at\/schi\/files\/2025\/03\/006-2-768x576.jpg 768w\" sizes=\"(max-width: 1280px) 100vw, 1280px\"><\/a> <a href=\"https:\/\/sv-oberperfuss.at\/schi\/files\/2025\/03\/007-2.jpg\"><img loading=\"lazy\" class=\"alignnone size-full wp-image-16187\" src=\"https:\/\/sv-oberperfuss.at\/schi\/files\/2025\/03\/007-2.jpg\" alt width=\"1280\" height=\"960\" srcset=\"https:\/\/sv-oberperfuss.at\/schi\/files\/2025\/03\/007-2.jpg 1280w, https:\/\/sv-oberperfuss.at\/schi\/files\/2025\/03\/007-2-300x225.jpg 300w, https:\/\/sv-oberperfuss.at\/schi\/files\/2025\/03\/007-2-1024x768.jpg 1024w, https:\/\/sv-oberperfuss.at\/schi\/files\/2025\/03\/007-2-768x576.jpg 768w\" sizes=\"(max-width: 1280px) 100vw, 1280px\"><\/a> <a href=\"https:\/\/sv-oberperfuss.at\/schi\/files\/2025\/03\/008-1.jpg\"><img loading=\"lazy\" class=\"alignnone size-full wp-image-16188\" src=\"https:\/\/sv-oberperfuss.at\/schi\/files\/2025\/03\/008-1.jpg\" alt width=\"1280\" height=\"1024\" srcset=\"https:\/\/sv-oberperfuss.at\/schi\/files\/2025\/03\/008-1.jpg 1280w, https:\/\/sv-oberperfuss.at\/schi\/files\/2025\/03\/008-1-300x240.jpg 300w, https:\/\/sv-oberperfuss.at\/schi\/files\/2025\/03\/008-1-1024x819.jpg 1024w, https:\/\/sv-oberperfuss.at\/schi\/files\/2025\/03\/008-1-768x614.jpg 768w\" sizes=\"(max-width: 1280px) 100vw, 1280px\"><\/a> <a href=\"https:\/\/sv-oberperfuss.at\/schi\/files\/2025\/03\/009-1.jpg\"><img loading=\"lazy\" class=\"alignnone size-full wp-image-16189\" src=\"https:\/\/sv-oberperfuss.at\/schi\/files\/2025\/03\/009-1.jpg\" alt width=\"1280\" height=\"960\" srcset=\"https:\/\/sv-oberperfuss.at\/schi\/files\/2025\/03\/009-1.jpg 1280w, https:\/\/sv-oberperfuss.at\/schi\/files\/2025\/03\/009-1-300x225.jpg 300w, https:\/\/sv-oberperfuss.at\/schi\/files\/2025\/03\/009-1-1024x768.jpg 1024w, https:\/\/sv-oberperfuss.at\/schi\/files\/2025\/03\/009-1-768x576.jpg 768w\" sizes=\"(max-width: 1280px) 100vw, 1280px\"><\/a> <a href=\"https:\/\/sv-oberperfuss.at\/schi\/files\/2025\/03\/010-1.jpg\"><img loading=\"lazy\" class=\"alignnone size-full wp-image-16190\" src=\"https:\/\/sv-oberperfuss.at\/schi\/files\/2025\/03\/010-1.jpg\" alt width=\"1280\" height=\"1024\" srcset=\"https:\/\/sv-oberperfuss.at\/schi\/files\/2025\/03\/010-1.jpg 1280w, https:\/\/sv-oberperfuss.at\/schi\/files\/2025\/03\/010-1-300x240.jpg 300w, https:\/\/sv-oberperfuss.at\/schi\/files\/2025\/03\/010-1-1024x819.jpg 1024w, https:\/\/sv-oberperfuss.at\/schi\/files\/2025\/03\/010-1-768x614.jpg 768w\" sizes=\"(max-width: 1280px) 100vw, 1280px\"><\/a> <a href=\"https:\/\/sv-oberperfuss.at\/schi\/files\/2025\/03\/011-1.jpg\"><img loading=\"lazy\" class=\"alignnone size-full wp-image-16191\" src=\"https:\/\/sv-oberperfuss.at\/schi\/files\/2025\/03\/011-1.jpg\" alt width=\"1280\" height=\"1024\" srcset=\"https:\/\/sv-oberperfuss.at\/schi\/files\/2025\/03\/011-1.jpg 1280w, https:\/\/sv-oberperfuss.at\/schi\/files\/2025\/03\/011-1-300x240.jpg 300w, https:\/\/sv-oberperfuss.at\/schi\/files\/2025\/03\/011-1-1024x819.jpg 1024w, https:\/\/sv-oberperfuss.at\/schi\/files\/2025\/03\/011-1-768x614.jpg 768w\" sizes=\"(max-width: 1280px) 100vw, 1280px\"><\/a> <a href=\"https:\/\/sv-oberperfuss.at\/schi\/files\/2025\/03\/012-1.jpg\"><img loading=\"lazy\" class=\"alignnone size-full wp-image-16192\" src=\"https:\/\/sv-oberperfuss.at\/schi\/files\/2025\/03\/012-1.jpg\" alt width=\"1280\" height=\"1024\" srcset=\"https:\/\/sv-oberperfuss.at\/schi\/files\/2025\/03\/012-1.jpg 1280w, https:\/\/sv-oberperfuss.at\/schi\/files\/2025\/03\/012-1-300x240.jpg 300w, https:\/\/sv-oberperfuss.at\/schi\/files\/2025\/03\/012-1-1024x819.jpg 1024w, https:\/\/sv-oberperfuss.at\/schi\/files\/2025\/03\/012-1-768x614.jpg 768w\" sizes=\"(max-width: 1280px) 100vw, 1280px\"><\/a><\/p>\n","protected":false},"excerpt":{"rendered":"<p>Am heutigen Samstag wurde bei traumhaftem Sonnenschein der VENIERcup der Volksschulen Oberperfuss am Rangger K\u00f6pfl durchgef\u00fchrt. Dieses Highlight f\u00fcr die Kinder der Volksschulen Oberperfuss Dorf und Oberperfuss Berg bildet den j\u00e4hrlichen Abschluss f\u00fcr unser gemeinsames Schiprojekt \u201eOberperfuss f\u00e4hrt Schi\u201c welches den Winter hindurch den Kindern am Nachmittag das Schifahren erm\u00f6glicht. Dabei helfen die Kooperationspartner SV&nbsp;[\u2026]<\/p>\n","protected":false},"author":38,"featured_media":0,"comment_status":"open","ping_status":"closed","sticky":false,"template":"","format":"standard","meta":{"wp_typography_post_enhancements_disabled":false},"categories":[4],"tags":[],"_links":{"self":[{"href":"https:\/\/sv-oberperfuss.at\/schi\/wp-json\/wp\/v2\/posts\/16180"}],"collection":[{"href":"https:\/\/sv-oberperfuss.at\/schi\/wp-json\/wp\/v2\/posts"}],"about":[{"href":"https:\/\/sv-oberperfuss.at\/schi\/wp-json\/wp\/v2\/types\/post"}],"author":[{"embeddable":true,"href":"https:\/\/sv-oberperfuss.at\/schi\/wp-json\/wp\/v2\/users\/38"}],"replies":[{"embeddable":true,"href":"https:\/\/sv-oberperfuss.at\/schi\/wp-json\/wp\/v2\/comments?post=16180"}],"version-history":[{"count":1,"href":"https:\/\/sv-oberperfuss.at\/schi\/wp-json\/wp\/v2\/posts\/16180\/revisions"}],"predecessor-version":[{"id":16193,"href":"https:\/\/sv-oberperfuss.at\/schi\/wp-json\/wp\/v2\/posts\/16180\/revisions\/16193"}],"wp:attachment":[{"href":"https:\/\/sv-oberperfuss.at\/schi\/wp-json\/wp\/v2\/media?parent=16180"}],"wp:term":[{"taxonomy":"category","embeddable":true,"href":"https:\/\/sv-oberperfuss.at\/schi\/wp-json\/wp\/v2\/categories?post=16180"},{"taxonomy":"post_tag","embeddable":true,"href":"https:\/\/sv-oberperfuss.at\/schi\/wp-json\/wp\/v2\/tags?post=16180"}],"curies":[{"name":"wp","href":"https:\/\/api.w.org\/{rel}","templated":true}]}}