{"id":15885,"date":"2024-04-07T20:57:16","date_gmt":"2024-04-07T18:57:16","guid":{"rendered":"https:\/\/sv-oberperfuss.at\/schi\/?p=15885"},"modified":"2024-04-07T20:57:16","modified_gmt":"2024-04-07T18:57:16","slug":"deutsche-schweizer-meisterschaften-als-saisonabschluss-im-kuehtai","status":"publish","type":"post","link":"https:\/\/sv-oberperfuss.at\/schi\/deutsche-schweizer-meisterschaften-als-saisonabschluss-im-kuehtai\/","title":{"rendered":"Deutsche &amp; Schweizer Meisterschaften als Saisonabschluss im K\u00fchtai!"},"content":{"rendered":"<p>Dieses Wochenende durfte der SV Oberperfuss sogleich f\u00fcr 2 Nationen deren Meisterschaften Ski Alpin im Paralympischen Sport austragen. Am Samstag fanden die Deutschen &amp; Schweizer Meisterschaften im Riesentorlauf und am Sonntag im Slalom statt. Dabei fanden sich bereits traditionell am 6. &amp; 7. April Sportlerinnen &amp; Sportler mit k\u00f6rperlichen Handicaps im K\u00fchtai ein. In den 3 Kategorien sehbehindert (mit einem Guide als Vorfahrer), stehend &amp; sitzend durften die Athleten auf der selektiven Alpenrosenpiste um wertvolle Rennpunkte fahren. Dank der tollen Unterst\u00fctzung der Bergbahnen K\u00fchtai konnte erneut eine Top-Piste zur Verf\u00fcgung gestellt werden. Parasport Nachwuchstrainerin Maike Hujara dazu: \u201eEin kr\u00f6nender Saisonabschluss f\u00fcr das deutsche Para-Ski alpin Team und viele unserer jungen Athleten. Diese haben zum Saisonabschluss nochmal alles aus sich herausgeholt und es blieb spannend bis zum letzten L\u00e4ufer. Auch unsere Schweizer Kollegen nutzten heuer erstmals die tollen Trainingsm\u00f6glichkeiten gegen Saisonende. Da wir dies nunmehr einige Jahre machen und stets hervorragende Verh\u00e4ltnisse und mit dem SV Oberperfuss einen sehr organisierten Verein an der Hand haben gab es bereits Anfragen diese Kooperation noch weiter aus zu bauen. Danke allen Athleten, Helfern und Gratulation an die Meister und Meisterinnen!\u201c<br>\nWir gratulieren allen TeilnehmerInnen herzlich zu den erbrachten Leistungen und freuen uns auf ein Wiedersehen 2024. Nun verabschiedet sich auch der SV Oberperfuss in die Rennpause, genannt Sommer&nbsp;\ud83d\ude09<\/p>\n<p>Hier geht es zu den Ergebnissen:<br>\n<a href=\"https:\/\/sv-oberperfuss.at\/schi\/ergebnisse\/\" target=\"_blank\" rel=\"noopener\">https:\/\/sv-oberperfuss.at\/schi\/ergebnisse\/<\/a><\/p>\n<p><a href=\"https:\/\/sv-oberperfuss.at\/schi\/files\/2024\/04\/pic_09.jpg\"><img loading=\"lazy\" class=\"alignnone size-full wp-image-15894\" src=\"https:\/\/sv-oberperfuss.at\/schi\/files\/2024\/04\/pic_09.jpg\" alt width=\"800\" height=\"432\" srcset=\"https:\/\/sv-oberperfuss.at\/schi\/files\/2024\/04\/pic_09.jpg 800w, https:\/\/sv-oberperfuss.at\/schi\/files\/2024\/04\/pic_09-300x162.jpg 300w, https:\/\/sv-oberperfuss.at\/schi\/files\/2024\/04\/pic_09-768x415.jpg 768w\" sizes=\"(max-width: 800px) 100vw, 800px\"><\/a> <a href=\"https:\/\/sv-oberperfuss.at\/schi\/files\/2024\/04\/pic_08.jpg\"><img loading=\"lazy\" class=\"alignnone size-full wp-image-15893\" src=\"https:\/\/sv-oberperfuss.at\/schi\/files\/2024\/04\/pic_08.jpg\" alt width=\"800\" height=\"408\" srcset=\"https:\/\/sv-oberperfuss.at\/schi\/files\/2024\/04\/pic_08.jpg 800w, https:\/\/sv-oberperfuss.at\/schi\/files\/2024\/04\/pic_08-300x153.jpg 300w, https:\/\/sv-oberperfuss.at\/schi\/files\/2024\/04\/pic_08-768x392.jpg 768w\" sizes=\"(max-width: 800px) 100vw, 800px\"><\/a> <a href=\"https:\/\/sv-oberperfuss.at\/schi\/files\/2024\/04\/pic_07.jpg\"><img loading=\"lazy\" class=\"alignnone size-full wp-image-15892\" src=\"https:\/\/sv-oberperfuss.at\/schi\/files\/2024\/04\/pic_07.jpg\" alt width=\"800\" height=\"520\" srcset=\"https:\/\/sv-oberperfuss.at\/schi\/files\/2024\/04\/pic_07.jpg 800w, https:\/\/sv-oberperfuss.at\/schi\/files\/2024\/04\/pic_07-300x195.jpg 300w, https:\/\/sv-oberperfuss.at\/schi\/files\/2024\/04\/pic_07-768x499.jpg 768w\" sizes=\"(max-width: 800px) 100vw, 800px\"><\/a> <a href=\"https:\/\/sv-oberperfuss.at\/schi\/files\/2024\/04\/pic_06.jpg\"><img loading=\"lazy\" class=\"alignnone size-full wp-image-15891\" src=\"https:\/\/sv-oberperfuss.at\/schi\/files\/2024\/04\/pic_06.jpg\" alt width=\"800\" height=\"472\" srcset=\"https:\/\/sv-oberperfuss.at\/schi\/files\/2024\/04\/pic_06.jpg 800w, https:\/\/sv-oberperfuss.at\/schi\/files\/2024\/04\/pic_06-300x177.jpg 300w, https:\/\/sv-oberperfuss.at\/schi\/files\/2024\/04\/pic_06-768x453.jpg 768w\" sizes=\"(max-width: 800px) 100vw, 800px\"><\/a> <a href=\"https:\/\/sv-oberperfuss.at\/schi\/files\/2024\/04\/pic_05.jpg\"><img loading=\"lazy\" class=\"alignnone size-full wp-image-15890\" src=\"https:\/\/sv-oberperfuss.at\/schi\/files\/2024\/04\/pic_05.jpg\" alt width=\"800\" height=\"541\" srcset=\"https:\/\/sv-oberperfuss.at\/schi\/files\/2024\/04\/pic_05.jpg 800w, https:\/\/sv-oberperfuss.at\/schi\/files\/2024\/04\/pic_05-300x203.jpg 300w, https:\/\/sv-oberperfuss.at\/schi\/files\/2024\/04\/pic_05-768x519.jpg 768w\" sizes=\"(max-width: 800px) 100vw, 800px\"><\/a> <a href=\"https:\/\/sv-oberperfuss.at\/schi\/files\/2024\/04\/pic_04.jpg\"><img loading=\"lazy\" class=\"alignnone size-full wp-image-15889\" src=\"https:\/\/sv-oberperfuss.at\/schi\/files\/2024\/04\/pic_04.jpg\" alt width=\"800\" height=\"763\" srcset=\"https:\/\/sv-oberperfuss.at\/schi\/files\/2024\/04\/pic_04.jpg 800w, https:\/\/sv-oberperfuss.at\/schi\/files\/2024\/04\/pic_04-300x286.jpg 300w, https:\/\/sv-oberperfuss.at\/schi\/files\/2024\/04\/pic_04-768x732.jpg 768w\" sizes=\"(max-width: 800px) 100vw, 800px\"><\/a> <a href=\"https:\/\/sv-oberperfuss.at\/schi\/files\/2024\/04\/pic_03.jpg\"><img loading=\"lazy\" class=\"alignnone size-full wp-image-15888\" src=\"https:\/\/sv-oberperfuss.at\/schi\/files\/2024\/04\/pic_03.jpg\" alt width=\"800\" height=\"533\" srcset=\"https:\/\/sv-oberperfuss.at\/schi\/files\/2024\/04\/pic_03.jpg 800w, https:\/\/sv-oberperfuss.at\/schi\/files\/2024\/04\/pic_03-300x200.jpg 300w, https:\/\/sv-oberperfuss.at\/schi\/files\/2024\/04\/pic_03-768x512.jpg 768w\" sizes=\"(max-width: 800px) 100vw, 800px\"><\/a> <a href=\"https:\/\/sv-oberperfuss.at\/schi\/files\/2024\/04\/pic_02.jpg\"><img loading=\"lazy\" class=\"alignnone size-full wp-image-15887\" src=\"https:\/\/sv-oberperfuss.at\/schi\/files\/2024\/04\/pic_02.jpg\" alt width=\"800\" height=\"537\" srcset=\"https:\/\/sv-oberperfuss.at\/schi\/files\/2024\/04\/pic_02.jpg 800w, https:\/\/sv-oberperfuss.at\/schi\/files\/2024\/04\/pic_02-300x201.jpg 300w, https:\/\/sv-oberperfuss.at\/schi\/files\/2024\/04\/pic_02-768x516.jpg 768w\" sizes=\"(max-width: 800px) 100vw, 800px\"><\/a> <a href=\"https:\/\/sv-oberperfuss.at\/schi\/files\/2024\/04\/pic_01.jpg\"><img loading=\"lazy\" class=\"alignnone size-full wp-image-15886\" src=\"https:\/\/sv-oberperfuss.at\/schi\/files\/2024\/04\/pic_01.jpg\" alt width=\"800\" height=\"470\" srcset=\"https:\/\/sv-oberperfuss.at\/schi\/files\/2024\/04\/pic_01.jpg 800w, https:\/\/sv-oberperfuss.at\/schi\/files\/2024\/04\/pic_01-300x176.jpg 300w, https:\/\/sv-oberperfuss.at\/schi\/files\/2024\/04\/pic_01-768x451.jpg 768w\" sizes=\"(max-width: 800px) 100vw, 800px\"><\/a><\/p>\n","protected":false},"excerpt":{"rendered":"<p>Dieses Wochenende durfte der SV Oberperfuss sogleich f\u00fcr 2 Nationen deren Meisterschaften Ski Alpin im Paralympischen Sport austragen. Am Samstag fanden die Deutschen &amp; Schweizer Meisterschaften im Riesentorlauf und am Sonntag im Slalom statt. Dabei fanden sich bereits traditionell am 6. &amp; 7. April Sportlerinnen &amp; Sportler mit k\u00f6rperlichen Handicaps im K\u00fchtai ein. In&nbsp;den&nbsp;[\u2026]<\/p>\n","protected":false},"author":38,"featured_media":0,"comment_status":"open","ping_status":"closed","sticky":false,"template":"","format":"standard","meta":{"wp_typography_post_enhancements_disabled":false},"categories":[4],"tags":[],"_links":{"self":[{"href":"https:\/\/sv-oberperfuss.at\/schi\/wp-json\/wp\/v2\/posts\/15885"}],"collection":[{"href":"https:\/\/sv-oberperfuss.at\/schi\/wp-json\/wp\/v2\/posts"}],"about":[{"href":"https:\/\/sv-oberperfuss.at\/schi\/wp-json\/wp\/v2\/types\/post"}],"author":[{"embeddable":true,"href":"https:\/\/sv-oberperfuss.at\/schi\/wp-json\/wp\/v2\/users\/38"}],"replies":[{"embeddable":true,"href":"https:\/\/sv-oberperfuss.at\/schi\/wp-json\/wp\/v2\/comments?post=15885"}],"version-history":[{"count":1,"href":"https:\/\/sv-oberperfuss.at\/schi\/wp-json\/wp\/v2\/posts\/15885\/revisions"}],"predecessor-version":[{"id":15895,"href":"https:\/\/sv-oberperfuss.at\/schi\/wp-json\/wp\/v2\/posts\/15885\/revisions\/15895"}],"wp:attachment":[{"href":"https:\/\/sv-oberperfuss.at\/schi\/wp-json\/wp\/v2\/media?parent=15885"}],"wp:term":[{"taxonomy":"category","embeddable":true,"href":"https:\/\/sv-oberperfuss.at\/schi\/wp-json\/wp\/v2\/categories?post=15885"},{"taxonomy":"post_tag","embeddable":true,"href":"https:\/\/sv-oberperfuss.at\/schi\/wp-json\/wp\/v2\/tags?post=15885"}],"curies":[{"name":"wp","href":"https:\/\/api.w.org\/{rel}","templated":true}]}}