{"id":15501,"date":"2023-04-03T14:49:35","date_gmt":"2023-04-03T12:49:35","guid":{"rendered":"https:\/\/sv-oberperfuss.at\/schi\/?p=15501"},"modified":"2023-04-03T14:49:35","modified_gmt":"2023-04-03T12:49:35","slug":"deutsche-paralympische-meisterschaften-2023-im-kuehtai","status":"publish","type":"post","link":"https:\/\/sv-oberperfuss.at\/schi\/deutsche-paralympische-meisterschaften-2023-im-kuehtai\/","title":{"rendered":"Deutsche Paralympische Meisterschaften 2023 im K\u00fchtai"},"content":{"rendered":"<p>Im Rahmen der Deutschen Meisterschaften der Paralympischen Alpinsportler fanden sich bereits traditionell am 1. &amp; 2. April Sportlerinnen &amp; Sportler mit k\u00f6rperlichen Handicaps im K\u00fchtai ein. In den 3 Kategorien sehbehindert (mit einem Guide als Vorfahrer), stehend &amp; sitzend durften die Athleten auf der selektiven Alpenrosenpiste um wertvolle Rennpunkte fahren. Dabei wurden am Samstag die Deutschen Meisterschaften im Riesentorlauf und anschlie\u00dfend ein FIS-Punkterennen ausgetragen. Tags darauf am Sonntag fanden dann die Deutschen Meisterschaften im Slalom und anschlie\u00dfend ebenfalls ein FIS-Punkterennen statt. Dank der tollen Unterst\u00fctzung der Bergbahnen K\u00fchtai und den Gerber Hotels K\u00fchtai konnte eine Top-Piste zur Verf\u00fcgung gestellt werden. Trainerin Maike Hujara dazu: \u201eEin kr\u00f6nender Saisonabschluss f\u00fcr das deutsche Para Ski alpin Team. Unsere Athleten haben zum Saisonabschluss nochmal alles aus sich herausgeholt und es blieb spannend bis zum letzten L\u00e4ufer\u201c.<br>\nWir gratulieren allen TeilnehmerInnen herzlich zu den erbrachten Leistungen und freuen uns auf ein Wiedersehen 2024.<\/p>\n<p><u>Deutschen Meister Para Ski alpin 2023 im Riesenslalom:<br>\n<\/u>Damen sehbehindert: GRUBE Luisa \u2013 Guide: WILKE Jeremias<br>\nDamen stehend: RIEDER Anna-Maria<br>\nDamen sitzend: FORSTER Anna-Lena<br>\nHerren sehbehindert: RAUEN Alexander \u2013 Guide: STAUBITZER Benedikt<br>\nHerren stehend: KRESS Leander<br>\nHerren sitzend: ACKERMANN Rouven<\/p>\n<p><u>Deutschen Meister Para Ski alpin 2023 im Slalom:<br>\n<\/u>Damen sehbehindert: GRUBE Luisa \u2013 Guide: WILKE Jeremias<br>\nDamen stehend: RIEDER Anna-Maria<br>\nDamen sitzend: FORSTER Anna-Lena<br>\nHerren sehbehindert: RAUEN Alexander \u2013 Guide: STAUBITZER Benedikt<br>\nHerren stehend: KRESS Leander<br>\nHerren sitzend: ACKERMANN Rouven<\/p>\n<p>Hier geht es zu den Ergebnissen:<br>\n<a href=\"https:\/\/sv-oberperfuss.at\/schi\/ergebnisse\/\" target=\"_blank\" rel=\"noopener\">https:\/\/sv-oberperfuss.at\/schi\/ergebnisse\/<\/a><\/p>\n<p><a href=\"https:\/\/sv-oberperfuss.at\/schi\/files\/2023\/04\/Bild01.jpg\"><img loading=\"lazy\" class=\"alignnone size-full wp-image-15502\" src=\"https:\/\/sv-oberperfuss.at\/schi\/files\/2023\/04\/Bild01.jpg\" alt width=\"800\" height=\"600\" srcset=\"https:\/\/sv-oberperfuss.at\/schi\/files\/2023\/04\/Bild01.jpg 800w, https:\/\/sv-oberperfuss.at\/schi\/files\/2023\/04\/Bild01-300x225.jpg 300w, https:\/\/sv-oberperfuss.at\/schi\/files\/2023\/04\/Bild01-768x576.jpg 768w\" sizes=\"(max-width: 800px) 100vw, 800px\"><\/a> <a href=\"https:\/\/sv-oberperfuss.at\/schi\/files\/2023\/04\/Bild02.jpg\"><img loading=\"lazy\" class=\"alignnone size-full wp-image-15503\" src=\"https:\/\/sv-oberperfuss.at\/schi\/files\/2023\/04\/Bild02.jpg\" alt width=\"800\" height=\"600\" srcset=\"https:\/\/sv-oberperfuss.at\/schi\/files\/2023\/04\/Bild02.jpg 800w, https:\/\/sv-oberperfuss.at\/schi\/files\/2023\/04\/Bild02-300x225.jpg 300w, https:\/\/sv-oberperfuss.at\/schi\/files\/2023\/04\/Bild02-768x576.jpg 768w\" sizes=\"(max-width: 800px) 100vw, 800px\"><\/a> <a href=\"https:\/\/sv-oberperfuss.at\/schi\/files\/2023\/04\/Bild03.jpg\"><img loading=\"lazy\" class=\"alignnone size-full wp-image-15504\" src=\"https:\/\/sv-oberperfuss.at\/schi\/files\/2023\/04\/Bild03.jpg\" alt width=\"800\" height=\"600\" srcset=\"https:\/\/sv-oberperfuss.at\/schi\/files\/2023\/04\/Bild03.jpg 800w, https:\/\/sv-oberperfuss.at\/schi\/files\/2023\/04\/Bild03-300x225.jpg 300w, https:\/\/sv-oberperfuss.at\/schi\/files\/2023\/04\/Bild03-768x576.jpg 768w\" sizes=\"(max-width: 800px) 100vw, 800px\"><\/a> <a href=\"https:\/\/sv-oberperfuss.at\/schi\/files\/2023\/04\/Bild04.jpg\"><img loading=\"lazy\" class=\"alignnone size-full wp-image-15505\" src=\"https:\/\/sv-oberperfuss.at\/schi\/files\/2023\/04\/Bild04.jpg\" alt width=\"800\" height=\"600\" srcset=\"https:\/\/sv-oberperfuss.at\/schi\/files\/2023\/04\/Bild04.jpg 800w, https:\/\/sv-oberperfuss.at\/schi\/files\/2023\/04\/Bild04-300x225.jpg 300w, https:\/\/sv-oberperfuss.at\/schi\/files\/2023\/04\/Bild04-768x576.jpg 768w\" sizes=\"(max-width: 800px) 100vw, 800px\"><\/a> <a href=\"https:\/\/sv-oberperfuss.at\/schi\/files\/2023\/04\/Bild05.jpg\"><img loading=\"lazy\" class=\"alignnone size-full wp-image-15506\" src=\"https:\/\/sv-oberperfuss.at\/schi\/files\/2023\/04\/Bild05.jpg\" alt width=\"800\" height=\"600\" srcset=\"https:\/\/sv-oberperfuss.at\/schi\/files\/2023\/04\/Bild05.jpg 800w, https:\/\/sv-oberperfuss.at\/schi\/files\/2023\/04\/Bild05-300x225.jpg 300w, https:\/\/sv-oberperfuss.at\/schi\/files\/2023\/04\/Bild05-768x576.jpg 768w\" sizes=\"(max-width: 800px) 100vw, 800px\"><\/a> <a href=\"https:\/\/sv-oberperfuss.at\/schi\/files\/2023\/04\/Bild06.jpg\"><img loading=\"lazy\" class=\"alignnone size-full wp-image-15507\" src=\"https:\/\/sv-oberperfuss.at\/schi\/files\/2023\/04\/Bild06.jpg\" alt width=\"800\" height=\"600\" srcset=\"https:\/\/sv-oberperfuss.at\/schi\/files\/2023\/04\/Bild06.jpg 800w, https:\/\/sv-oberperfuss.at\/schi\/files\/2023\/04\/Bild06-300x225.jpg 300w, https:\/\/sv-oberperfuss.at\/schi\/files\/2023\/04\/Bild06-768x576.jpg 768w\" sizes=\"(max-width: 800px) 100vw, 800px\"><\/a> <a href=\"https:\/\/sv-oberperfuss.at\/schi\/files\/2023\/04\/Bild07.jpg\"><img loading=\"lazy\" class=\"alignnone size-full wp-image-15508\" src=\"https:\/\/sv-oberperfuss.at\/schi\/files\/2023\/04\/Bild07.jpg\" alt width=\"800\" height=\"600\" srcset=\"https:\/\/sv-oberperfuss.at\/schi\/files\/2023\/04\/Bild07.jpg 800w, https:\/\/sv-oberperfuss.at\/schi\/files\/2023\/04\/Bild07-300x225.jpg 300w, https:\/\/sv-oberperfuss.at\/schi\/files\/2023\/04\/Bild07-768x576.jpg 768w\" sizes=\"(max-width: 800px) 100vw, 800px\"><\/a> <a href=\"https:\/\/sv-oberperfuss.at\/schi\/files\/2023\/04\/Bild08.jpg\"><img loading=\"lazy\" class=\"alignnone size-full wp-image-15509\" src=\"https:\/\/sv-oberperfuss.at\/schi\/files\/2023\/04\/Bild08.jpg\" alt width=\"800\" height=\"600\" srcset=\"https:\/\/sv-oberperfuss.at\/schi\/files\/2023\/04\/Bild08.jpg 800w, https:\/\/sv-oberperfuss.at\/schi\/files\/2023\/04\/Bild08-300x225.jpg 300w, https:\/\/sv-oberperfuss.at\/schi\/files\/2023\/04\/Bild08-768x576.jpg 768w\" sizes=\"(max-width: 800px) 100vw, 800px\"><\/a> <a href=\"https:\/\/sv-oberperfuss.at\/schi\/files\/2023\/04\/Bild09.jpg\"><img loading=\"lazy\" class=\"alignnone size-full wp-image-15510\" src=\"https:\/\/sv-oberperfuss.at\/schi\/files\/2023\/04\/Bild09.jpg\" alt width=\"800\" height=\"600\" srcset=\"https:\/\/sv-oberperfuss.at\/schi\/files\/2023\/04\/Bild09.jpg 800w, https:\/\/sv-oberperfuss.at\/schi\/files\/2023\/04\/Bild09-300x225.jpg 300w, https:\/\/sv-oberperfuss.at\/schi\/files\/2023\/04\/Bild09-768x576.jpg 768w\" sizes=\"(max-width: 800px) 100vw, 800px\"><\/a> <a href=\"https:\/\/sv-oberperfuss.at\/schi\/files\/2023\/04\/Bild10.jpg\"><img loading=\"lazy\" class=\"alignnone size-full wp-image-15511\" src=\"https:\/\/sv-oberperfuss.at\/schi\/files\/2023\/04\/Bild10.jpg\" alt width=\"800\" height=\"600\" srcset=\"https:\/\/sv-oberperfuss.at\/schi\/files\/2023\/04\/Bild10.jpg 800w, https:\/\/sv-oberperfuss.at\/schi\/files\/2023\/04\/Bild10-300x225.jpg 300w, https:\/\/sv-oberperfuss.at\/schi\/files\/2023\/04\/Bild10-768x576.jpg 768w\" sizes=\"(max-width: 800px) 100vw, 800px\"><\/a> <a href=\"https:\/\/sv-oberperfuss.at\/schi\/files\/2023\/04\/Bild11.jpg\"><img loading=\"lazy\" class=\"alignnone size-full wp-image-15512\" src=\"https:\/\/sv-oberperfuss.at\/schi\/files\/2023\/04\/Bild11.jpg\" alt width=\"800\" height=\"600\" srcset=\"https:\/\/sv-oberperfuss.at\/schi\/files\/2023\/04\/Bild11.jpg 800w, https:\/\/sv-oberperfuss.at\/schi\/files\/2023\/04\/Bild11-300x225.jpg 300w, https:\/\/sv-oberperfuss.at\/schi\/files\/2023\/04\/Bild11-768x576.jpg 768w\" sizes=\"(max-width: 800px) 100vw, 800px\"><\/a> <a href=\"https:\/\/sv-oberperfuss.at\/schi\/files\/2023\/04\/Bild12.jpg\"><img loading=\"lazy\" class=\"alignnone size-full wp-image-15513\" src=\"https:\/\/sv-oberperfuss.at\/schi\/files\/2023\/04\/Bild12.jpg\" alt width=\"800\" height=\"600\" srcset=\"https:\/\/sv-oberperfuss.at\/schi\/files\/2023\/04\/Bild12.jpg 800w, https:\/\/sv-oberperfuss.at\/schi\/files\/2023\/04\/Bild12-300x225.jpg 300w, https:\/\/sv-oberperfuss.at\/schi\/files\/2023\/04\/Bild12-768x576.jpg 768w\" sizes=\"(max-width: 800px) 100vw, 800px\"><\/a> <a href=\"https:\/\/sv-oberperfuss.at\/schi\/files\/2023\/04\/Bild13.jpg\"><img loading=\"lazy\" class=\"alignnone size-full wp-image-15514\" src=\"https:\/\/sv-oberperfuss.at\/schi\/files\/2023\/04\/Bild13.jpg\" alt width=\"800\" height=\"600\" srcset=\"https:\/\/sv-oberperfuss.at\/schi\/files\/2023\/04\/Bild13.jpg 800w, https:\/\/sv-oberperfuss.at\/schi\/files\/2023\/04\/Bild13-300x225.jpg 300w, https:\/\/sv-oberperfuss.at\/schi\/files\/2023\/04\/Bild13-768x576.jpg 768w\" sizes=\"(max-width: 800px) 100vw, 800px\"><\/a> <a href=\"https:\/\/sv-oberperfuss.at\/schi\/files\/2023\/04\/Bild14.jpg\"><img loading=\"lazy\" class=\"alignnone size-full wp-image-15515\" src=\"https:\/\/sv-oberperfuss.at\/schi\/files\/2023\/04\/Bild14.jpg\" alt width=\"800\" height=\"395\" srcset=\"https:\/\/sv-oberperfuss.at\/schi\/files\/2023\/04\/Bild14.jpg 800w, https:\/\/sv-oberperfuss.at\/schi\/files\/2023\/04\/Bild14-300x148.jpg 300w, https:\/\/sv-oberperfuss.at\/schi\/files\/2023\/04\/Bild14-768x379.jpg 768w\" sizes=\"(max-width: 800px) 100vw, 800px\"><\/a> <a href=\"https:\/\/sv-oberperfuss.at\/schi\/files\/2023\/04\/Bild15.jpg\"><img loading=\"lazy\" class=\"alignnone size-full wp-image-15516\" src=\"https:\/\/sv-oberperfuss.at\/schi\/files\/2023\/04\/Bild15.jpg\" alt width=\"800\" height=\"600\" srcset=\"https:\/\/sv-oberperfuss.at\/schi\/files\/2023\/04\/Bild15.jpg 800w, https:\/\/sv-oberperfuss.at\/schi\/files\/2023\/04\/Bild15-300x225.jpg 300w, https:\/\/sv-oberperfuss.at\/schi\/files\/2023\/04\/Bild15-768x576.jpg 768w\" sizes=\"(max-width: 800px) 100vw, 800px\"><\/a> <a href=\"https:\/\/sv-oberperfuss.at\/schi\/files\/2023\/04\/Bild16.jpg\"><img loading=\"lazy\" class=\"alignnone size-full wp-image-15517\" src=\"https:\/\/sv-oberperfuss.at\/schi\/files\/2023\/04\/Bild16.jpg\" alt width=\"600\" height=\"800\" srcset=\"https:\/\/sv-oberperfuss.at\/schi\/files\/2023\/04\/Bild16.jpg 600w, https:\/\/sv-oberperfuss.at\/schi\/files\/2023\/04\/Bild16-225x300.jpg 225w\" sizes=\"(max-width: 600px) 100vw, 600px\"><\/a><\/p>\n<p>&nbsp;<\/p>\n","protected":false},"excerpt":{"rendered":"<p>Im Rahmen der Deutschen Meisterschaften der Paralympischen Alpinsportler fanden sich bereits traditionell am 1. &amp; 2. April Sportlerinnen &amp; Sportler mit k\u00f6rperlichen Handicaps im K\u00fchtai ein. In den 3 Kategorien sehbehindert (mit einem Guide als Vorfahrer), stehend &amp; sitzend durften die Athleten auf der selektiven Alpenrosenpiste um wertvolle Rennpunkte fahren. Dabei wurden am Samstag die&nbsp;[\u2026]<\/p>\n","protected":false},"author":38,"featured_media":0,"comment_status":"open","ping_status":"closed","sticky":false,"template":"","format":"standard","meta":{"wp_typography_post_enhancements_disabled":false},"categories":[4],"tags":[],"_links":{"self":[{"href":"https:\/\/sv-oberperfuss.at\/schi\/wp-json\/wp\/v2\/posts\/15501"}],"collection":[{"href":"https:\/\/sv-oberperfuss.at\/schi\/wp-json\/wp\/v2\/posts"}],"about":[{"href":"https:\/\/sv-oberperfuss.at\/schi\/wp-json\/wp\/v2\/types\/post"}],"author":[{"embeddable":true,"href":"https:\/\/sv-oberperfuss.at\/schi\/wp-json\/wp\/v2\/users\/38"}],"replies":[{"embeddable":true,"href":"https:\/\/sv-oberperfuss.at\/schi\/wp-json\/wp\/v2\/comments?post=15501"}],"version-history":[{"count":1,"href":"https:\/\/sv-oberperfuss.at\/schi\/wp-json\/wp\/v2\/posts\/15501\/revisions"}],"predecessor-version":[{"id":15518,"href":"https:\/\/sv-oberperfuss.at\/schi\/wp-json\/wp\/v2\/posts\/15501\/revisions\/15518"}],"wp:attachment":[{"href":"https:\/\/sv-oberperfuss.at\/schi\/wp-json\/wp\/v2\/media?parent=15501"}],"wp:term":[{"taxonomy":"category","embeddable":true,"href":"https:\/\/sv-oberperfuss.at\/schi\/wp-json\/wp\/v2\/categories?post=15501"},{"taxonomy":"post_tag","embeddable":true,"href":"https:\/\/sv-oberperfuss.at\/schi\/wp-json\/wp\/v2\/tags?post=15501"}],"curies":[{"name":"wp","href":"https:\/\/api.w.org\/{rel}","templated":true}]}}