{"id":15459,"date":"2023-03-13T10:16:12","date_gmt":"2023-03-13T08:16:12","guid":{"rendered":"https:\/\/sv-oberperfuss.at\/schi\/?p=15459"},"modified":"2023-03-13T10:16:12","modified_gmt":"2023-03-13T08:16:12","slug":"sv-oberperfuss-beim-29-pitz-bambini-flitz-am-hochzeiger","status":"publish","type":"post","link":"https:\/\/sv-oberperfuss.at\/schi\/sv-oberperfuss-beim-29-pitz-bambini-flitz-am-hochzeiger\/","title":{"rendered":"SV Oberperfuss beim 29.Pitz Bambini Flitz am Hochzeiger"},"content":{"rendered":"<p>Zum Abschluss und als Highlight der Trainingssaison 2022\/23 waren unsere j\u00fcngsten Rennfahrer am 11.+12.03.2023 f\u00fcr 2 Tage im Pitztal im Einsatz. Am Samstag wurde ein wertvoller &nbsp;Trainingstag am Hochzeiger mit Freifahren bzw. Gel\u00e4ndefahren und einem kurzen Stangentraining auf der \u201eBenni Raich\u201c Trainingsstrecke durchgef\u00fchrt. F\u00fcr Sonntag stand dann der 29. Pitz Bambini Flitz Riesentorlauf am Programm, bei dem die Kinder ihre Fortschritte des Wintertrainings sehr gut im Rennen umsetzen konnten. Lilly Bucher schaffte es mit einer beherzten Fahrt den 3.Platz in der Klasse Mini 2w ein zu fahren. Ihre gro\u00dfe Schwester Leni Bucher war leider nicht ganz fit, aber wurde trotzdem gute 10te in der Klasse Mini 3w. Bei den Burschen der Klasse Mini 3m war es ein sehr enges Rennen, bei dem Christoph Adler mit dem Sieg gro\u00df aufzeigte, Josef Bucher kam mit nur 0,14 Hundertstel R\u00fcckstand auf den hervorragenden 4.Platz, auch Egon Wegscheider zeigte eine sehr gute Leistung und wurde guter 7ter mit 0,68 Hundertstel R\u00fcckstand. Matteo Schneeberger war leider verhindert.<\/p>\n<p>Gruppentrainer Benjamin Prantner, der eine beherzte Wintersaison mit den Kids gestalten konnte dazu: \u201eBesonders bedanken m\u00f6chte ich mich beim Team des SV Oberperfuss Schi und bei den Bergbahnen Oberperfuss f\u00fcr die Unterst\u00fctzung und die sehr guten Trainingsm\u00f6glichkeiten auf unserem Hausberg. Auch erw\u00e4hnen m\u00f6chte ich die super Trainerarbeit von Lukas Wachter und die&nbsp; tolle Unterst\u00fctzung der Eltern, ohne die der Trainingsbetrieb nicht zu meistern w\u00e4re. Ich hoffe, dass die Kinder weiterhin so viel Freude und Begeisterung beim Skifahren haben.\u201c<\/p>\n<p><a href=\"https:\/\/sv-oberperfuss.at\/schi\/files\/2023\/03\/Bild09-2.jpg\"><img loading=\"lazy\" class=\"alignnone size-full wp-image-15460\" src=\"https:\/\/sv-oberperfuss.at\/schi\/files\/2023\/03\/Bild09-2.jpg\" alt width=\"800\" height=\"600\" srcset=\"https:\/\/sv-oberperfuss.at\/schi\/files\/2023\/03\/Bild09-2.jpg 800w, https:\/\/sv-oberperfuss.at\/schi\/files\/2023\/03\/Bild09-2-300x225.jpg 300w, https:\/\/sv-oberperfuss.at\/schi\/files\/2023\/03\/Bild09-2-768x576.jpg 768w\" sizes=\"(max-width: 800px) 100vw, 800px\"><\/a> <a href=\"https:\/\/sv-oberperfuss.at\/schi\/files\/2023\/03\/Bild01-2.jpg\"><img loading=\"lazy\" class=\"alignnone size-full wp-image-15461\" src=\"https:\/\/sv-oberperfuss.at\/schi\/files\/2023\/03\/Bild01-2.jpg\" alt width=\"800\" height=\"600\" srcset=\"https:\/\/sv-oberperfuss.at\/schi\/files\/2023\/03\/Bild01-2.jpg 800w, https:\/\/sv-oberperfuss.at\/schi\/files\/2023\/03\/Bild01-2-300x225.jpg 300w, https:\/\/sv-oberperfuss.at\/schi\/files\/2023\/03\/Bild01-2-768x576.jpg 768w\" sizes=\"(max-width: 800px) 100vw, 800px\"><\/a> <a href=\"https:\/\/sv-oberperfuss.at\/schi\/files\/2023\/03\/Bild02-2.jpg\"><img loading=\"lazy\" class=\"alignnone size-full wp-image-15462\" src=\"https:\/\/sv-oberperfuss.at\/schi\/files\/2023\/03\/Bild02-2.jpg\" alt width=\"800\" height=\"600\" srcset=\"https:\/\/sv-oberperfuss.at\/schi\/files\/2023\/03\/Bild02-2.jpg 800w, https:\/\/sv-oberperfuss.at\/schi\/files\/2023\/03\/Bild02-2-300x225.jpg 300w, https:\/\/sv-oberperfuss.at\/schi\/files\/2023\/03\/Bild02-2-768x576.jpg 768w\" sizes=\"(max-width: 800px) 100vw, 800px\"><\/a> <a href=\"https:\/\/sv-oberperfuss.at\/schi\/files\/2023\/03\/Bild03-2.jpg\"><img loading=\"lazy\" class=\"alignnone size-full wp-image-15463\" src=\"https:\/\/sv-oberperfuss.at\/schi\/files\/2023\/03\/Bild03-2.jpg\" alt width=\"800\" height=\"600\" srcset=\"https:\/\/sv-oberperfuss.at\/schi\/files\/2023\/03\/Bild03-2.jpg 800w, https:\/\/sv-oberperfuss.at\/schi\/files\/2023\/03\/Bild03-2-300x225.jpg 300w, https:\/\/sv-oberperfuss.at\/schi\/files\/2023\/03\/Bild03-2-768x576.jpg 768w\" sizes=\"(max-width: 800px) 100vw, 800px\"><\/a> <a href=\"https:\/\/sv-oberperfuss.at\/schi\/files\/2023\/03\/Bild04-2.jpg\"><img loading=\"lazy\" class=\"alignnone size-full wp-image-15464\" src=\"https:\/\/sv-oberperfuss.at\/schi\/files\/2023\/03\/Bild04-2.jpg\" alt width=\"800\" height=\"600\" srcset=\"https:\/\/sv-oberperfuss.at\/schi\/files\/2023\/03\/Bild04-2.jpg 800w, https:\/\/sv-oberperfuss.at\/schi\/files\/2023\/03\/Bild04-2-300x225.jpg 300w, https:\/\/sv-oberperfuss.at\/schi\/files\/2023\/03\/Bild04-2-768x576.jpg 768w\" sizes=\"(max-width: 800px) 100vw, 800px\"><\/a> <a href=\"https:\/\/sv-oberperfuss.at\/schi\/files\/2023\/03\/Bild05-2.jpg\"><img loading=\"lazy\" class=\"alignnone size-full wp-image-15465\" src=\"https:\/\/sv-oberperfuss.at\/schi\/files\/2023\/03\/Bild05-2.jpg\" alt width=\"800\" height=\"600\" srcset=\"https:\/\/sv-oberperfuss.at\/schi\/files\/2023\/03\/Bild05-2.jpg 800w, https:\/\/sv-oberperfuss.at\/schi\/files\/2023\/03\/Bild05-2-300x225.jpg 300w, https:\/\/sv-oberperfuss.at\/schi\/files\/2023\/03\/Bild05-2-768x576.jpg 768w\" sizes=\"(max-width: 800px) 100vw, 800px\"><\/a> <a href=\"https:\/\/sv-oberperfuss.at\/schi\/files\/2023\/03\/Bild06-2.jpg\"><img loading=\"lazy\" class=\"alignnone size-full wp-image-15466\" src=\"https:\/\/sv-oberperfuss.at\/schi\/files\/2023\/03\/Bild06-2.jpg\" alt width=\"800\" height=\"600\" srcset=\"https:\/\/sv-oberperfuss.at\/schi\/files\/2023\/03\/Bild06-2.jpg 800w, https:\/\/sv-oberperfuss.at\/schi\/files\/2023\/03\/Bild06-2-300x225.jpg 300w, https:\/\/sv-oberperfuss.at\/schi\/files\/2023\/03\/Bild06-2-768x576.jpg 768w\" sizes=\"(max-width: 800px) 100vw, 800px\"><\/a> <a href=\"https:\/\/sv-oberperfuss.at\/schi\/files\/2023\/03\/Bild07-2.jpg\"><img loading=\"lazy\" class=\"alignnone size-full wp-image-15467\" src=\"https:\/\/sv-oberperfuss.at\/schi\/files\/2023\/03\/Bild07-2.jpg\" alt width=\"800\" height=\"600\" srcset=\"https:\/\/sv-oberperfuss.at\/schi\/files\/2023\/03\/Bild07-2.jpg 800w, https:\/\/sv-oberperfuss.at\/schi\/files\/2023\/03\/Bild07-2-300x225.jpg 300w, https:\/\/sv-oberperfuss.at\/schi\/files\/2023\/03\/Bild07-2-768x576.jpg 768w\" sizes=\"(max-width: 800px) 100vw, 800px\"><\/a> <a href=\"https:\/\/sv-oberperfuss.at\/schi\/files\/2023\/03\/Bild08-1.jpg\"><img loading=\"lazy\" class=\"alignnone size-full wp-image-15468\" src=\"https:\/\/sv-oberperfuss.at\/schi\/files\/2023\/03\/Bild08-1.jpg\" alt width=\"800\" height=\"600\" srcset=\"https:\/\/sv-oberperfuss.at\/schi\/files\/2023\/03\/Bild08-1.jpg 800w, https:\/\/sv-oberperfuss.at\/schi\/files\/2023\/03\/Bild08-1-300x225.jpg 300w, https:\/\/sv-oberperfuss.at\/schi\/files\/2023\/03\/Bild08-1-768x576.jpg 768w\" sizes=\"(max-width: 800px) 100vw, 800px\"><\/a><\/p>\n","protected":false},"excerpt":{"rendered":"<p>Zum Abschluss und als Highlight der Trainingssaison 2022\/23 waren unsere j\u00fcngsten Rennfahrer am 11.+12.03.2023 f\u00fcr 2 Tage im Pitztal im Einsatz. Am Samstag wurde ein wertvoller &nbsp;Trainingstag am Hochzeiger mit Freifahren bzw. Gel\u00e4ndefahren und einem kurzen Stangentraining auf der \u201eBenni Raich\u201c Trainingsstrecke durchgef\u00fchrt. F\u00fcr Sonntag stand dann der 29. Pitz Bambini Flitz Riesentorlauf am Programm,&nbsp;[\u2026]<\/p>\n","protected":false},"author":38,"featured_media":0,"comment_status":"open","ping_status":"closed","sticky":false,"template":"","format":"standard","meta":{"wp_typography_post_enhancements_disabled":false},"categories":[4],"tags":[],"_links":{"self":[{"href":"https:\/\/sv-oberperfuss.at\/schi\/wp-json\/wp\/v2\/posts\/15459"}],"collection":[{"href":"https:\/\/sv-oberperfuss.at\/schi\/wp-json\/wp\/v2\/posts"}],"about":[{"href":"https:\/\/sv-oberperfuss.at\/schi\/wp-json\/wp\/v2\/types\/post"}],"author":[{"embeddable":true,"href":"https:\/\/sv-oberperfuss.at\/schi\/wp-json\/wp\/v2\/users\/38"}],"replies":[{"embeddable":true,"href":"https:\/\/sv-oberperfuss.at\/schi\/wp-json\/wp\/v2\/comments?post=15459"}],"version-history":[{"count":1,"href":"https:\/\/sv-oberperfuss.at\/schi\/wp-json\/wp\/v2\/posts\/15459\/revisions"}],"predecessor-version":[{"id":15469,"href":"https:\/\/sv-oberperfuss.at\/schi\/wp-json\/wp\/v2\/posts\/15459\/revisions\/15469"}],"wp:attachment":[{"href":"https:\/\/sv-oberperfuss.at\/schi\/wp-json\/wp\/v2\/media?parent=15459"}],"wp:term":[{"taxonomy":"category","embeddable":true,"href":"https:\/\/sv-oberperfuss.at\/schi\/wp-json\/wp\/v2\/categories?post=15459"},{"taxonomy":"post_tag","embeddable":true,"href":"https:\/\/sv-oberperfuss.at\/schi\/wp-json\/wp\/v2\/tags?post=15459"}],"curies":[{"name":"wp","href":"https:\/\/api.w.org\/{rel}","templated":true}]}}