{"id":14510,"date":"2021-03-21T18:37:57","date_gmt":"2021-03-21T16:37:57","guid":{"rendered":"https:\/\/sv-oberperfuss.at\/schi\/?p=14510"},"modified":"2021-03-21T18:37:57","modified_gmt":"2021-03-21T16:37:57","slug":"wetterglueck-strahlende-kinder-am-rangger-koepfl","status":"publish","type":"post","link":"https:\/\/sv-oberperfuss.at\/schi\/wetterglueck-strahlende-kinder-am-rangger-koepfl\/","title":{"rendered":"Wettergl\u00fcck &amp; strahlende Kinder am Rangger K\u00f6pfl"},"content":{"rendered":"<p>Erneut durfte sich der SV Oberperfuss \u00fcber Wettergl\u00fcck am Rangger K\u00f6pfl freuen. Nach leichtem Schneefall \u00fcber Nacht fanden unter kalten Temperaturen und viel Sonnenschein am Samstag gleich 2 Bezirksrennen der Kinder statt. Diese wurden jeweils als Riesentorlauf auf der Egghofpiste durchgef\u00fchrt und sorgten somit zugleich f\u00fcr den Rennauftakt innerhalb des Bezirks Innsbruck-Nord. Die Rennklassen K9 bis K12 waren startberechtigt und die etwas mehr als 50 Kinder aus 9 teilnehmenden Vereinen lieferten tolle Rennen ab. Mit insgesamt 15 Kindern am Start durfte der SV Oberperfuss sich gleich mehrfach freuen. Nicht weniger als 8 Podestpl\u00e4tze konnten in beiden Rennen eingefahren werden! Preisverteilungen gab es aufgrund der strengen Corona-Ma\u00dfnahmen zwar nicht, allerdings erhielten alle teilnehmenden Kinder vorab bereits Jonglierb\u00e4lle der Gemeinde Oberperfuss als Pr\u00e4sent mit auf den Weg. Wir bedanken uns erneut bei allen teilnehmenden Kindern &amp; Eltern und ebenfalls bei den Bergbahnen Oberperfuss f\u00fcr die tolle Unterst\u00fctzung. Auch erneut ein gro\u00dfes Lob an das gesamte Helferteam, welches sein Bestes gegeben hat und mit einem tollen Tag im Schnee belohnt worden ist.<\/p>\n<p><u>Podestpl\u00e4tze Rennen1:<\/u><\/p>\n<ol start=\"2\">\n<li>Platz, H\u00d6RTNAGL Mia, K9 weiblich<\/li>\n<li>Platz, HAIRER Renee, K10 weiblich<\/li>\n<li>Platz, JUEN Selina, K10 weiblich<\/li>\n<li>Platz, KOFLER Leo, K11 m\u00e4nnlich<\/li>\n<\/ol>\n<p><u>Podestpl\u00e4tze Rennen 2:<\/u><\/p>\n<ol start=\"2\">\n<li>Platz, H\u00d6RTNAGL Mia, K9 weiblich<\/li>\n<li>Platz, HAIRER Renee, K10 weiblich<\/li>\n<li>Platz, JUEN Selina, K10 weiblich<\/li>\n<li>Platz, KOFLER Leo, K11 m\u00e4nnlich<\/li>\n<\/ol>\n<p>Fotos: SVO\/Rubatscher Maria<\/p>\n<p><u>ERGEBNISSE:<br>\n<\/u>Rennen1: <a href=\"https:\/\/fs-skizeit-production.s3-eu-west-1.amazonaws.com\/races\/33340\/pdfs\/431ba36df929f8cc4083a7e579d51d95\/20210320-093654Z\/33340_100.pdf\" target=\"_blank\" rel=\"noopener noreferrer\">https:\/\/fs-skizeit-production.s3-eu-west\u20111.amazonaws.com\/races\/33340\/pdfs\/431ba36df929f8cc4083a7e579d51d95\/20210320\u2013093654Z\/33340_100.pdf<\/a><br>\nRennen2: <a href=\"https:\/\/fs-skizeit-production.s3-eu-west-1.amazonaws.com\/races\/33341\/pdfs\/5cf9599f35597cd629ec90a725b7e812\/20210320-104834Z\/33341_100.pdf\" target=\"_blank\" rel=\"noopener noreferrer\">https:\/\/fs-skizeit-production.s3-eu-west\u20111.amazonaws.com\/races\/33341\/pdfs\/5cf9599f35597cd629ec90a725b7e812\/20210320\u2013104834Z\/33341_100.pdf<\/a><\/p>\n<p><a href=\"https:\/\/sv-oberperfuss.at\/schi\/files\/2021\/03\/pic04-1.jpg\"><img loading=\"lazy\" class=\"alignnone size-full wp-image-14511\" src=\"https:\/\/sv-oberperfuss.at\/schi\/files\/2021\/03\/pic04-1.jpg\" alt width=\"800\" height=\"490\" srcset=\"https:\/\/sv-oberperfuss.at\/schi\/files\/2021\/03\/pic04-1.jpg 800w, https:\/\/sv-oberperfuss.at\/schi\/files\/2021\/03\/pic04-1-300x184.jpg 300w, https:\/\/sv-oberperfuss.at\/schi\/files\/2021\/03\/pic04-1-768x470.jpg 768w\" sizes=\"(max-width: 800px) 100vw, 800px\"><\/a> <a href=\"https:\/\/sv-oberperfuss.at\/schi\/files\/2021\/03\/pic05-1.jpg\"><img loading=\"lazy\" class=\"alignnone size-full wp-image-14512\" src=\"https:\/\/sv-oberperfuss.at\/schi\/files\/2021\/03\/pic05-1.jpg\" alt width=\"800\" height=\"547\" srcset=\"https:\/\/sv-oberperfuss.at\/schi\/files\/2021\/03\/pic05-1.jpg 800w, https:\/\/sv-oberperfuss.at\/schi\/files\/2021\/03\/pic05-1-300x205.jpg 300w, https:\/\/sv-oberperfuss.at\/schi\/files\/2021\/03\/pic05-1-768x525.jpg 768w\" sizes=\"(max-width: 800px) 100vw, 800px\"><\/a> <a href=\"https:\/\/sv-oberperfuss.at\/schi\/files\/2021\/03\/pic06-1.jpg\"><img loading=\"lazy\" class=\"alignnone size-full wp-image-14513\" src=\"https:\/\/sv-oberperfuss.at\/schi\/files\/2021\/03\/pic06-1.jpg\" alt width=\"800\" height=\"621\" srcset=\"https:\/\/sv-oberperfuss.at\/schi\/files\/2021\/03\/pic06-1.jpg 800w, https:\/\/sv-oberperfuss.at\/schi\/files\/2021\/03\/pic06-1-300x233.jpg 300w, https:\/\/sv-oberperfuss.at\/schi\/files\/2021\/03\/pic06-1-768x596.jpg 768w\" sizes=\"(max-width: 800px) 100vw, 800px\"><\/a> <a href=\"https:\/\/sv-oberperfuss.at\/schi\/files\/2021\/03\/pic07-1.jpg\"><img loading=\"lazy\" class=\"alignnone size-full wp-image-14514\" src=\"https:\/\/sv-oberperfuss.at\/schi\/files\/2021\/03\/pic07-1.jpg\" alt width=\"800\" height=\"533\" srcset=\"https:\/\/sv-oberperfuss.at\/schi\/files\/2021\/03\/pic07-1.jpg 800w, https:\/\/sv-oberperfuss.at\/schi\/files\/2021\/03\/pic07-1-300x200.jpg 300w, https:\/\/sv-oberperfuss.at\/schi\/files\/2021\/03\/pic07-1-768x512.jpg 768w\" sizes=\"(max-width: 800px) 100vw, 800px\"><\/a> <a href=\"https:\/\/sv-oberperfuss.at\/schi\/files\/2021\/03\/pic08-1.jpg\"><img loading=\"lazy\" class=\"alignnone size-full wp-image-14515\" src=\"https:\/\/sv-oberperfuss.at\/schi\/files\/2021\/03\/pic08-1.jpg\" alt width=\"800\" height=\"615\" srcset=\"https:\/\/sv-oberperfuss.at\/schi\/files\/2021\/03\/pic08-1.jpg 800w, https:\/\/sv-oberperfuss.at\/schi\/files\/2021\/03\/pic08-1-300x231.jpg 300w, https:\/\/sv-oberperfuss.at\/schi\/files\/2021\/03\/pic08-1-768x590.jpg 768w\" sizes=\"(max-width: 800px) 100vw, 800px\"><\/a> <a href=\"https:\/\/sv-oberperfuss.at\/schi\/files\/2021\/03\/pic09-1.jpg\"><img loading=\"lazy\" class=\"alignnone size-full wp-image-14516\" src=\"https:\/\/sv-oberperfuss.at\/schi\/files\/2021\/03\/pic09-1.jpg\" alt width=\"800\" height=\"545\" srcset=\"https:\/\/sv-oberperfuss.at\/schi\/files\/2021\/03\/pic09-1.jpg 800w, https:\/\/sv-oberperfuss.at\/schi\/files\/2021\/03\/pic09-1-300x204.jpg 300w, https:\/\/sv-oberperfuss.at\/schi\/files\/2021\/03\/pic09-1-768x523.jpg 768w\" sizes=\"(max-width: 800px) 100vw, 800px\"><\/a> <a href=\"https:\/\/sv-oberperfuss.at\/schi\/files\/2021\/03\/pic10-1.jpg\"><img loading=\"lazy\" class=\"alignnone size-full wp-image-14517\" src=\"https:\/\/sv-oberperfuss.at\/schi\/files\/2021\/03\/pic10-1.jpg\" alt width=\"800\" height=\"652\" srcset=\"https:\/\/sv-oberperfuss.at\/schi\/files\/2021\/03\/pic10-1.jpg 800w, https:\/\/sv-oberperfuss.at\/schi\/files\/2021\/03\/pic10-1-300x245.jpg 300w, https:\/\/sv-oberperfuss.at\/schi\/files\/2021\/03\/pic10-1-768x626.jpg 768w\" sizes=\"(max-width: 800px) 100vw, 800px\"><\/a> <a href=\"https:\/\/sv-oberperfuss.at\/schi\/files\/2021\/03\/pic01-1.jpg\"><img loading=\"lazy\" class=\"alignnone size-full wp-image-14518\" src=\"https:\/\/sv-oberperfuss.at\/schi\/files\/2021\/03\/pic01-1.jpg\" alt width=\"800\" height=\"521\" srcset=\"https:\/\/sv-oberperfuss.at\/schi\/files\/2021\/03\/pic01-1.jpg 800w, https:\/\/sv-oberperfuss.at\/schi\/files\/2021\/03\/pic01-1-300x195.jpg 300w, https:\/\/sv-oberperfuss.at\/schi\/files\/2021\/03\/pic01-1-768x500.jpg 768w\" sizes=\"(max-width: 800px) 100vw, 800px\"><\/a> <a href=\"https:\/\/sv-oberperfuss.at\/schi\/files\/2021\/03\/pic02-1.jpg\"><img loading=\"lazy\" class=\"alignnone size-full wp-image-14519\" src=\"https:\/\/sv-oberperfuss.at\/schi\/files\/2021\/03\/pic02-1.jpg\" alt width=\"800\" height=\"584\" srcset=\"https:\/\/sv-oberperfuss.at\/schi\/files\/2021\/03\/pic02-1.jpg 800w, https:\/\/sv-oberperfuss.at\/schi\/files\/2021\/03\/pic02-1-300x219.jpg 300w, https:\/\/sv-oberperfuss.at\/schi\/files\/2021\/03\/pic02-1-768x561.jpg 768w\" sizes=\"(max-width: 800px) 100vw, 800px\"><\/a> <a href=\"https:\/\/sv-oberperfuss.at\/schi\/files\/2021\/03\/pic03-1.jpg\"><img loading=\"lazy\" class=\"alignnone size-full wp-image-14520\" src=\"https:\/\/sv-oberperfuss.at\/schi\/files\/2021\/03\/pic03-1.jpg\" alt width=\"800\" height=\"517\" srcset=\"https:\/\/sv-oberperfuss.at\/schi\/files\/2021\/03\/pic03-1.jpg 800w, https:\/\/sv-oberperfuss.at\/schi\/files\/2021\/03\/pic03-1-300x194.jpg 300w, https:\/\/sv-oberperfuss.at\/schi\/files\/2021\/03\/pic03-1-768x496.jpg 768w\" sizes=\"(max-width: 800px) 100vw, 800px\"><\/a><\/p>\n","protected":false},"excerpt":{"rendered":"<p>Erneut durfte sich der SV Oberperfuss \u00fcber Wettergl\u00fcck am Rangger K\u00f6pfl freuen. Nach leichtem Schneefall \u00fcber Nacht fanden unter kalten Temperaturen und viel Sonnenschein am Samstag gleich 2 Bezirksrennen der Kinder statt. Diese wurden jeweils als Riesentorlauf auf der Egghofpiste durchgef\u00fchrt und sorgten somit zugleich f\u00fcr den Rennauftakt innerhalb des Bezirks Innsbruck-Nord. Die Rennklassen K9&nbsp;[\u2026]<\/p>\n","protected":false},"author":38,"featured_media":0,"comment_status":"open","ping_status":"closed","sticky":false,"template":"","format":"standard","meta":{"wp_typography_post_enhancements_disabled":false},"categories":[4],"tags":[],"_links":{"self":[{"href":"https:\/\/sv-oberperfuss.at\/schi\/wp-json\/wp\/v2\/posts\/14510"}],"collection":[{"href":"https:\/\/sv-oberperfuss.at\/schi\/wp-json\/wp\/v2\/posts"}],"about":[{"href":"https:\/\/sv-oberperfuss.at\/schi\/wp-json\/wp\/v2\/types\/post"}],"author":[{"embeddable":true,"href":"https:\/\/sv-oberperfuss.at\/schi\/wp-json\/wp\/v2\/users\/38"}],"replies":[{"embeddable":true,"href":"https:\/\/sv-oberperfuss.at\/schi\/wp-json\/wp\/v2\/comments?post=14510"}],"version-history":[{"count":1,"href":"https:\/\/sv-oberperfuss.at\/schi\/wp-json\/wp\/v2\/posts\/14510\/revisions"}],"predecessor-version":[{"id":14521,"href":"https:\/\/sv-oberperfuss.at\/schi\/wp-json\/wp\/v2\/posts\/14510\/revisions\/14521"}],"wp:attachment":[{"href":"https:\/\/sv-oberperfuss.at\/schi\/wp-json\/wp\/v2\/media?parent=14510"}],"wp:term":[{"taxonomy":"category","embeddable":true,"href":"https:\/\/sv-oberperfuss.at\/schi\/wp-json\/wp\/v2\/categories?post=14510"},{"taxonomy":"post_tag","embeddable":true,"href":"https:\/\/sv-oberperfuss.at\/schi\/wp-json\/wp\/v2\/tags?post=14510"}],"curies":[{"name":"wp","href":"https:\/\/api.w.org\/{rel}","templated":true}]}}