{"id":14433,"date":"2020-11-12T21:08:25","date_gmt":"2020-11-12T19:08:25","guid":{"rendered":"https:\/\/sv-oberperfuss.at\/schi\/?p=14433"},"modified":"2020-11-12T21:09:35","modified_gmt":"2020-11-12T19:09:35","slug":"bernie-lorenz-beim-weltcupslalom-in-levi-am-start","status":"publish","type":"post","link":"https:\/\/sv-oberperfuss.at\/schi\/bernie-lorenz-beim-weltcupslalom-in-levi-am-start\/","title":{"rendered":"Bernie Lorenz beim Weltcupslalom in Levi am&nbsp;Start!"},"content":{"rendered":"<p>Am 21. und 22. November geht Bernadette Lorenz im finnischen Levi an den Start. Auf dem Programm stehen 2 Slalomrennen. Wir dr\u00fccken nat\u00fcrlich die Daumen und w\u00fcnschen alles&nbsp;gute!<\/p>\n<p>Hier gibt\u2019s einen Bericht vom Bezirksblatt:<\/p>\n<p><a href=\"https:\/\/www.meinbezirk.at\/westliches-mittelgebirge\/c-sport\/weltcupeinsatz-fuer-bernadette-lorenz-in-levi_a4345589\" target=\"_blank\" rel=\"noopener noreferrer\">https:\/\/www.meinbezirk.at\/westliches-mittelgebirge\/c\u2011sport\/weltcupeinsatz-fuer-bernadette-lorenz-in-levi_a4345589<\/a><\/p>\n","protected":false},"excerpt":{"rendered":"<p>Am 21. und 22. November geht Bernadette Lorenz im finnischen Levi an den Start. Auf dem Programm stehen 2 Slalomrennen. Wir dr\u00fccken nat\u00fcrlich die Daumen und w\u00fcnschen alles&nbsp;gute! Hier gibt\u2019s einen Bericht vom Bezirksblatt: https:\/\/www.meinbezirk.at\/westliches-mittelgebirge\/c\u2011sport\/weltcupeinsatz-fuer-bernadette-lorenz-in-levi_a4345589<\/p>\n","protected":false},"author":38,"featured_media":0,"comment_status":"open","ping_status":"closed","sticky":false,"template":"","format":"standard","meta":{"wp_typography_post_enhancements_disabled":false},"categories":[4],"tags":[],"_links":{"self":[{"href":"https:\/\/sv-oberperfuss.at\/schi\/wp-json\/wp\/v2\/posts\/14433"}],"collection":[{"href":"https:\/\/sv-oberperfuss.at\/schi\/wp-json\/wp\/v2\/posts"}],"about":[{"href":"https:\/\/sv-oberperfuss.at\/schi\/wp-json\/wp\/v2\/types\/post"}],"author":[{"embeddable":true,"href":"https:\/\/sv-oberperfuss.at\/schi\/wp-json\/wp\/v2\/users\/38"}],"replies":[{"embeddable":true,"href":"https:\/\/sv-oberperfuss.at\/schi\/wp-json\/wp\/v2\/comments?post=14433"}],"version-history":[{"count":3,"href":"https:\/\/sv-oberperfuss.at\/schi\/wp-json\/wp\/v2\/posts\/14433\/revisions"}],"predecessor-version":[{"id":14436,"href":"https:\/\/sv-oberperfuss.at\/schi\/wp-json\/wp\/v2\/posts\/14433\/revisions\/14436"}],"wp:attachment":[{"href":"https:\/\/sv-oberperfuss.at\/schi\/wp-json\/wp\/v2\/media?parent=14433"}],"wp:term":[{"taxonomy":"category","embeddable":true,"href":"https:\/\/sv-oberperfuss.at\/schi\/wp-json\/wp\/v2\/categories?post=14433"},{"taxonomy":"post_tag","embeddable":true,"href":"https:\/\/sv-oberperfuss.at\/schi\/wp-json\/wp\/v2\/tags?post=14433"}],"curies":[{"name":"wp","href":"https:\/\/api.w.org\/{rel}","templated":true}]}}