{"id":14409,"date":"2020-09-15T12:29:58","date_gmt":"2020-09-15T10:29:58","guid":{"rendered":"https:\/\/sv-oberperfuss.at\/schi\/?p=14409"},"modified":"2020-09-15T12:29:58","modified_gmt":"2020-09-15T10:29:58","slug":"silbernes-ehrenzeichen-fuer-chrissi-jules","status":"publish","type":"post","link":"https:\/\/sv-oberperfuss.at\/schi\/silbernes-ehrenzeichen-fuer-chrissi-jules\/","title":{"rendered":"SILBERNES Ehrenzeichen f\u00fcr Chrissi &amp;&nbsp;Jules!"},"content":{"rendered":"<p>Alleine in den vergangenen 4 Saisonen sorgten unsere 2 \u201eTimekeeper\u201c f\u00fcr an die 5.672 Starts bei 59 Rennen. Das ergibt einen 4\u2011Jahresschnitt von knapp 4 Starts jeden Tag. Dabei fielen unter anderen eine echte Weltpremiere (FIS-Parallelslalom K\u00fchtai 2018), die FIS-Premiere am Rangger K\u00f6pfl (2020), Landescuprennen, Bezirkscuprennen, Mastersbewerbe, Rennen f\u00fcr paralympische Athleten (Faktorenumrechnung), NightRace als Parallelevent (doppelte Zeitnehmung), K\u00f6pfl3er (3 verschiedene Sportarten gleichzeitig zur Auswertung), Hero KidsRace,\u2026 um nur einige Highlights zu nennen, unter ihre Stoppuhr. Nicht zuletzt deshalb war es f\u00fcr den Hauptvorstand des Tiroler Skiverbandes (TSV) ein Anliegen unseren Zeitnehmern Christoph \u201eChrissi\u201c Hupfauf und Stefan \u201eJules\u201c Weber das SILBERNE Ehrenzeichen f\u00fcr die Verdienste um den Tiroler Skisport zu verleihen!<\/p>\n<p>In bew\u00e4hrter Familientradition wurde das Zeitnehmer-Gen bei beiden bereits mitgegeben. Auch als Kampfrichter stehen sie regelm\u00e4\u00dfig im Einsatz. Auch Obmann Manuel Hujara zeigt sich hocherfreut \u00fcber die Auszeichnung: \u201eBei all den vielen ehrenamtlichen Helfern im Sport freut es mich nat\u00fcrlich umso mehr, dass auch Chrissi &amp; Jules diese hohe Auszeichnung erhalten. Egal um welche Herausforderung es geht, und es waren einige, es konnte immer eine L\u00f6sung gefunden werden. Dies ist nicht selbstverst\u00e4ndlich. Bei einigen unserer Bewerbe haben wir echtes Neuland betreten und es war nicht immer klar wie wir die Auswertung und die Zeitnehmung umsetzen k\u00f6nnen, doch die beiden haben stets eine L\u00f6sung gefunden. Wir als Verein k\u00f6nnen echt stolz sein, 2 solche Profis in unserem Helferteam zu&nbsp;haben.\u201c<\/p>\n<p><a href=\"https:\/\/sv-oberperfuss.at\/schi\/files\/2020\/09\/bild01-1.jpg\"><img loading=\"lazy\" class=\"alignnone size-large wp-image-14413\" src=\"https:\/\/sv-oberperfuss.at\/schi\/files\/2020\/09\/bild01-1-961x1024.jpg\" alt width=\"961\" height=\"1024\" srcset=\"https:\/\/sv-oberperfuss.at\/schi\/files\/2020\/09\/bild01-1-961x1024.jpg 961w, https:\/\/sv-oberperfuss.at\/schi\/files\/2020\/09\/bild01-1-281x300.jpg 281w, https:\/\/sv-oberperfuss.at\/schi\/files\/2020\/09\/bild01-1-768x819.jpg 768w\" sizes=\"(max-width: 961px) 100vw, 961px\"><\/a><\/p>\n<p><a href=\"https:\/\/sv-oberperfuss.at\/schi\/files\/2020\/09\/bild02s.jpg\"><img loading=\"lazy\" class=\"alignnone size-full wp-image-14415\" src=\"https:\/\/sv-oberperfuss.at\/schi\/files\/2020\/09\/bild02s.jpg\" alt width=\"800\" height=\"706\" srcset=\"https:\/\/sv-oberperfuss.at\/schi\/files\/2020\/09\/bild02s.jpg 800w, https:\/\/sv-oberperfuss.at\/schi\/files\/2020\/09\/bild02s-300x265.jpg 300w, https:\/\/sv-oberperfuss.at\/schi\/files\/2020\/09\/bild02s-768x678.jpg 768w\" sizes=\"(max-width: 800px) 100vw, 800px\"><\/a> <a href=\"https:\/\/sv-oberperfuss.at\/schi\/files\/2020\/09\/bild03-1.jpg\"><img loading=\"lazy\" class=\"alignnone size-large wp-image-14414\" src=\"https:\/\/sv-oberperfuss.at\/schi\/files\/2020\/09\/bild03-1-1024x676.jpg\" alt width=\"1024\" height=\"676\" srcset=\"https:\/\/sv-oberperfuss.at\/schi\/files\/2020\/09\/bild03-1-1024x676.jpg 1024w, https:\/\/sv-oberperfuss.at\/schi\/files\/2020\/09\/bild03-1-300x198.jpg 300w, https:\/\/sv-oberperfuss.at\/schi\/files\/2020\/09\/bild03-1-768x507.jpg 768w\" sizes=\"(max-width: 1024px) 100vw, 1024px\"><\/a> <a href=\"https:\/\/sv-oberperfuss.at\/schi\/files\/2020\/09\/bild04s.jpg\"><img loading=\"lazy\" class=\"alignnone size-full wp-image-14416\" src=\"https:\/\/sv-oberperfuss.at\/schi\/files\/2020\/09\/bild04s.jpg\" alt width=\"800\" height=\"749\" srcset=\"https:\/\/sv-oberperfuss.at\/schi\/files\/2020\/09\/bild04s.jpg 800w, https:\/\/sv-oberperfuss.at\/schi\/files\/2020\/09\/bild04s-300x281.jpg 300w, https:\/\/sv-oberperfuss.at\/schi\/files\/2020\/09\/bild04s-768x719.jpg 768w\" sizes=\"(max-width: 800px) 100vw, 800px\"><\/a> <a href=\"https:\/\/sv-oberperfuss.at\/schi\/files\/2020\/09\/bild06-1.jpg\"><img loading=\"lazy\" class=\"alignnone size-large wp-image-14411\" src=\"https:\/\/sv-oberperfuss.at\/schi\/files\/2020\/09\/bild06-1-1024x668.jpg\" alt width=\"1024\" height=\"668\" srcset=\"https:\/\/sv-oberperfuss.at\/schi\/files\/2020\/09\/bild06-1-1024x668.jpg 1024w, https:\/\/sv-oberperfuss.at\/schi\/files\/2020\/09\/bild06-1-300x196.jpg 300w, https:\/\/sv-oberperfuss.at\/schi\/files\/2020\/09\/bild06-1-768x501.jpg 768w\" sizes=\"(max-width: 1024px) 100vw, 1024px\"><\/a> <a href=\"https:\/\/sv-oberperfuss.at\/schi\/files\/2020\/09\/bild05-1.jpg\"><img loading=\"lazy\" class=\"alignnone size-large wp-image-14410\" src=\"https:\/\/sv-oberperfuss.at\/schi\/files\/2020\/09\/bild05-1-1024x920.jpg\" alt width=\"1024\" height=\"920\" srcset=\"https:\/\/sv-oberperfuss.at\/schi\/files\/2020\/09\/bild05-1-1024x920.jpg 1024w, https:\/\/sv-oberperfuss.at\/schi\/files\/2020\/09\/bild05-1-300x270.jpg 300w, https:\/\/sv-oberperfuss.at\/schi\/files\/2020\/09\/bild05-1-768x690.jpg 768w\" sizes=\"(max-width: 1024px) 100vw, 1024px\"><\/a><\/p>\n<p><a href=\"https:\/\/sv-oberperfuss.at\/schi\/files\/2020\/09\/bild07-1.jpg\"><img loading=\"lazy\" class=\"alignnone size-medium wp-image-14412\" src=\"https:\/\/sv-oberperfuss.at\/schi\/files\/2020\/09\/bild07-1-300x247.jpg\" alt width=\"300\" height=\"247\" srcset=\"https:\/\/sv-oberperfuss.at\/schi\/files\/2020\/09\/bild07-1-300x247.jpg 300w, https:\/\/sv-oberperfuss.at\/schi\/files\/2020\/09\/bild07-1-768x632.jpg 768w, https:\/\/sv-oberperfuss.at\/schi\/files\/2020\/09\/bild07-1-1024x843.jpg 1024w\" sizes=\"(max-width: 300px) 100vw, 300px\"><\/a><\/p>\n<p>Bild01: v.l. Hupfauf Christoph, Weber Stefan<br>\nBild02: v.l. Weber Stefan, Hupfauf Christoph vor dem Zielhaus<br>\nBild03: Weber Stefan im Einsatz bei der DM\/\u00d6M der Para-Sportler im K\u00fchtai<br>\nBild04: Hupfauf Christoph im Einsatz bei der FIS-Premiere am Rangger K\u00f6pfl<br>\nBild05: Weber Stefan mit \u201ezerst\u00f6rter\u201c Bohrmaschine<br>\nBild06: Hupfauf Christoph in der \u201emobilen Zielraupe\u201c im K\u00fchtai<br>\nBild07: Hupfauf Christoph in der mobilen Zielgondel am Rangger K\u00f6pfl<\/p>\n","protected":false},"excerpt":{"rendered":"<p>Alleine in den vergangenen 4 Saisonen sorgten unsere 2 \u201eTimekeeper\u201c f\u00fcr an die 5.672 Starts bei 59 Rennen. Das ergibt einen 4\u2011Jahresschnitt von knapp 4 Starts jeden Tag. Dabei fielen unter anderen eine echte Weltpremiere (FIS-Parallelslalom K\u00fchtai 2018), die FIS-Premiere am Rangger K\u00f6pfl (2020), Landescuprennen, Bezirkscuprennen, Mastersbewerbe, Rennen f\u00fcr paralympische Athleten (Faktorenumrechnung), NightRace als Parallelevent&nbsp;[\u2026]<\/p>\n","protected":false},"author":38,"featured_media":0,"comment_status":"open","ping_status":"closed","sticky":false,"template":"","format":"standard","meta":{"wp_typography_post_enhancements_disabled":false},"categories":[4],"tags":[],"_links":{"self":[{"href":"https:\/\/sv-oberperfuss.at\/schi\/wp-json\/wp\/v2\/posts\/14409"}],"collection":[{"href":"https:\/\/sv-oberperfuss.at\/schi\/wp-json\/wp\/v2\/posts"}],"about":[{"href":"https:\/\/sv-oberperfuss.at\/schi\/wp-json\/wp\/v2\/types\/post"}],"author":[{"embeddable":true,"href":"https:\/\/sv-oberperfuss.at\/schi\/wp-json\/wp\/v2\/users\/38"}],"replies":[{"embeddable":true,"href":"https:\/\/sv-oberperfuss.at\/schi\/wp-json\/wp\/v2\/comments?post=14409"}],"version-history":[{"count":1,"href":"https:\/\/sv-oberperfuss.at\/schi\/wp-json\/wp\/v2\/posts\/14409\/revisions"}],"predecessor-version":[{"id":14417,"href":"https:\/\/sv-oberperfuss.at\/schi\/wp-json\/wp\/v2\/posts\/14409\/revisions\/14417"}],"wp:attachment":[{"href":"https:\/\/sv-oberperfuss.at\/schi\/wp-json\/wp\/v2\/media?parent=14409"}],"wp:term":[{"taxonomy":"category","embeddable":true,"href":"https:\/\/sv-oberperfuss.at\/schi\/wp-json\/wp\/v2\/categories?post=14409"},{"taxonomy":"post_tag","embeddable":true,"href":"https:\/\/sv-oberperfuss.at\/schi\/wp-json\/wp\/v2\/tags?post=14409"}],"curies":[{"name":"wp","href":"https:\/\/api.w.org\/{rel}","templated":true}]}}