{"id":14383,"date":"2020-09-07T19:02:03","date_gmt":"2020-09-07T17:02:03","guid":{"rendered":"https:\/\/sv-oberperfuss.at\/schi\/?p=14383"},"modified":"2020-09-07T19:02:03","modified_gmt":"2020-09-07T17:02:03","slug":"neue-ehrenmitglieder-des-sv-oberperfuss-schi-am-rangger-koepfl-ausgezeichnet","status":"publish","type":"post","link":"https:\/\/sv-oberperfuss.at\/schi\/neue-ehrenmitglieder-des-sv-oberperfuss-schi-am-rangger-koepfl-ausgezeichnet\/","title":{"rendered":"Neue Ehrenmitglieder des SV Oberperfuss Schi am Rangger K\u00f6pfl ausgezeichnet"},"content":{"rendered":"<p>Seit kurzem hat der SV Oberperfuss Schi 5 weitere \u201eEhrenmitglieder\u201c. Im Rahmen eines Helferfestes inmitten des Rangger K\u00f6pfls wurde unseren flei\u00dfigen Helfern ein netter Tag auf der Terrasse des Restaurants Sulzstich geboten. Dabei lie\u00dfen es sich Hansi &amp; sein Team nicht nehmen die Mitglieder des SV Oberperfuss kulinarisch zu verk\u00f6stigen. Beim 3. Anlauf (beide Termine zuvor mussten aufgrund des Wetters verschoben werden) gelang es schlie\u00dflich die unz\u00e4hligen Helfer der vergangenen Wintersaison und nat\u00fcrlich die geladenen Hauptakteure unter strahlendem Sonnenschein zu vereinen. Neben einigen kleineren Auszeichnungen, Anekdoten und Dankesreden \u2013 allen voran unseren Partnern &amp; Sponsoren und ganz speziell den Bergbahnen Oberperfuss und er Gemeinde Oberperfuss gewidmet \u2014 startete Obmann Manuel Hujara &amp; sein Stellvertreter Alexander H\u00f6rtnagl p\u00fcnktlich um 12:30 mit der ersten von 5 Laudationen. Als erstes wurde Richard Wastl, seines Zeichens Obmann des Schivereines zwischen 1962 und 1970 auf die Ehrungsb\u00fchne gebeten. Er \u00fcbte sein Amt In einer Zeit aus in der es noch keinen Sessellift auf das Rangger K\u00f6pfl gab. In einer Zeit, in der es zu all den technischen Arbeiten zur Durchf\u00fchrung eines Schirennens auch noch gehei\u00dfen hat, Treffpunkt f\u00fcr alle ist 2 Tage vor dem Rennen: \u201ePiste antretteln\u201c. Als n\u00e4chstes gelangte Josef Abenthung zu Ehren, welcher wesentliche \u201eSpuren\u201c seiner T\u00e4tigkeit auf dem Hausberg \u201eRangger K\u00f6pfl\u201c hinterlassen hat. Auf seine Initiative hin wurde unter anderem das heutige Zielhaus unterhalb der Riepenalm gebaut. Im Anschluss betrat zweifellos einer der besten Schisportler der damaligen Zeit in unserem Ort, Rudi \u00d6lhafen, die B\u00fchne. Geboren im Jahre 1933, dem Gr\u00fcndungsjahr unseres Vereines, war Rudi lange Zeit Sportwart und auch seine Obmannt\u00e4tigkeit erstreckte sich ab Mitte der 50er Jahre bis 1962. Einer seiner treuesten Weggef\u00e4hrten, Span Josef, durfte als n\u00e4chster die B\u00fchne betreten. Dabei fungierte die b\u00e4uerliche Stube der Span\u00b4s mehr oder weniger als Rennb\u00fcro der fr\u00fchen Jahre. Wann immer es ihm m\u00f6glich war brachte sich Josef aber auch als Zeitenschreiber, Stopper oder auch Kampfrichter ein. Abschlie\u00dfend durften wir noch Heinz Wegscheider begr\u00fc\u00dfen, der auf unglaubliche 260 JAHRE (ca.) an Vereinsarbeit kommen w\u00fcrde, w\u00fcrde man diese strukturiert aneinander reihen. Nach unz\u00e4hligen Stationen als Obmann und Stellvertreter im Gesamtsportverein, Stationen als Obmann oder Sektionsleiter bei den Fu\u00dfballern, Rodlern und nat\u00fcrlich auch der Sektion Ski zwischen 1980 und 1985 war er auch noch in gen\u00fcgend weiteren Vereinsinstitutionen aktiv. Wir sagen erneut DANKE f\u00fcr das Geleistete und DANKE dem Helferteam!<\/p>\n<p>Auch der heutige Obmann des SV Oberperfuss lie\u00df es sich nicht nehmen und fand anerkennende Worte: \u201eDa ich ja auch etwas aus dem Segelsport komme kann ich nur sagen dass ein Schiff &nbsp;immer nur so gut wie seine Mannschaft ist. Mit unserer Helfer-Mannschaft w\u00fcrden wir allerdings jede Regatta&nbsp;gewinnen. Unter anderem deshalb haben wir uns diesen Sommer mit unserer sehr fr\u00fchen Vereinsgeschichte besch\u00e4ftigt. Anhand vieler Erz\u00e4hlungen und Gespr\u00e4che entstand dabei ein kleiner Einblick in die Zeiten der Vereinsgr\u00fcndung, beziehungsweise Momente der Anfangszeit des Vereines von damaligen Zeitzeugen. Nur nochmals zur Erinnerung, der SV Oberperfuss wurde bereits 1933 gegr\u00fcndet.\u201c<\/p>\n<p>Bild01: Die vom SVO Geehrten (v.l.) Wastl Richard, Wegscheider Heinz, Span Josef, Abenthung Josef und \u00d6lhafen Rudolf (Foto: SVO Kastner)<\/p>\n<p><a href=\"https:\/\/sv-oberperfuss.at\/schi\/files\/2020\/09\/bild01.jpg\"><img loading=\"lazy\" class=\"alignnone size-full wp-image-14384\" src=\"https:\/\/sv-oberperfuss.at\/schi\/files\/2020\/09\/bild01.jpg\" alt width=\"800\" height=\"651\" srcset=\"https:\/\/sv-oberperfuss.at\/schi\/files\/2020\/09\/bild01.jpg 800w, https:\/\/sv-oberperfuss.at\/schi\/files\/2020\/09\/bild01-300x244.jpg 300w, https:\/\/sv-oberperfuss.at\/schi\/files\/2020\/09\/bild01-768x625.jpg 768w\" sizes=\"(max-width: 800px) 100vw, 800px\"><\/a> <a href=\"https:\/\/sv-oberperfuss.at\/schi\/files\/2020\/09\/bild02.jpg\"><img loading=\"lazy\" class=\"alignnone size-full wp-image-14385\" src=\"https:\/\/sv-oberperfuss.at\/schi\/files\/2020\/09\/bild02.jpg\" alt width=\"800\" height=\"490\" srcset=\"https:\/\/sv-oberperfuss.at\/schi\/files\/2020\/09\/bild02.jpg 800w, https:\/\/sv-oberperfuss.at\/schi\/files\/2020\/09\/bild02-300x184.jpg 300w, https:\/\/sv-oberperfuss.at\/schi\/files\/2020\/09\/bild02-768x470.jpg 768w\" sizes=\"(max-width: 800px) 100vw, 800px\"><\/a> <a href=\"https:\/\/sv-oberperfuss.at\/schi\/files\/2020\/09\/bild03.jpg\"><img loading=\"lazy\" class=\"alignnone size-full wp-image-14386\" src=\"https:\/\/sv-oberperfuss.at\/schi\/files\/2020\/09\/bild03.jpg\" alt width=\"800\" height=\"530\" srcset=\"https:\/\/sv-oberperfuss.at\/schi\/files\/2020\/09\/bild03.jpg 800w, https:\/\/sv-oberperfuss.at\/schi\/files\/2020\/09\/bild03-300x199.jpg 300w, https:\/\/sv-oberperfuss.at\/schi\/files\/2020\/09\/bild03-768x509.jpg 768w\" sizes=\"(max-width: 800px) 100vw, 800px\"><\/a> <a href=\"https:\/\/sv-oberperfuss.at\/schi\/files\/2020\/09\/bild04.jpg\"><img loading=\"lazy\" class=\"alignnone size-full wp-image-14387\" src=\"https:\/\/sv-oberperfuss.at\/schi\/files\/2020\/09\/bild04.jpg\" alt width=\"800\" height=\"578\" srcset=\"https:\/\/sv-oberperfuss.at\/schi\/files\/2020\/09\/bild04.jpg 800w, https:\/\/sv-oberperfuss.at\/schi\/files\/2020\/09\/bild04-300x217.jpg 300w, https:\/\/sv-oberperfuss.at\/schi\/files\/2020\/09\/bild04-768x555.jpg 768w\" sizes=\"(max-width: 800px) 100vw, 800px\"><\/a> <a href=\"https:\/\/sv-oberperfuss.at\/schi\/files\/2020\/09\/bild05.jpg\"><img loading=\"lazy\" class=\"alignnone size-full wp-image-14388\" src=\"https:\/\/sv-oberperfuss.at\/schi\/files\/2020\/09\/bild05.jpg\" alt width=\"800\" height=\"524\" srcset=\"https:\/\/sv-oberperfuss.at\/schi\/files\/2020\/09\/bild05.jpg 800w, https:\/\/sv-oberperfuss.at\/schi\/files\/2020\/09\/bild05-300x197.jpg 300w, https:\/\/sv-oberperfuss.at\/schi\/files\/2020\/09\/bild05-768x503.jpg 768w\" sizes=\"(max-width: 800px) 100vw, 800px\"><\/a> <a href=\"https:\/\/sv-oberperfuss.at\/schi\/files\/2020\/09\/bild06.jpg\"><img loading=\"lazy\" class=\"alignnone size-full wp-image-14389\" src=\"https:\/\/sv-oberperfuss.at\/schi\/files\/2020\/09\/bild06.jpg\" alt width=\"800\" height=\"485\" srcset=\"https:\/\/sv-oberperfuss.at\/schi\/files\/2020\/09\/bild06.jpg 800w, https:\/\/sv-oberperfuss.at\/schi\/files\/2020\/09\/bild06-300x182.jpg 300w, https:\/\/sv-oberperfuss.at\/schi\/files\/2020\/09\/bild06-768x466.jpg 768w\" sizes=\"(max-width: 800px) 100vw, 800px\"><\/a> <a href=\"https:\/\/sv-oberperfuss.at\/schi\/files\/2020\/09\/bild07.jpg\"><img loading=\"lazy\" class=\"alignnone size-full wp-image-14390\" src=\"https:\/\/sv-oberperfuss.at\/schi\/files\/2020\/09\/bild07.jpg\" alt width=\"800\" height=\"661\" srcset=\"https:\/\/sv-oberperfuss.at\/schi\/files\/2020\/09\/bild07.jpg 800w, https:\/\/sv-oberperfuss.at\/schi\/files\/2020\/09\/bild07-300x248.jpg 300w, https:\/\/sv-oberperfuss.at\/schi\/files\/2020\/09\/bild07-768x635.jpg 768w\" sizes=\"(max-width: 800px) 100vw, 800px\"><\/a> <a href=\"https:\/\/sv-oberperfuss.at\/schi\/files\/2020\/09\/bild08.jpg\"><img loading=\"lazy\" class=\"alignnone size-full wp-image-14391\" src=\"https:\/\/sv-oberperfuss.at\/schi\/files\/2020\/09\/bild08.jpg\" alt width=\"800\" height=\"653\" srcset=\"https:\/\/sv-oberperfuss.at\/schi\/files\/2020\/09\/bild08.jpg 800w, https:\/\/sv-oberperfuss.at\/schi\/files\/2020\/09\/bild08-300x245.jpg 300w, https:\/\/sv-oberperfuss.at\/schi\/files\/2020\/09\/bild08-768x627.jpg 768w\" sizes=\"(max-width: 800px) 100vw, 800px\"><\/a> <a href=\"https:\/\/sv-oberperfuss.at\/schi\/files\/2020\/09\/bild09.jpg\"><img loading=\"lazy\" class=\"alignnone size-full wp-image-14392\" src=\"https:\/\/sv-oberperfuss.at\/schi\/files\/2020\/09\/bild09.jpg\" alt width=\"800\" height=\"497\" srcset=\"https:\/\/sv-oberperfuss.at\/schi\/files\/2020\/09\/bild09.jpg 800w, https:\/\/sv-oberperfuss.at\/schi\/files\/2020\/09\/bild09-300x186.jpg 300w, https:\/\/sv-oberperfuss.at\/schi\/files\/2020\/09\/bild09-768x477.jpg 768w\" sizes=\"(max-width: 800px) 100vw, 800px\"><\/a> <a href=\"https:\/\/sv-oberperfuss.at\/schi\/files\/2020\/09\/bild10.jpg\"><img loading=\"lazy\" class=\"alignnone size-full wp-image-14393\" src=\"https:\/\/sv-oberperfuss.at\/schi\/files\/2020\/09\/bild10.jpg\" alt width=\"800\" height=\"631\" srcset=\"https:\/\/sv-oberperfuss.at\/schi\/files\/2020\/09\/bild10.jpg 800w, https:\/\/sv-oberperfuss.at\/schi\/files\/2020\/09\/bild10-300x237.jpg 300w, https:\/\/sv-oberperfuss.at\/schi\/files\/2020\/09\/bild10-768x606.jpg 768w\" sizes=\"(max-width: 800px) 100vw, 800px\"><\/a> <a href=\"https:\/\/sv-oberperfuss.at\/schi\/files\/2020\/09\/bild11.jpg\"><img loading=\"lazy\" class=\"alignnone size-full wp-image-14394\" src=\"https:\/\/sv-oberperfuss.at\/schi\/files\/2020\/09\/bild11.jpg\" alt width=\"800\" height=\"552\" srcset=\"https:\/\/sv-oberperfuss.at\/schi\/files\/2020\/09\/bild11.jpg 800w, https:\/\/sv-oberperfuss.at\/schi\/files\/2020\/09\/bild11-300x207.jpg 300w, https:\/\/sv-oberperfuss.at\/schi\/files\/2020\/09\/bild11-768x530.jpg 768w\" sizes=\"(max-width: 800px) 100vw, 800px\"><\/a> <a href=\"https:\/\/sv-oberperfuss.at\/schi\/files\/2020\/09\/bild12.jpg\"><img loading=\"lazy\" class=\"alignnone size-full wp-image-14395\" src=\"https:\/\/sv-oberperfuss.at\/schi\/files\/2020\/09\/bild12.jpg\" alt width=\"800\" height=\"760\" srcset=\"https:\/\/sv-oberperfuss.at\/schi\/files\/2020\/09\/bild12.jpg 800w, https:\/\/sv-oberperfuss.at\/schi\/files\/2020\/09\/bild12-300x285.jpg 300w, https:\/\/sv-oberperfuss.at\/schi\/files\/2020\/09\/bild12-768x730.jpg 768w\" sizes=\"(max-width: 800px) 100vw, 800px\"><\/a> <a href=\"https:\/\/sv-oberperfuss.at\/schi\/files\/2020\/09\/bild13.jpg\"><img loading=\"lazy\" class=\"alignnone size-full wp-image-14396\" src=\"https:\/\/sv-oberperfuss.at\/schi\/files\/2020\/09\/bild13.jpg\" alt width=\"800\" height=\"734\" srcset=\"https:\/\/sv-oberperfuss.at\/schi\/files\/2020\/09\/bild13.jpg 800w, https:\/\/sv-oberperfuss.at\/schi\/files\/2020\/09\/bild13-300x275.jpg 300w, https:\/\/sv-oberperfuss.at\/schi\/files\/2020\/09\/bild13-768x705.jpg 768w\" sizes=\"(max-width: 800px) 100vw, 800px\"><\/a> <a href=\"https:\/\/sv-oberperfuss.at\/schi\/files\/2020\/09\/bild14.jpg\"><img loading=\"lazy\" class=\"alignnone size-full wp-image-14397\" src=\"https:\/\/sv-oberperfuss.at\/schi\/files\/2020\/09\/bild14.jpg\" alt width=\"800\" height=\"569\" srcset=\"https:\/\/sv-oberperfuss.at\/schi\/files\/2020\/09\/bild14.jpg 800w, https:\/\/sv-oberperfuss.at\/schi\/files\/2020\/09\/bild14-300x213.jpg 300w, https:\/\/sv-oberperfuss.at\/schi\/files\/2020\/09\/bild14-768x546.jpg 768w\" sizes=\"(max-width: 800px) 100vw, 800px\"><\/a> <a href=\"https:\/\/sv-oberperfuss.at\/schi\/files\/2020\/09\/bild15.jpg\"><img loading=\"lazy\" class=\"alignnone size-full wp-image-14398\" src=\"https:\/\/sv-oberperfuss.at\/schi\/files\/2020\/09\/bild15.jpg\" alt width=\"800\" height=\"525\" srcset=\"https:\/\/sv-oberperfuss.at\/schi\/files\/2020\/09\/bild15.jpg 800w, https:\/\/sv-oberperfuss.at\/schi\/files\/2020\/09\/bild15-300x197.jpg 300w, https:\/\/sv-oberperfuss.at\/schi\/files\/2020\/09\/bild15-768x504.jpg 768w\" sizes=\"(max-width: 800px) 100vw, 800px\"><\/a> <a href=\"https:\/\/sv-oberperfuss.at\/schi\/files\/2020\/09\/bild16.jpg\"><img loading=\"lazy\" class=\"alignnone size-full wp-image-14399\" src=\"https:\/\/sv-oberperfuss.at\/schi\/files\/2020\/09\/bild16.jpg\" alt width=\"800\" height=\"595\" srcset=\"https:\/\/sv-oberperfuss.at\/schi\/files\/2020\/09\/bild16.jpg 800w, https:\/\/sv-oberperfuss.at\/schi\/files\/2020\/09\/bild16-300x223.jpg 300w, https:\/\/sv-oberperfuss.at\/schi\/files\/2020\/09\/bild16-768x571.jpg 768w\" sizes=\"(max-width: 800px) 100vw, 800px\"><\/a> <a href=\"https:\/\/sv-oberperfuss.at\/schi\/files\/2020\/09\/bild17.jpg\"><img loading=\"lazy\" class=\"alignnone size-full wp-image-14400\" src=\"https:\/\/sv-oberperfuss.at\/schi\/files\/2020\/09\/bild17.jpg\" alt width=\"800\" height=\"515\" srcset=\"https:\/\/sv-oberperfuss.at\/schi\/files\/2020\/09\/bild17.jpg 800w, https:\/\/sv-oberperfuss.at\/schi\/files\/2020\/09\/bild17-300x193.jpg 300w, https:\/\/sv-oberperfuss.at\/schi\/files\/2020\/09\/bild17-768x494.jpg 768w\" sizes=\"(max-width: 800px) 100vw, 800px\"><\/a><\/p>\n","protected":false},"excerpt":{"rendered":"<p>Seit kurzem hat der SV Oberperfuss Schi 5 weitere \u201eEhrenmitglieder\u201c. Im Rahmen eines Helferfestes inmitten des Rangger K\u00f6pfls wurde unseren flei\u00dfigen Helfern ein netter Tag auf der Terrasse des Restaurants Sulzstich geboten. Dabei lie\u00dfen es sich Hansi &amp; sein Team nicht nehmen die Mitglieder des SV Oberperfuss kulinarisch zu verk\u00f6stigen. Beim 3. Anlauf (beide Termine&nbsp;[\u2026]<\/p>\n","protected":false},"author":38,"featured_media":0,"comment_status":"open","ping_status":"closed","sticky":false,"template":"","format":"standard","meta":{"wp_typography_post_enhancements_disabled":false},"categories":[4],"tags":[],"_links":{"self":[{"href":"https:\/\/sv-oberperfuss.at\/schi\/wp-json\/wp\/v2\/posts\/14383"}],"collection":[{"href":"https:\/\/sv-oberperfuss.at\/schi\/wp-json\/wp\/v2\/posts"}],"about":[{"href":"https:\/\/sv-oberperfuss.at\/schi\/wp-json\/wp\/v2\/types\/post"}],"author":[{"embeddable":true,"href":"https:\/\/sv-oberperfuss.at\/schi\/wp-json\/wp\/v2\/users\/38"}],"replies":[{"embeddable":true,"href":"https:\/\/sv-oberperfuss.at\/schi\/wp-json\/wp\/v2\/comments?post=14383"}],"version-history":[{"count":1,"href":"https:\/\/sv-oberperfuss.at\/schi\/wp-json\/wp\/v2\/posts\/14383\/revisions"}],"predecessor-version":[{"id":14401,"href":"https:\/\/sv-oberperfuss.at\/schi\/wp-json\/wp\/v2\/posts\/14383\/revisions\/14401"}],"wp:attachment":[{"href":"https:\/\/sv-oberperfuss.at\/schi\/wp-json\/wp\/v2\/media?parent=14383"}],"wp:term":[{"taxonomy":"category","embeddable":true,"href":"https:\/\/sv-oberperfuss.at\/schi\/wp-json\/wp\/v2\/categories?post=14383"},{"taxonomy":"post_tag","embeddable":true,"href":"https:\/\/sv-oberperfuss.at\/schi\/wp-json\/wp\/v2\/tags?post=14383"}],"curies":[{"name":"wp","href":"https:\/\/api.w.org\/{rel}","templated":true}]}}