{"id":14000,"date":"2019-07-03T11:15:48","date_gmt":"2019-07-03T09:15:48","guid":{"rendered":"https:\/\/sv-oberperfuss.at\/schi\/?p=14000"},"modified":"2019-07-03T11:15:53","modified_gmt":"2019-07-03T09:15:53","slug":"partytime-in-sulzstich-zu-ehren-von-stephanie-venier","status":"publish","type":"post","link":"https:\/\/sv-oberperfuss.at\/schi\/partytime-in-sulzstich-zu-ehren-von-stephanie-venier\/","title":{"rendered":"Partytime in Sulzstich zu Ehren von Stephanie Venier"},"content":{"rendered":"\n<p>Die erste Weltcupparty zu Ehren von Stephanie Venier fand am 23. Juni im Restaurant Sulzstich statt. Dabei wurde den \u00fcber 200 G\u00e4sten ein nettes Programm und eine coole Party beschert. Als erster Programmpunkt stand dabei f\u00fcr \u201eStephi\u201c die \u00dcbernahme ihrer eigenen Weltcupgondel mit der Nummer 1 als Anerkennung ihres ersten Weltcupsieges und dem sensationellen 2. Gesamtrang im Abfahrtsweltcup in der abgelaufenen Saison an. Musikalisch begleitet und mit vielen Teilnehmern und auch Schaulustigen ging es im Anschluss gleich in der eigenen Gondel weiter Richtung Bergstation. Mit dabei war auch die Tiroler Tageszeitung, welche es sich nicht nehmen lie\u00df Stephi zu ihrer tollen Saison zu interviewen. Oben angekommen wanderte der Tross, erneut musikalisch von den Melachtaler Selchbuam begleitet, weiter zur Sulzstichh\u00fctte wo unser Hansi und sein Sulzstich-Team zum Grillfest luden. Vor Ort startete dann die musikalische Unterhaltung auf der eigens umgebauten Festb\u00fchne. Es wurde Stephis Winter Revue passiert und auch die Kinder der Volksschulen durften Interviews f\u00fchren. Schlie\u00dflich zeichnet Stephi ja als Patin f\u00fcr das Projekt Oberperfuss f\u00e4hrt Schi verantwortlich und es ist ihr ein echtes Anliegen die Kinder auf den Schnee zu bringen. Als kleine Anerkennung durfte Sie auch ein spezielles Geschenk unserer Frau B\u00fcrgermeisterin in Empfang nehmen \u2013 nicht weniger als eine Gucci Handtasche durfte es sein \ud83d\ude09 Auch vom SV Oberperfuss erhielt Stephi eine Collage, die, wie wir finden sehr treffend gelungen ist. Den musikalischen Abschluss lieferte dann die Bl\u00e4sergruppe mit ihrem ersten gro\u00dfen Auftritt, bevor dann die Party weiter ging..&nbsp;<\/p>\n\n\n\n<p>Ein unglaubliches\nDANKE-sch\u00f6n m\u00f6chten wir vom SV Oberperfuss allen Helfern und Teilnehmern\n\u00fcbermitteln! Ganz speziell jedoch dem Team um Hansi Glabonjat und den Mitarbeitern\nder Sulzstichh\u00fctte, den \u201eMelachtaler Selchbuam\u201c und allen Kindern der VS\nOberperfuss die uns musikalisch unterst\u00fctzt haben, den Bergbahnen Oberperfuss\nund der Gemeinde Oberperfuss, allen voran unserer Pr\u00e4sidentin des Gesamtsportvereines,\nJohanna Obojes-Rubatscher!<\/p>\n\n\n\n<p>Hier gibt es den Bericht der Tiroler Tageszeitung zum Nachlesen: <a href=\"https:\/\/www.tt.com\/sport\/wintersport\/15783512\/venier-nimmt-mit-neuer-gondel-auch-neue-ziele-ins-visier\"><strong>https:\/\/www.tt.com\/sport\/wintersport\/15783512\/venier-nimmt-mit-neuer-gondel-auch-neue-ziele-ins-visier<\/strong><\/a><\/p>\n\n\n\n<ul class=\"wp-block-gallery columns-3 is-cropped\"><li class=\"blocks-gallery-item\"><figure><img loading=\"lazy\" width=\"800\" height=\"600\" src=\"https:\/\/sv-oberperfuss.at\/schi\/files\/2019\/07\/086A1910.jpg\" alt data-id=\"14001\" data-link=\"https:\/\/sv-oberperfuss.at\/schi\/?attachment_id=14001\" class=\"wp-image-14001\" srcset=\"https:\/\/sv-oberperfuss.at\/schi\/files\/2019\/07\/086A1910.jpg 800w, https:\/\/sv-oberperfuss.at\/schi\/files\/2019\/07\/086A1910-300x225.jpg 300w, https:\/\/sv-oberperfuss.at\/schi\/files\/2019\/07\/086A1910-768x576.jpg 768w\" sizes=\"(max-width: 800px) 100vw, 800px\"><\/figure><\/li><li class=\"blocks-gallery-item\"><figure><img loading=\"lazy\" width=\"800\" height=\"600\" src=\"https:\/\/sv-oberperfuss.at\/schi\/files\/2019\/07\/086A1950.jpg\" alt data-id=\"14002\" data-link=\"https:\/\/sv-oberperfuss.at\/schi\/?attachment_id=14002\" class=\"wp-image-14002\" srcset=\"https:\/\/sv-oberperfuss.at\/schi\/files\/2019\/07\/086A1950.jpg 800w, https:\/\/sv-oberperfuss.at\/schi\/files\/2019\/07\/086A1950-300x225.jpg 300w, https:\/\/sv-oberperfuss.at\/schi\/files\/2019\/07\/086A1950-768x576.jpg 768w\" sizes=\"(max-width: 800px) 100vw, 800px\"><\/figure><\/li><li class=\"blocks-gallery-item\"><figure><img loading=\"lazy\" width=\"600\" height=\"800\" src=\"https:\/\/sv-oberperfuss.at\/schi\/files\/2019\/07\/086A1976.jpg\" alt data-id=\"14003\" data-link=\"https:\/\/sv-oberperfuss.at\/schi\/?attachment_id=14003\" class=\"wp-image-14003\" srcset=\"https:\/\/sv-oberperfuss.at\/schi\/files\/2019\/07\/086A1976.jpg 600w, https:\/\/sv-oberperfuss.at\/schi\/files\/2019\/07\/086A1976-225x300.jpg 225w\" sizes=\"(max-width: 600px) 100vw, 600px\"><\/figure><\/li><li class=\"blocks-gallery-item\"><figure><img loading=\"lazy\" width=\"800\" height=\"600\" src=\"https:\/\/sv-oberperfuss.at\/schi\/files\/2019\/07\/086A1983.jpg\" alt data-id=\"14004\" data-link=\"https:\/\/sv-oberperfuss.at\/schi\/?attachment_id=14004\" class=\"wp-image-14004\" srcset=\"https:\/\/sv-oberperfuss.at\/schi\/files\/2019\/07\/086A1983.jpg 800w, https:\/\/sv-oberperfuss.at\/schi\/files\/2019\/07\/086A1983-300x225.jpg 300w, https:\/\/sv-oberperfuss.at\/schi\/files\/2019\/07\/086A1983-768x576.jpg 768w\" sizes=\"(max-width: 800px) 100vw, 800px\"><\/figure><\/li><li class=\"blocks-gallery-item\"><figure><img loading=\"lazy\" width=\"800\" height=\"600\" src=\"https:\/\/sv-oberperfuss.at\/schi\/files\/2019\/07\/086A1996.jpg\" alt data-id=\"14005\" data-link=\"https:\/\/sv-oberperfuss.at\/schi\/?attachment_id=14005\" class=\"wp-image-14005\" srcset=\"https:\/\/sv-oberperfuss.at\/schi\/files\/2019\/07\/086A1996.jpg 800w, https:\/\/sv-oberperfuss.at\/schi\/files\/2019\/07\/086A1996-300x225.jpg 300w, https:\/\/sv-oberperfuss.at\/schi\/files\/2019\/07\/086A1996-768x576.jpg 768w\" sizes=\"(max-width: 800px) 100vw, 800px\"><\/figure><\/li><li class=\"blocks-gallery-item\"><figure><img loading=\"lazy\" width=\"800\" height=\"600\" src=\"https:\/\/sv-oberperfuss.at\/schi\/files\/2019\/07\/086A2084.jpg\" alt data-id=\"14006\" data-link=\"https:\/\/sv-oberperfuss.at\/schi\/?attachment_id=14006\" class=\"wp-image-14006\" srcset=\"https:\/\/sv-oberperfuss.at\/schi\/files\/2019\/07\/086A2084.jpg 800w, https:\/\/sv-oberperfuss.at\/schi\/files\/2019\/07\/086A2084-300x225.jpg 300w, https:\/\/sv-oberperfuss.at\/schi\/files\/2019\/07\/086A2084-768x576.jpg 768w\" sizes=\"(max-width: 800px) 100vw, 800px\"><\/figure><\/li><li class=\"blocks-gallery-item\"><figure><img loading=\"lazy\" width=\"800\" height=\"600\" src=\"https:\/\/sv-oberperfuss.at\/schi\/files\/2019\/07\/086A2096.jpg\" alt data-id=\"14007\" data-link=\"https:\/\/sv-oberperfuss.at\/schi\/?attachment_id=14007\" class=\"wp-image-14007\" srcset=\"https:\/\/sv-oberperfuss.at\/schi\/files\/2019\/07\/086A2096.jpg 800w, https:\/\/sv-oberperfuss.at\/schi\/files\/2019\/07\/086A2096-300x225.jpg 300w, https:\/\/sv-oberperfuss.at\/schi\/files\/2019\/07\/086A2096-768x576.jpg 768w\" sizes=\"(max-width: 800px) 100vw, 800px\"><\/figure><\/li><li class=\"blocks-gallery-item\"><figure><img loading=\"lazy\" width=\"600\" height=\"800\" src=\"https:\/\/sv-oberperfuss.at\/schi\/files\/2019\/07\/086A2120.jpg\" alt data-id=\"14008\" data-link=\"https:\/\/sv-oberperfuss.at\/schi\/?attachment_id=14008\" class=\"wp-image-14008\" srcset=\"https:\/\/sv-oberperfuss.at\/schi\/files\/2019\/07\/086A2120.jpg 600w, https:\/\/sv-oberperfuss.at\/schi\/files\/2019\/07\/086A2120-225x300.jpg 225w\" sizes=\"(max-width: 600px) 100vw, 600px\"><\/figure><\/li><li class=\"blocks-gallery-item\"><figure><img loading=\"lazy\" width=\"800\" height=\"600\" src=\"https:\/\/sv-oberperfuss.at\/schi\/files\/2019\/07\/086A2156.jpg\" alt data-id=\"14009\" data-link=\"https:\/\/sv-oberperfuss.at\/schi\/?attachment_id=14009\" class=\"wp-image-14009\" srcset=\"https:\/\/sv-oberperfuss.at\/schi\/files\/2019\/07\/086A2156.jpg 800w, https:\/\/sv-oberperfuss.at\/schi\/files\/2019\/07\/086A2156-300x225.jpg 300w, https:\/\/sv-oberperfuss.at\/schi\/files\/2019\/07\/086A2156-768x576.jpg 768w\" sizes=\"(max-width: 800px) 100vw, 800px\"><\/figure><\/li><li class=\"blocks-gallery-item\"><figure><img loading=\"lazy\" width=\"800\" height=\"600\" src=\"https:\/\/sv-oberperfuss.at\/schi\/files\/2019\/07\/086A2175.jpg\" alt data-id=\"14010\" data-link=\"https:\/\/sv-oberperfuss.at\/schi\/?attachment_id=14010\" class=\"wp-image-14010\" srcset=\"https:\/\/sv-oberperfuss.at\/schi\/files\/2019\/07\/086A2175.jpg 800w, https:\/\/sv-oberperfuss.at\/schi\/files\/2019\/07\/086A2175-300x225.jpg 300w, https:\/\/sv-oberperfuss.at\/schi\/files\/2019\/07\/086A2175-768x576.jpg 768w\" sizes=\"(max-width: 800px) 100vw, 800px\"><\/figure><\/li><li class=\"blocks-gallery-item\"><figure><img loading=\"lazy\" width=\"800\" height=\"600\" src=\"https:\/\/sv-oberperfuss.at\/schi\/files\/2019\/07\/086A2180.jpg\" alt data-id=\"14011\" data-link=\"https:\/\/sv-oberperfuss.at\/schi\/?attachment_id=14011\" class=\"wp-image-14011\" srcset=\"https:\/\/sv-oberperfuss.at\/schi\/files\/2019\/07\/086A2180.jpg 800w, https:\/\/sv-oberperfuss.at\/schi\/files\/2019\/07\/086A2180-300x225.jpg 300w, https:\/\/sv-oberperfuss.at\/schi\/files\/2019\/07\/086A2180-768x576.jpg 768w\" sizes=\"(max-width: 800px) 100vw, 800px\"><\/figure><\/li><li class=\"blocks-gallery-item\"><figure><img loading=\"lazy\" width=\"800\" height=\"600\" src=\"https:\/\/sv-oberperfuss.at\/schi\/files\/2019\/07\/086A2181.jpg\" alt data-id=\"14012\" data-link=\"https:\/\/sv-oberperfuss.at\/schi\/?attachment_id=14012\" class=\"wp-image-14012\" srcset=\"https:\/\/sv-oberperfuss.at\/schi\/files\/2019\/07\/086A2181.jpg 800w, https:\/\/sv-oberperfuss.at\/schi\/files\/2019\/07\/086A2181-300x225.jpg 300w, https:\/\/sv-oberperfuss.at\/schi\/files\/2019\/07\/086A2181-768x576.jpg 768w\" sizes=\"(max-width: 800px) 100vw, 800px\"><\/figure><\/li><li class=\"blocks-gallery-item\"><figure><img loading=\"lazy\" width=\"800\" height=\"600\" src=\"https:\/\/sv-oberperfuss.at\/schi\/files\/2019\/07\/086A2187.jpg\" alt data-id=\"14013\" data-link=\"https:\/\/sv-oberperfuss.at\/schi\/?attachment_id=14013\" class=\"wp-image-14013\" srcset=\"https:\/\/sv-oberperfuss.at\/schi\/files\/2019\/07\/086A2187.jpg 800w, https:\/\/sv-oberperfuss.at\/schi\/files\/2019\/07\/086A2187-300x225.jpg 300w, https:\/\/sv-oberperfuss.at\/schi\/files\/2019\/07\/086A2187-768x576.jpg 768w\" sizes=\"(max-width: 800px) 100vw, 800px\"><\/figure><\/li><li class=\"blocks-gallery-item\"><figure><img loading=\"lazy\" width=\"800\" height=\"600\" src=\"https:\/\/sv-oberperfuss.at\/schi\/files\/2019\/07\/086A2208.jpg\" alt data-id=\"14014\" data-link=\"https:\/\/sv-oberperfuss.at\/schi\/?attachment_id=14014\" class=\"wp-image-14014\" srcset=\"https:\/\/sv-oberperfuss.at\/schi\/files\/2019\/07\/086A2208.jpg 800w, https:\/\/sv-oberperfuss.at\/schi\/files\/2019\/07\/086A2208-300x225.jpg 300w, https:\/\/sv-oberperfuss.at\/schi\/files\/2019\/07\/086A2208-768x576.jpg 768w\" sizes=\"(max-width: 800px) 100vw, 800px\"><\/figure><\/li><li class=\"blocks-gallery-item\"><figure><img loading=\"lazy\" width=\"800\" height=\"600\" src=\"https:\/\/sv-oberperfuss.at\/schi\/files\/2019\/07\/086A2218.jpg\" alt data-id=\"14015\" data-link=\"https:\/\/sv-oberperfuss.at\/schi\/?attachment_id=14015\" class=\"wp-image-14015\" srcset=\"https:\/\/sv-oberperfuss.at\/schi\/files\/2019\/07\/086A2218.jpg 800w, https:\/\/sv-oberperfuss.at\/schi\/files\/2019\/07\/086A2218-300x225.jpg 300w, https:\/\/sv-oberperfuss.at\/schi\/files\/2019\/07\/086A2218-768x576.jpg 768w\" sizes=\"(max-width: 800px) 100vw, 800px\"><\/figure><\/li><li class=\"blocks-gallery-item\"><figure><img loading=\"lazy\" width=\"800\" height=\"600\" src=\"https:\/\/sv-oberperfuss.at\/schi\/files\/2019\/07\/086A2221.jpg\" alt data-id=\"14016\" data-link=\"https:\/\/sv-oberperfuss.at\/schi\/?attachment_id=14016\" class=\"wp-image-14016\" srcset=\"https:\/\/sv-oberperfuss.at\/schi\/files\/2019\/07\/086A2221.jpg 800w, https:\/\/sv-oberperfuss.at\/schi\/files\/2019\/07\/086A2221-300x225.jpg 300w, https:\/\/sv-oberperfuss.at\/schi\/files\/2019\/07\/086A2221-768x576.jpg 768w\" sizes=\"(max-width: 800px) 100vw, 800px\"><\/figure><\/li><li class=\"blocks-gallery-item\"><figure><img loading=\"lazy\" width=\"800\" height=\"600\" src=\"https:\/\/sv-oberperfuss.at\/schi\/files\/2019\/07\/086A2236.jpg\" alt data-id=\"14017\" data-link=\"https:\/\/sv-oberperfuss.at\/schi\/?attachment_id=14017\" class=\"wp-image-14017\" srcset=\"https:\/\/sv-oberperfuss.at\/schi\/files\/2019\/07\/086A2236.jpg 800w, https:\/\/sv-oberperfuss.at\/schi\/files\/2019\/07\/086A2236-300x225.jpg 300w, https:\/\/sv-oberperfuss.at\/schi\/files\/2019\/07\/086A2236-768x576.jpg 768w\" sizes=\"(max-width: 800px) 100vw, 800px\"><\/figure><\/li><li class=\"blocks-gallery-item\"><figure><img loading=\"lazy\" width=\"800\" height=\"600\" src=\"https:\/\/sv-oberperfuss.at\/schi\/files\/2019\/07\/086A2254.jpg\" alt data-id=\"14018\" data-link=\"https:\/\/sv-oberperfuss.at\/schi\/?attachment_id=14018\" class=\"wp-image-14018\" srcset=\"https:\/\/sv-oberperfuss.at\/schi\/files\/2019\/07\/086A2254.jpg 800w, https:\/\/sv-oberperfuss.at\/schi\/files\/2019\/07\/086A2254-300x225.jpg 300w, https:\/\/sv-oberperfuss.at\/schi\/files\/2019\/07\/086A2254-768x576.jpg 768w\" sizes=\"(max-width: 800px) 100vw, 800px\"><\/figure><\/li><li class=\"blocks-gallery-item\"><figure><img loading=\"lazy\" width=\"800\" height=\"600\" src=\"https:\/\/sv-oberperfuss.at\/schi\/files\/2019\/07\/IMG_20190623_155817.jpg\" alt data-id=\"14019\" data-link=\"https:\/\/sv-oberperfuss.at\/schi\/?attachment_id=14019\" class=\"wp-image-14019\" srcset=\"https:\/\/sv-oberperfuss.at\/schi\/files\/2019\/07\/IMG_20190623_155817.jpg 800w, https:\/\/sv-oberperfuss.at\/schi\/files\/2019\/07\/IMG_20190623_155817-300x225.jpg 300w, https:\/\/sv-oberperfuss.at\/schi\/files\/2019\/07\/IMG_20190623_155817-768x576.jpg 768w\" sizes=\"(max-width: 800px) 100vw, 800px\"><\/figure><\/li><\/ul>\n","protected":false},"excerpt":{"rendered":"<p>Die erste Weltcupparty zu Ehren von Stephanie Venier fand am 23. Juni im Restaurant Sulzstich statt. Dabei wurde den \u00fcber 200 G\u00e4sten ein nettes Programm und eine coole Party beschert. Als erster Programmpunkt stand dabei f\u00fcr \u201eStephi\u201c die \u00dcbernahme ihrer eigenen Weltcupgondel mit der Nummer 1 als Anerkennung ihres ersten Weltcupsieges und dem sensationellen 2.&nbsp;[\u2026]<\/p>\n","protected":false},"author":38,"featured_media":0,"comment_status":"open","ping_status":"closed","sticky":false,"template":"","format":"standard","meta":{"wp_typography_post_enhancements_disabled":false},"categories":[4],"tags":[],"_links":{"self":[{"href":"https:\/\/sv-oberperfuss.at\/schi\/wp-json\/wp\/v2\/posts\/14000"}],"collection":[{"href":"https:\/\/sv-oberperfuss.at\/schi\/wp-json\/wp\/v2\/posts"}],"about":[{"href":"https:\/\/sv-oberperfuss.at\/schi\/wp-json\/wp\/v2\/types\/post"}],"author":[{"embeddable":true,"href":"https:\/\/sv-oberperfuss.at\/schi\/wp-json\/wp\/v2\/users\/38"}],"replies":[{"embeddable":true,"href":"https:\/\/sv-oberperfuss.at\/schi\/wp-json\/wp\/v2\/comments?post=14000"}],"version-history":[{"count":1,"href":"https:\/\/sv-oberperfuss.at\/schi\/wp-json\/wp\/v2\/posts\/14000\/revisions"}],"predecessor-version":[{"id":14020,"href":"https:\/\/sv-oberperfuss.at\/schi\/wp-json\/wp\/v2\/posts\/14000\/revisions\/14020"}],"wp:attachment":[{"href":"https:\/\/sv-oberperfuss.at\/schi\/wp-json\/wp\/v2\/media?parent=14000"}],"wp:term":[{"taxonomy":"category","embeddable":true,"href":"https:\/\/sv-oberperfuss.at\/schi\/wp-json\/wp\/v2\/categories?post=14000"},{"taxonomy":"post_tag","embeddable":true,"href":"https:\/\/sv-oberperfuss.at\/schi\/wp-json\/wp\/v2\/tags?post=14000"}],"curies":[{"name":"wp","href":"https:\/\/api.w.org\/{rel}","templated":true}]}}