{"id":13807,"date":"2019-02-03T17:33:53","date_gmt":"2019-02-03T15:33:53","guid":{"rendered":"https:\/\/sv-oberperfuss.at\/schi\/?p=13807"},"modified":"2019-02-03T17:33:53","modified_gmt":"2019-02-03T15:33:53","slug":"alles-gute-fuer-are-stephi","status":"publish","type":"post","link":"https:\/\/sv-oberperfuss.at\/schi\/alles-gute-fuer-are-stephi\/","title":{"rendered":"Alles Gute f\u00fcr Are Stephi!!"},"content":{"rendered":"<p>Wir dr\u00fccken Stephanie Venier f\u00fcr die Ski-Weltmeisterschaften in Are die Daumen!! Auch unsere Rennkids w\u00fcnschen alles alles gute und wir w\u00fcrden uns freuen dich nach 2017 wieder mit einer Medaille zu Hause empfangen zu d\u00fcrfen&nbsp;\ud83d\ude09<\/p>\n<ol start=\"5\">\n<li>Februar \u2014 Super\u2011G der&nbsp;Damen<\/li>\n<li>Februar \u2014 Alpine Kombination der&nbsp;Damen<\/li>\n<li>Februar \u2014 Abfahrtslauf der&nbsp;Damen<\/li>\n<\/ol>\n<p><a href=\"https:\/\/sv-oberperfuss.at\/schi\/files\/2019\/02\/FB_IMG_1548613306019.jpg\"><img loading=\"lazy\" class=\"alignnone size-medium wp-image-13808\" src=\"https:\/\/sv-oberperfuss.at\/schi\/files\/2019\/02\/FB_IMG_1548613306019-240x300.jpg\" alt width=\"240\" height=\"300\" srcset=\"https:\/\/sv-oberperfuss.at\/schi\/files\/2019\/02\/FB_IMG_1548613306019-240x300.jpg 240w, https:\/\/sv-oberperfuss.at\/schi\/files\/2019\/02\/FB_IMG_1548613306019.jpg 720w\" sizes=\"(max-width: 240px) 100vw, 240px\"><\/a><\/p>\n","protected":false},"excerpt":{"rendered":"<p>Wir dr\u00fccken Stephanie Venier f\u00fcr die Ski-Weltmeisterschaften in Are die Daumen!! Auch unsere Rennkids w\u00fcnschen alles alles gute und wir w\u00fcrden uns freuen dich nach 2017 wieder mit einer Medaille zu Hause empfangen zu d\u00fcrfen&nbsp;\ud83d\ude09 Februar \u2014 Super\u2011G der&nbsp;Damen Februar \u2014 Alpine Kombination der&nbsp;Damen Februar \u2014 Abfahrtslauf der&nbsp;Damen<\/p>\n","protected":false},"author":38,"featured_media":0,"comment_status":"open","ping_status":"closed","sticky":false,"template":"","format":"standard","meta":{"wp_typography_post_enhancements_disabled":false},"categories":[4],"tags":[],"_links":{"self":[{"href":"https:\/\/sv-oberperfuss.at\/schi\/wp-json\/wp\/v2\/posts\/13807"}],"collection":[{"href":"https:\/\/sv-oberperfuss.at\/schi\/wp-json\/wp\/v2\/posts"}],"about":[{"href":"https:\/\/sv-oberperfuss.at\/schi\/wp-json\/wp\/v2\/types\/post"}],"author":[{"embeddable":true,"href":"https:\/\/sv-oberperfuss.at\/schi\/wp-json\/wp\/v2\/users\/38"}],"replies":[{"embeddable":true,"href":"https:\/\/sv-oberperfuss.at\/schi\/wp-json\/wp\/v2\/comments?post=13807"}],"version-history":[{"count":1,"href":"https:\/\/sv-oberperfuss.at\/schi\/wp-json\/wp\/v2\/posts\/13807\/revisions"}],"predecessor-version":[{"id":13809,"href":"https:\/\/sv-oberperfuss.at\/schi\/wp-json\/wp\/v2\/posts\/13807\/revisions\/13809"}],"wp:attachment":[{"href":"https:\/\/sv-oberperfuss.at\/schi\/wp-json\/wp\/v2\/media?parent=13807"}],"wp:term":[{"taxonomy":"category","embeddable":true,"href":"https:\/\/sv-oberperfuss.at\/schi\/wp-json\/wp\/v2\/categories?post=13807"},{"taxonomy":"post_tag","embeddable":true,"href":"https:\/\/sv-oberperfuss.at\/schi\/wp-json\/wp\/v2\/tags?post=13807"}],"curies":[{"name":"wp","href":"https:\/\/api.w.org\/{rel}","templated":true}]}}