{"id":13599,"date":"2018-12-09T18:18:34","date_gmt":"2018-12-09T16:18:34","guid":{"rendered":"https:\/\/sv-oberperfuss.at\/schi\/?p=13599"},"modified":"2018-12-09T18:20:18","modified_gmt":"2018-12-09T16:20:18","slug":"weltpremiere-im-kuehtai-war-erfolgreich","status":"publish","type":"post","link":"https:\/\/sv-oberperfuss.at\/schi\/weltpremiere-im-kuehtai-war-erfolgreich\/","title":{"rendered":"Weltpremiere im K\u00fchtai war erfolgreich!"},"content":{"rendered":"<p>Die vergangenen 3 Tage organisierte der SV Oberperfuss gemeinsam mit dem SkiTri Zirl gleich 3 FIS-Rennen im K\u00fchtai. Unter teils sehr schwierigen Bedingungen im Vorfeld und auch am Wettkampftag des Parallelslaloms wurde den Helfern und den Teams sehr viel abverlangt. Nichts desto trotz wurde den Rennl\u00e4ufern am Freitag ein FIS-Slalom als National Junior Race geboten. Dabei schafften es mit HACKER Felix, OPETNIK Moritz und MEISSL Christoph gleich 3 \u00d6sterreicher aufs Podest. Als Belohnung gab es die traditionelle \u201cRuetz-Breze\u201d. An Tag 2, Samstag, standen dann witterungsbedingt gleich 3 Slalom-Durchg\u00e4nge auf dem Programm. Da der Wetterbericht f\u00fcr Sonntag schwieriges Wetter mit Wind und Schneefall voraussagte wurde ein FIS-Slalom und im Anschluss gleich der Qualifikationsslalom f\u00fcr den Parallelslalom am Sonntag durchgef\u00fchrt. Bei diesem Rennen kr\u00f6nten sich OPETNIK Moritz, HACKER Felix und SCHRAGL Stefan zum Sieger. Die<br>\nvom Qualifikationsslalom schnellsten 32 L\u00e4ufer durften sich dann am Sonntag auf den Parallelslalom auf der selektiven Alpenrosenpiste freuen. Da es dieses Format (Kombination von 1 Durchgang FIS-Slalom mit vollen Punkten f\u00fcr alle L\u00e4ufer am Start und anschlie\u00dfendem Parallelrennen f\u00fcr die TOP-32) so noch nie gegeben hat und der internationale Skiverband FIS in Zukunft den Parallelslalom forcieren will war es dem SV Oberperfuss und dem SkiTri Zirl eine Ehre diese Weltpremiere erfolgreich durchgef\u00fchrt zu haben. Am Ende war es mit Joshua STURM auch ein Tiroler Athlet der sich zum Sieg im Parallel-Stangenwald durchk\u00e4mpfte. Auf Rang 2 landete EBERL Florian und Rang 3 ANNEWANTER Manuel.<br>\nGratulation nochmals allen Siegern und Teilnehmern!<\/p>\n<p>Alle Rennergebnisse gibt es&nbsp;unter:<br>\n<a href=\"https:\/\/sv-oberperfuss.at\/schi\/ergebnisse\/\" target=\"_blank\" rel=\"noopener\">https:\/\/sv-oberperfuss.at\/schi\/ergebnisse\/<\/a><\/p>\n<p><a href=\"https:\/\/sv-oberperfuss.at\/schi\/files\/2018\/12\/IMG_1989.jpg\"><img loading=\"lazy\" class=\"alignnone size-medium wp-image-13600\" src=\"https:\/\/sv-oberperfuss.at\/schi\/files\/2018\/12\/IMG_1989-300x225.jpg\" alt width=\"300\" height=\"225\" srcset=\"https:\/\/sv-oberperfuss.at\/schi\/files\/2018\/12\/IMG_1989-300x225.jpg 300w, https:\/\/sv-oberperfuss.at\/schi\/files\/2018\/12\/IMG_1989-768x576.jpg 768w, https:\/\/sv-oberperfuss.at\/schi\/files\/2018\/12\/IMG_1989.jpg 800w\" sizes=\"(max-width: 300px) 100vw, 300px\"><\/a> <a href=\"https:\/\/sv-oberperfuss.at\/schi\/files\/2018\/12\/IMG_2697.jpg\"><img loading=\"lazy\" class=\"alignnone size-medium wp-image-13601\" src=\"https:\/\/sv-oberperfuss.at\/schi\/files\/2018\/12\/IMG_2697-300x225.jpg\" alt width=\"300\" height=\"225\" srcset=\"https:\/\/sv-oberperfuss.at\/schi\/files\/2018\/12\/IMG_2697-300x225.jpg 300w, https:\/\/sv-oberperfuss.at\/schi\/files\/2018\/12\/IMG_2697-768x576.jpg 768w, https:\/\/sv-oberperfuss.at\/schi\/files\/2018\/12\/IMG_2697.jpg 800w\" sizes=\"(max-width: 300px) 100vw, 300px\"><\/a> <a href=\"https:\/\/sv-oberperfuss.at\/schi\/files\/2018\/12\/IMG_2800.jpg\"><img loading=\"lazy\" class=\"alignnone size-medium wp-image-13602\" src=\"https:\/\/sv-oberperfuss.at\/schi\/files\/2018\/12\/IMG_2800-300x225.jpg\" alt width=\"300\" height=\"225\" srcset=\"https:\/\/sv-oberperfuss.at\/schi\/files\/2018\/12\/IMG_2800-300x225.jpg 300w, https:\/\/sv-oberperfuss.at\/schi\/files\/2018\/12\/IMG_2800-768x576.jpg 768w, https:\/\/sv-oberperfuss.at\/schi\/files\/2018\/12\/IMG_2800.jpg 800w\" sizes=\"(max-width: 300px) 100vw, 300px\"><\/a> <a href=\"https:\/\/sv-oberperfuss.at\/schi\/files\/2018\/12\/IMG_2875.jpg\"><img loading=\"lazy\" class=\"alignnone size-medium wp-image-13603\" src=\"https:\/\/sv-oberperfuss.at\/schi\/files\/2018\/12\/IMG_2875-300x225.jpg\" alt width=\"300\" height=\"225\" srcset=\"https:\/\/sv-oberperfuss.at\/schi\/files\/2018\/12\/IMG_2875-300x225.jpg 300w, https:\/\/sv-oberperfuss.at\/schi\/files\/2018\/12\/IMG_2875-768x576.jpg 768w, https:\/\/sv-oberperfuss.at\/schi\/files\/2018\/12\/IMG_2875.jpg 800w\" sizes=\"(max-width: 300px) 100vw, 300px\"><\/a> <a href=\"https:\/\/sv-oberperfuss.at\/schi\/files\/2018\/12\/IMG_3000.jpg\"><img loading=\"lazy\" class=\"alignnone size-medium wp-image-13604\" src=\"https:\/\/sv-oberperfuss.at\/schi\/files\/2018\/12\/IMG_3000-300x225.jpg\" alt width=\"300\" height=\"225\" srcset=\"https:\/\/sv-oberperfuss.at\/schi\/files\/2018\/12\/IMG_3000-300x225.jpg 300w, https:\/\/sv-oberperfuss.at\/schi\/files\/2018\/12\/IMG_3000-768x576.jpg 768w, https:\/\/sv-oberperfuss.at\/schi\/files\/2018\/12\/IMG_3000.jpg 800w\" sizes=\"(max-width: 300px) 100vw, 300px\"><\/a> <a href=\"https:\/\/sv-oberperfuss.at\/schi\/files\/2018\/12\/IMG_3373.jpg\"><img loading=\"lazy\" class=\"alignnone size-medium wp-image-13605\" src=\"https:\/\/sv-oberperfuss.at\/schi\/files\/2018\/12\/IMG_3373-300x225.jpg\" alt width=\"300\" height=\"225\" srcset=\"https:\/\/sv-oberperfuss.at\/schi\/files\/2018\/12\/IMG_3373-300x225.jpg 300w, https:\/\/sv-oberperfuss.at\/schi\/files\/2018\/12\/IMG_3373-768x576.jpg 768w, https:\/\/sv-oberperfuss.at\/schi\/files\/2018\/12\/IMG_3373.jpg 800w\" sizes=\"(max-width: 300px) 100vw, 300px\"><\/a> <a href=\"https:\/\/sv-oberperfuss.at\/schi\/files\/2018\/12\/IMG_3415.jpg\"><img loading=\"lazy\" class=\"alignnone size-medium wp-image-13606\" src=\"https:\/\/sv-oberperfuss.at\/schi\/files\/2018\/12\/IMG_3415-300x225.jpg\" alt width=\"300\" height=\"225\" srcset=\"https:\/\/sv-oberperfuss.at\/schi\/files\/2018\/12\/IMG_3415-300x225.jpg 300w, https:\/\/sv-oberperfuss.at\/schi\/files\/2018\/12\/IMG_3415-768x576.jpg 768w, https:\/\/sv-oberperfuss.at\/schi\/files\/2018\/12\/IMG_3415.jpg 800w\" sizes=\"(max-width: 300px) 100vw, 300px\"><\/a> <a href=\"https:\/\/sv-oberperfuss.at\/schi\/files\/2018\/12\/IMG_20181209_092421.jpg\"><img loading=\"lazy\" class=\"alignnone size-medium wp-image-13607\" src=\"https:\/\/sv-oberperfuss.at\/schi\/files\/2018\/12\/IMG_20181209_092421-300x225.jpg\" alt width=\"300\" height=\"225\" srcset=\"https:\/\/sv-oberperfuss.at\/schi\/files\/2018\/12\/IMG_20181209_092421-300x225.jpg 300w, https:\/\/sv-oberperfuss.at\/schi\/files\/2018\/12\/IMG_20181209_092421-768x576.jpg 768w, https:\/\/sv-oberperfuss.at\/schi\/files\/2018\/12\/IMG_20181209_092421.jpg 800w\" sizes=\"(max-width: 300px) 100vw, 300px\"><\/a> <a href=\"https:\/\/sv-oberperfuss.at\/schi\/files\/2018\/12\/IMG_20181209_111122.jpg\"><img loading=\"lazy\" class=\"alignnone size-medium wp-image-13608\" src=\"https:\/\/sv-oberperfuss.at\/schi\/files\/2018\/12\/IMG_20181209_111122-300x225.jpg\" alt width=\"300\" height=\"225\" srcset=\"https:\/\/sv-oberperfuss.at\/schi\/files\/2018\/12\/IMG_20181209_111122-300x225.jpg 300w, https:\/\/sv-oberperfuss.at\/schi\/files\/2018\/12\/IMG_20181209_111122-768x576.jpg 768w, https:\/\/sv-oberperfuss.at\/schi\/files\/2018\/12\/IMG_20181209_111122.jpg 800w\" sizes=\"(max-width: 300px) 100vw, 300px\"><\/a> <a href=\"https:\/\/sv-oberperfuss.at\/schi\/files\/2018\/12\/IMG_1647.jpg\"><img loading=\"lazy\" class=\"alignnone size-medium wp-image-13609\" src=\"https:\/\/sv-oberperfuss.at\/schi\/files\/2018\/12\/IMG_1647-300x225.jpg\" alt width=\"300\" height=\"225\" srcset=\"https:\/\/sv-oberperfuss.at\/schi\/files\/2018\/12\/IMG_1647-300x225.jpg 300w, https:\/\/sv-oberperfuss.at\/schi\/files\/2018\/12\/IMG_1647-768x576.jpg 768w, https:\/\/sv-oberperfuss.at\/schi\/files\/2018\/12\/IMG_1647.jpg 800w\" sizes=\"(max-width: 300px) 100vw, 300px\"><\/a> <a href=\"https:\/\/sv-oberperfuss.at\/schi\/files\/2018\/12\/IMG_1692.jpg\"><img loading=\"lazy\" class=\"alignnone size-medium wp-image-13610\" src=\"https:\/\/sv-oberperfuss.at\/schi\/files\/2018\/12\/IMG_1692-300x225.jpg\" alt width=\"300\" height=\"225\" srcset=\"https:\/\/sv-oberperfuss.at\/schi\/files\/2018\/12\/IMG_1692-300x225.jpg 300w, https:\/\/sv-oberperfuss.at\/schi\/files\/2018\/12\/IMG_1692-768x576.jpg 768w, https:\/\/sv-oberperfuss.at\/schi\/files\/2018\/12\/IMG_1692.jpg 800w\" sizes=\"(max-width: 300px) 100vw, 300px\"><\/a> <a href=\"https:\/\/sv-oberperfuss.at\/schi\/files\/2018\/12\/IMG_1979.jpg\"><img loading=\"lazy\" class=\"alignnone size-medium wp-image-13611\" src=\"https:\/\/sv-oberperfuss.at\/schi\/files\/2018\/12\/IMG_1979-300x225.jpg\" alt width=\"300\" height=\"225\" srcset=\"https:\/\/sv-oberperfuss.at\/schi\/files\/2018\/12\/IMG_1979-300x225.jpg 300w, https:\/\/sv-oberperfuss.at\/schi\/files\/2018\/12\/IMG_1979-768x576.jpg 768w, https:\/\/sv-oberperfuss.at\/schi\/files\/2018\/12\/IMG_1979.jpg 800w\" sizes=\"(max-width: 300px) 100vw, 300px\"><\/a><\/p>\n","protected":false},"excerpt":{"rendered":"<p>Die vergangenen 3 Tage organisierte der SV Oberperfuss gemeinsam mit dem SkiTri Zirl gleich 3 FIS-Rennen im K\u00fchtai. Unter teils sehr schwierigen Bedingungen im Vorfeld und auch am Wettkampftag des Parallelslaloms wurde den Helfern und den Teams sehr viel abverlangt. Nichts desto trotz wurde den Rennl\u00e4ufern am Freitag ein FIS-Slalom als National Junior Race geboten.&nbsp;[\u2026]<\/p>\n","protected":false},"author":38,"featured_media":0,"comment_status":"open","ping_status":"closed","sticky":false,"template":"","format":"standard","meta":{"wp_typography_post_enhancements_disabled":false},"categories":[4],"tags":[],"_links":{"self":[{"href":"https:\/\/sv-oberperfuss.at\/schi\/wp-json\/wp\/v2\/posts\/13599"}],"collection":[{"href":"https:\/\/sv-oberperfuss.at\/schi\/wp-json\/wp\/v2\/posts"}],"about":[{"href":"https:\/\/sv-oberperfuss.at\/schi\/wp-json\/wp\/v2\/types\/post"}],"author":[{"embeddable":true,"href":"https:\/\/sv-oberperfuss.at\/schi\/wp-json\/wp\/v2\/users\/38"}],"replies":[{"embeddable":true,"href":"https:\/\/sv-oberperfuss.at\/schi\/wp-json\/wp\/v2\/comments?post=13599"}],"version-history":[{"count":2,"href":"https:\/\/sv-oberperfuss.at\/schi\/wp-json\/wp\/v2\/posts\/13599\/revisions"}],"predecessor-version":[{"id":13613,"href":"https:\/\/sv-oberperfuss.at\/schi\/wp-json\/wp\/v2\/posts\/13599\/revisions\/13613"}],"wp:attachment":[{"href":"https:\/\/sv-oberperfuss.at\/schi\/wp-json\/wp\/v2\/media?parent=13599"}],"wp:term":[{"taxonomy":"category","embeddable":true,"href":"https:\/\/sv-oberperfuss.at\/schi\/wp-json\/wp\/v2\/categories?post=13599"},{"taxonomy":"post_tag","embeddable":true,"href":"https:\/\/sv-oberperfuss.at\/schi\/wp-json\/wp\/v2\/tags?post=13599"}],"curies":[{"name":"wp","href":"https:\/\/api.w.org\/{rel}","templated":true}]}}