{"id":13574,"date":"2018-11-02T21:14:52","date_gmt":"2018-11-02T19:14:52","guid":{"rendered":"https:\/\/sv-oberperfuss.at\/schi\/?p=13574"},"modified":"2018-11-02T21:14:52","modified_gmt":"2018-11-02T19:14:52","slug":"toller-kondi-bewerb-in-zirl","status":"publish","type":"post","link":"https:\/\/sv-oberperfuss.at\/schi\/toller-kondi-bewerb-in-zirl\/","title":{"rendered":"Toller Kondi-Bewerb in&nbsp;Zirl"},"content":{"rendered":"<p>Heute wurde die Saison des Bezirkscups IN der Kinder er\u00f6ffnet. Ein toll organisierter Kondibewerb wurde von SkiTri Zirl im Turnsaal der Mittelschule durchgef\u00fchrt. Dabei gab es f\u00fcr die teilnehmenden Kinder U8 bis U12 sechs Stationen zu absolvieren. Mit dabei vom SV Oberperfuss waren Selina Juen und Valentin P\u00f6ll. Dabei konnte Selina bei den M\u00e4dchen U8 den 2. Platz und Valentin bei den Burschen U12 den 1. Platz erreichen. Wir gratulieren!<\/p>\n<p><a href=\"https:\/\/sv-oberperfuss.at\/schi\/files\/2018\/11\/collage_kondi.jpg\"><img loading=\"lazy\" class=\"alignnone size-medium wp-image-13575\" src=\"https:\/\/sv-oberperfuss.at\/schi\/files\/2018\/11\/collage_kondi-300x225.jpg\" alt width=\"300\" height=\"225\" srcset=\"https:\/\/sv-oberperfuss.at\/schi\/files\/2018\/11\/collage_kondi-300x225.jpg 300w, https:\/\/sv-oberperfuss.at\/schi\/files\/2018\/11\/collage_kondi-768x576.jpg 768w, https:\/\/sv-oberperfuss.at\/schi\/files\/2018\/11\/collage_kondi.jpg 1024w\" sizes=\"(max-width: 300px) 100vw, 300px\"><\/a><\/p>\n<p>Auch die Teilnehmer unserer Pfitschipfeile im Rahmen unserer Trainingsgemeinschaft waren toll platziert:<\/p>\n<p>M\u00e4dchen U9:<br>\n1. Platz: Emma&nbsp;Ruetz<br>\n3. Platz: Kofler Pia<br>\nM\u00e4dchen U11:<br>\n4. Platz: Lili Stamenova<\/p>\n<p>Ergebnisliste:<br>\n<a href=\"https:\/\/www.skizeit.at\/races\/28240\">https:\/\/www.skizeit.at\/races\/28240<\/a><\/p>\n","protected":false},"excerpt":{"rendered":"<p>Heute wurde die Saison des Bezirkscups IN der Kinder er\u00f6ffnet. Ein toll organisierter Kondibewerb wurde von SkiTri Zirl im Turnsaal der Mittelschule durchgef\u00fchrt. Dabei gab es f\u00fcr die teilnehmenden Kinder U8 bis U12 sechs Stationen zu absolvieren. Mit dabei vom SV Oberperfuss waren Selina Juen und Valentin P\u00f6ll. Dabei konnte Selina bei den M\u00e4dchen U8&nbsp;[\u2026]<\/p>\n","protected":false},"author":38,"featured_media":0,"comment_status":"open","ping_status":"closed","sticky":false,"template":"","format":"standard","meta":{"wp_typography_post_enhancements_disabled":false},"categories":[4],"tags":[],"_links":{"self":[{"href":"https:\/\/sv-oberperfuss.at\/schi\/wp-json\/wp\/v2\/posts\/13574"}],"collection":[{"href":"https:\/\/sv-oberperfuss.at\/schi\/wp-json\/wp\/v2\/posts"}],"about":[{"href":"https:\/\/sv-oberperfuss.at\/schi\/wp-json\/wp\/v2\/types\/post"}],"author":[{"embeddable":true,"href":"https:\/\/sv-oberperfuss.at\/schi\/wp-json\/wp\/v2\/users\/38"}],"replies":[{"embeddable":true,"href":"https:\/\/sv-oberperfuss.at\/schi\/wp-json\/wp\/v2\/comments?post=13574"}],"version-history":[{"count":1,"href":"https:\/\/sv-oberperfuss.at\/schi\/wp-json\/wp\/v2\/posts\/13574\/revisions"}],"predecessor-version":[{"id":13576,"href":"https:\/\/sv-oberperfuss.at\/schi\/wp-json\/wp\/v2\/posts\/13574\/revisions\/13576"}],"wp:attachment":[{"href":"https:\/\/sv-oberperfuss.at\/schi\/wp-json\/wp\/v2\/media?parent=13574"}],"wp:term":[{"taxonomy":"category","embeddable":true,"href":"https:\/\/sv-oberperfuss.at\/schi\/wp-json\/wp\/v2\/categories?post=13574"},{"taxonomy":"post_tag","embeddable":true,"href":"https:\/\/sv-oberperfuss.at\/schi\/wp-json\/wp\/v2\/tags?post=13574"}],"curies":[{"name":"wp","href":"https:\/\/api.w.org\/{rel}","templated":true}]}}