{"id":13192,"date":"2018-04-25T21:18:21","date_gmt":"2018-04-25T19:18:21","guid":{"rendered":"https:\/\/sv-oberperfuss.at\/schi\/?p=13192"},"modified":"2018-04-25T21:18:21","modified_gmt":"2018-04-25T19:18:21","slug":"jahreshauptversammlung-2018","status":"publish","type":"post","link":"https:\/\/sv-oberperfuss.at\/schi\/jahreshauptversammlung-2018\/","title":{"rendered":"Jahreshauptversammlung 2018"},"content":{"rendered":"<p>Erneut liegt eine tolle Saison mit vielen Highlights hinter uns. Nicht weniger als 99 Trainingseinheiten und ein Sommertraining, viele Rennen und Events und tolle Momente liegen hinter uns. Nun ist es an der Zeit Euch <strong>ALLEN DANKE<\/strong> zu sagen. Danke allen Helfern, dem Trainerteam, all unseren Sponsoren &amp; G\u00f6nnern, allen Eltern &amp; Kindern und so vielen mehr!<\/p>\n<p>Um unsere Saison ein bisschen Revue passieren zu lassen und uns nat\u00fcrlich bereits auf den kommenden Winter vor zu bereiten w\u00fcrden wir gerne am Sonntag den 27.05. unsere Jahreshauptversammlung durchf\u00fchren. Diesmal in Form eines gem\u00fctlichen Beisammenseins in der Fu\u00dfballkantine Oberperfuss. Wir bitten diesbez\u00fcglich um <strong>Anmeldung bis 20.05. (eMail schi@sv-oberperfuss.at),<\/strong> sodass wir f\u00fcr gen\u00fcgend Grillvorrat sorgen k\u00f6nnen \ud83d\ude09 Hier findet ihr die <a href=\"https:\/\/sv-oberperfuss.at\/schi\/files\/2018\/04\/JHV_2018-Einladung.pdf\" target=\"_blank\" rel=\"noopener\">EINLADUNG <\/a>inklusive Programm.<\/p>\n<p>Sollte jemand Ideen &amp; Anregungen haben nat\u00fcrlich gerne mitbringen!<\/p>\n<p>Mit sportlichen Gr\u00fc\u00dfen,<br>\ndas Team des SV Oberperfuss Schi<\/p>\n","protected":false},"excerpt":{"rendered":"<p>Erneut liegt eine tolle Saison mit vielen Highlights hinter uns. Nicht weniger als 99 Trainingseinheiten und ein Sommertraining, viele Rennen und Events und tolle Momente liegen hinter uns. Nun ist es an der Zeit Euch ALLEN DANKE zu sagen. Danke allen Helfern, dem Trainerteam, all unseren Sponsoren &amp; G\u00f6nnern, allen Eltern &amp; Kindern und&nbsp;so&nbsp;[\u2026]<\/p>\n","protected":false},"author":38,"featured_media":0,"comment_status":"open","ping_status":"closed","sticky":false,"template":"","format":"standard","meta":{"wp_typography_post_enhancements_disabled":false},"categories":[4],"tags":[],"_links":{"self":[{"href":"https:\/\/sv-oberperfuss.at\/schi\/wp-json\/wp\/v2\/posts\/13192"}],"collection":[{"href":"https:\/\/sv-oberperfuss.at\/schi\/wp-json\/wp\/v2\/posts"}],"about":[{"href":"https:\/\/sv-oberperfuss.at\/schi\/wp-json\/wp\/v2\/types\/post"}],"author":[{"embeddable":true,"href":"https:\/\/sv-oberperfuss.at\/schi\/wp-json\/wp\/v2\/users\/38"}],"replies":[{"embeddable":true,"href":"https:\/\/sv-oberperfuss.at\/schi\/wp-json\/wp\/v2\/comments?post=13192"}],"version-history":[{"count":1,"href":"https:\/\/sv-oberperfuss.at\/schi\/wp-json\/wp\/v2\/posts\/13192\/revisions"}],"predecessor-version":[{"id":13194,"href":"https:\/\/sv-oberperfuss.at\/schi\/wp-json\/wp\/v2\/posts\/13192\/revisions\/13194"}],"wp:attachment":[{"href":"https:\/\/sv-oberperfuss.at\/schi\/wp-json\/wp\/v2\/media?parent=13192"}],"wp:term":[{"taxonomy":"category","embeddable":true,"href":"https:\/\/sv-oberperfuss.at\/schi\/wp-json\/wp\/v2\/categories?post=13192"},{"taxonomy":"post_tag","embeddable":true,"href":"https:\/\/sv-oberperfuss.at\/schi\/wp-json\/wp\/v2\/tags?post=13192"}],"curies":[{"name":"wp","href":"https:\/\/api.w.org\/{rel}","templated":true}]}}