{"id":12752,"date":"2018-02-11T19:26:05","date_gmt":"2018-02-11T17:26:05","guid":{"rendered":"https:\/\/sv-oberperfuss.at\/schi\/?p=12752"},"modified":"2018-02-11T19:27:30","modified_gmt":"2018-02-11T17:27:30","slug":"bc-rtl-der-schueler","status":"publish","type":"post","link":"https:\/\/sv-oberperfuss.at\/schi\/bc-rtl-der-schueler\/","title":{"rendered":"BC-RTL der Sch\u00fcler"},"content":{"rendered":"<p>Unser n\u00e4chstes Bezirkscup-Rennen der Sch\u00fcler f\u00fchrte uns heute Sonntag, 11. Feber wieder ins Zillertal hinein und diesmal nach Lanersbach. Dort fand ein RTL f\u00fcr die Bezirke Innsbruck-Nord und Schwaz statt, der vom Wintersportverein Tux ausgetragen wurde.<\/p>\n<p>7 Sch\u00fcler vom SVO waren vor Ort und fanden traumhafte Bedingungen und einen l\u00e4ssigen, anspruchsvollen Lauf vor. Das Rennen wurde wie immer in 2 Durchg\u00e4ngen ausgetragen und heute musste sich unsere Angi nur ihrer Konkurrentin Elisa geschlagen geben, was auch den 2. Platz in der Bezirkscup-Wertung der U14 bedeutete. In dieser Klasse belegten noch Alena den 16. (BC 7.), Lydia den 20. (BC 8.) und Marie den 22. Rang (BC 3.). Bei den Burschen erreichte in der U14 Simon den sehr guten 6. Gesamtplatz, was ihm den Sieg in der Bezirksklasse brachte. In der Sch\u00fclerklasse U16 waren Hanna und Matth\u00e4a vertreten, die den 11. (BC 4.) und 12. Platz (BC 5.) belegten.<\/p>\n<p>Wir gratulieren unseren L\u00e4ufern und bleibt am Ball! Das n\u00e4chste Rennen \u2014 ein Nachtslalom am V\u00f6gelsberg \u2014 steht bereits vor der T\u00fcr! Toi toi&nbsp;toi<\/p>\n<p>Ergebnisliste:&nbsp;<a href=\"https:\/\/sv-oberperfuss.at\/schi\/files\/2018\/02\/25966_100.pdf\">25966_100<\/a><\/p>\n\n\t\t<style type=\"text\/css\">\n\t\t\t#gallery-1 {\n\t\t\t\tmargin: auto;\n\t\t\t}\n\t\t\t#gallery-1 .gallery-item {\n\t\t\t\tfloat: left;\n\t\t\t\tmargin-top: 10px;\n\t\t\t\ttext-align: center;\n\t\t\t\twidth: 25%;\n\t\t\t}\n\t\t\t#gallery-1 img {\n\t\t\t\tborder: 2px solid #cfcfcf;\n\t\t\t}\n\t\t\t#gallery-1 .gallery-caption {\n\t\t\t\tmargin-left: 0;\n\t\t\t}\n\t\t\t\/* see gallery_shortcode() in wp-includes\/media.php *\/\n\t\t<\/style>\n\t\t<div id=\"gallery-1\" class=\"gallery galleryid-12752 gallery-columns-4 gallery-size-thumbnail\"><dl class=\"gallery-item\">\n\t\t\t<dt class=\"gallery-icon landscape\">\n\t\t\t\t<a href=\"https:\/\/sv-oberperfuss.at\/schi\/files\/2018\/02\/WRBC0687.jpg\"><img width=\"150\" height=\"150\" src=\"https:\/\/sv-oberperfuss.at\/schi\/files\/2018\/02\/WRBC0687-150x150.jpg\" class=\"attachment-thumbnail size-thumbnail\" alt loading=\"lazy\"><\/a>\n\t\t\t<\/dt><\/dl><dl class=\"gallery-item\">\n\t\t\t<dt class=\"gallery-icon landscape\">\n\t\t\t\t<a href=\"https:\/\/sv-oberperfuss.at\/schi\/files\/2018\/02\/MREF9570.jpg\"><img width=\"150\" height=\"150\" src=\"https:\/\/sv-oberperfuss.at\/schi\/files\/2018\/02\/MREF9570-150x150.jpg\" class=\"attachment-thumbnail size-thumbnail\" alt loading=\"lazy\"><\/a>\n\t\t\t<\/dt><\/dl><dl class=\"gallery-item\">\n\t\t\t<dt class=\"gallery-icon landscape\">\n\t\t\t\t<a href=\"https:\/\/sv-oberperfuss.at\/schi\/files\/2018\/02\/MSIY4068.jpg\"><img width=\"150\" height=\"150\" src=\"https:\/\/sv-oberperfuss.at\/schi\/files\/2018\/02\/MSIY4068-150x150.jpg\" class=\"attachment-thumbnail size-thumbnail\" alt loading=\"lazy\"><\/a>\n\t\t\t<\/dt><\/dl>\n\t\t\t<br style=\"clear: both\">\n\t\t<\/div>\n\n","protected":false},"excerpt":{"rendered":"<p>Unser n\u00e4chstes Bezirkscup-Rennen der Sch\u00fcler f\u00fchrte uns heute Sonntag, 11. Feber wieder ins Zillertal hinein und diesmal nach Lanersbach. Dort fand ein RTL f\u00fcr die Bezirke Innsbruck-Nord und Schwaz statt, der vom Wintersportverein Tux ausgetragen wurde. 7 Sch\u00fcler vom SVO waren vor Ort und fanden traumhafte Bedingungen und einen l\u00e4ssigen, anspruchsvollen Lauf vor. Das Rennen&nbsp;[\u2026]<\/p>\n","protected":false},"author":31,"featured_media":0,"comment_status":"open","ping_status":"closed","sticky":false,"template":"","format":"standard","meta":{"wp_typography_post_enhancements_disabled":false},"categories":[4],"tags":[],"_links":{"self":[{"href":"https:\/\/sv-oberperfuss.at\/schi\/wp-json\/wp\/v2\/posts\/12752"}],"collection":[{"href":"https:\/\/sv-oberperfuss.at\/schi\/wp-json\/wp\/v2\/posts"}],"about":[{"href":"https:\/\/sv-oberperfuss.at\/schi\/wp-json\/wp\/v2\/types\/post"}],"author":[{"embeddable":true,"href":"https:\/\/sv-oberperfuss.at\/schi\/wp-json\/wp\/v2\/users\/31"}],"replies":[{"embeddable":true,"href":"https:\/\/sv-oberperfuss.at\/schi\/wp-json\/wp\/v2\/comments?post=12752"}],"version-history":[{"count":6,"href":"https:\/\/sv-oberperfuss.at\/schi\/wp-json\/wp\/v2\/posts\/12752\/revisions"}],"predecessor-version":[{"id":12763,"href":"https:\/\/sv-oberperfuss.at\/schi\/wp-json\/wp\/v2\/posts\/12752\/revisions\/12763"}],"wp:attachment":[{"href":"https:\/\/sv-oberperfuss.at\/schi\/wp-json\/wp\/v2\/media?parent=12752"}],"wp:term":[{"taxonomy":"category","embeddable":true,"href":"https:\/\/sv-oberperfuss.at\/schi\/wp-json\/wp\/v2\/categories?post=12752"},{"taxonomy":"post_tag","embeddable":true,"href":"https:\/\/sv-oberperfuss.at\/schi\/wp-json\/wp\/v2\/tags?post=12752"}],"curies":[{"name":"wp","href":"https:\/\/api.w.org\/{rel}","templated":true}]}}