{"id":12627,"date":"2018-01-20T22:12:08","date_gmt":"2018-01-20T20:12:08","guid":{"rendered":"https:\/\/sv-oberperfuss.at\/schi\/?p=12627"},"modified":"2018-01-20T22:12:08","modified_gmt":"2018-01-20T20:12:08","slug":"129-kinder-fuhren-um-die-schokolade-davon-nicht-weniger-als-57-bambini","status":"publish","type":"post","link":"https:\/\/sv-oberperfuss.at\/schi\/129-kinder-fuhren-um-die-schokolade-davon-nicht-weniger-als-57-bambini\/","title":{"rendered":"129 Kinder fuhren um die Schokolade, davon nicht weniger als 57 Bambini"},"content":{"rendered":"<p>Mit sensationellen Bedingungen wurden heute nicht weniger als 129 Kinder beim traditionellen Schokorennen des SV Oberperfuss belohnt. Nicht weniger als 57 Bambini (die j\u00fcngsten gerade einmal knapp 3 Jahre alt) staunten \u00fcber das tolle Event welches Ihnen am Rangger K\u00f6pfl geboten wurde. Die neue Strecke welche in der mittleren Sektion Peter-Anich-II gefahren wurde taugte nicht nur den Kindern sondern auch den vielen Zuschauern &amp; Eltern. Nicht zuletzt dank der tollen Unterst\u00fctzung unserer Projektpartner M\u2011PREIS, den beiden Volksschulen aus Oberperfuss und Patin Stephanie Venier konnte ein neuer Teilnehmerrekord aufgestellt werden. Der Direktor der VS Oberperfuss Berg, Gerd Neurauter, lie\u00df es sich nicht nehmen und er\u00f6ffnete das Rennen als Vorl\u00e4ufer.<br>\n\u201eIch glaube ich spreche im Namen aller Helfer &amp; Teilnehmer wenn ich sage dass es eine super Veranstaltung f\u00fcr unsere Kinder war und sicher jeder einen Mords Spa\u00df gehabt hat. Genau das ist das Herz und Ziel des Schokorennens und soll den Kindern zeigen wie toll der Skisport ist. Wir freuen uns schon auf die kommenden Rennen und hoffen nat\u00fcrlich auch f\u00fcr das n\u00e4chste Schokorennen 2019 wieder auf viele Kinder!\u201c, so ein gl\u00fccklicher Obmann des SVO&nbsp;Schi.<br>\nEin gro\u00dfer Dank gilt erneut allen Helfern und dem Team der Bergbahnen Oberperfuss f\u00fcr die tolle Unterst\u00fctzung! Bereits kommenden Sonntag den 28.01. findet mit dem Salzstra\u00dfenrennen der Gemeinden Oberperfuss, Kematen, Zirl &amp; Inzing das n\u00e4chste Highlight statt \u2013 wir freuen uns wie immer auf viele Teilnehmer!<\/p>\n<p><strong>BILDER aller Teilnehmer via DROPBOX:<br>\n<\/strong>Bilder BAMBINI-Rennen: <a href=\"https:\/\/www.dropbox.com\/sh\/4obl1oc28lwupwo\/AABz2ieRW-cn8_t7bJv-2UG8a?dl=0\">https:\/\/www.dropbox.com\/sh\/4obl1oc28lwupwo\/AABz2ieRW-cn8_t7bJv-2UG8a?dl=0<br>\n<\/a>Bilder KINDER-Rennen: <a href=\"https:\/\/www.dropbox.com\/sh\/ovy2gbzq5e5glkb\/AADMNMYnNvRmNBDMChbN--_La?dl=0\">https:\/\/www.dropbox.com\/sh\/ovy2gbzq5e5glkb\/AADMNMYnNvRmNBDMChbN\u2013_La?dl=0<br>\n<\/a>Bilder Preisverteilung: <a href=\"https:\/\/www.dropbox.com\/sh\/6r3r8nqx6x7l82w\/AAAM1ByGwpX1YuBD69OZhuUGa?dl=0\">https:\/\/www.dropbox.com\/sh\/6r3r8nqx6x7l82w\/AAAM1ByGwpX1YuBD69OZhuUGa?dl=0<\/a><\/p>\n<p><strong>ERGEBNISLISTEN auf unserer Homepage:<br>\n<\/strong><a href=\"https:\/\/sv-oberperfuss.at\/schi\/ergebnisse\/\">https:\/\/sv-oberperfuss.at\/schi\/ergebnisse\/<\/a><\/p>\n<p><a href=\"https:\/\/sv-oberperfuss.at\/schi\/files\/2018\/01\/bild08.jpg\"><img loading=\"lazy\" class=\"alignnone size-medium wp-image-12628\" src=\"https:\/\/sv-oberperfuss.at\/schi\/files\/2018\/01\/bild08-300x225.jpg\" alt width=\"300\" height=\"225\" srcset=\"https:\/\/sv-oberperfuss.at\/schi\/files\/2018\/01\/bild08-300x225.jpg 300w, https:\/\/sv-oberperfuss.at\/schi\/files\/2018\/01\/bild08-768x576.jpg 768w, https:\/\/sv-oberperfuss.at\/schi\/files\/2018\/01\/bild08.jpg 1024w\" sizes=\"(max-width: 300px) 100vw, 300px\"><\/a> <a href=\"https:\/\/sv-oberperfuss.at\/schi\/files\/2018\/01\/bild09.jpg\"><img loading=\"lazy\" class=\"alignnone size-medium wp-image-12629\" src=\"https:\/\/sv-oberperfuss.at\/schi\/files\/2018\/01\/bild09-300x225.jpg\" alt width=\"300\" height=\"225\" srcset=\"https:\/\/sv-oberperfuss.at\/schi\/files\/2018\/01\/bild09-300x225.jpg 300w, https:\/\/sv-oberperfuss.at\/schi\/files\/2018\/01\/bild09-768x576.jpg 768w, https:\/\/sv-oberperfuss.at\/schi\/files\/2018\/01\/bild09.jpg 1024w\" sizes=\"(max-width: 300px) 100vw, 300px\"><\/a> <a href=\"https:\/\/sv-oberperfuss.at\/schi\/files\/2018\/01\/bild01.jpg\"><img loading=\"lazy\" class=\"alignnone size-medium wp-image-12630\" src=\"https:\/\/sv-oberperfuss.at\/schi\/files\/2018\/01\/bild01-225x300.jpg\" alt width=\"225\" height=\"300\" srcset=\"https:\/\/sv-oberperfuss.at\/schi\/files\/2018\/01\/bild01-225x300.jpg 225w, https:\/\/sv-oberperfuss.at\/schi\/files\/2018\/01\/bild01.jpg 768w\" sizes=\"(max-width: 225px) 100vw, 225px\"><\/a> <a href=\"https:\/\/sv-oberperfuss.at\/schi\/files\/2018\/01\/bild02.jpg\"><img loading=\"lazy\" class=\"alignnone size-medium wp-image-12631\" src=\"https:\/\/sv-oberperfuss.at\/schi\/files\/2018\/01\/bild02-300x225.jpg\" alt width=\"300\" height=\"225\" srcset=\"https:\/\/sv-oberperfuss.at\/schi\/files\/2018\/01\/bild02-300x225.jpg 300w, https:\/\/sv-oberperfuss.at\/schi\/files\/2018\/01\/bild02-768x576.jpg 768w, https:\/\/sv-oberperfuss.at\/schi\/files\/2018\/01\/bild02.jpg 1024w\" sizes=\"(max-width: 300px) 100vw, 300px\"><\/a> <a href=\"https:\/\/sv-oberperfuss.at\/schi\/files\/2018\/01\/bild03.jpg\"><img loading=\"lazy\" class=\"alignnone size-medium wp-image-12632\" src=\"https:\/\/sv-oberperfuss.at\/schi\/files\/2018\/01\/bild03-300x225.jpg\" alt width=\"300\" height=\"225\" srcset=\"https:\/\/sv-oberperfuss.at\/schi\/files\/2018\/01\/bild03-300x225.jpg 300w, https:\/\/sv-oberperfuss.at\/schi\/files\/2018\/01\/bild03-768x576.jpg 768w, https:\/\/sv-oberperfuss.at\/schi\/files\/2018\/01\/bild03.jpg 1024w\" sizes=\"(max-width: 300px) 100vw, 300px\"><\/a> <a href=\"https:\/\/sv-oberperfuss.at\/schi\/files\/2018\/01\/bild04.jpg\"><img loading=\"lazy\" class=\"alignnone size-medium wp-image-12633\" src=\"https:\/\/sv-oberperfuss.at\/schi\/files\/2018\/01\/bild04-300x225.jpg\" alt width=\"300\" height=\"225\" srcset=\"https:\/\/sv-oberperfuss.at\/schi\/files\/2018\/01\/bild04-300x225.jpg 300w, https:\/\/sv-oberperfuss.at\/schi\/files\/2018\/01\/bild04-768x576.jpg 768w, https:\/\/sv-oberperfuss.at\/schi\/files\/2018\/01\/bild04.jpg 1024w\" sizes=\"(max-width: 300px) 100vw, 300px\"><\/a> <a href=\"https:\/\/sv-oberperfuss.at\/schi\/files\/2018\/01\/bild05.jpg\"><img loading=\"lazy\" class=\"alignnone size-medium wp-image-12634\" src=\"https:\/\/sv-oberperfuss.at\/schi\/files\/2018\/01\/bild05-300x225.jpg\" alt width=\"300\" height=\"225\" srcset=\"https:\/\/sv-oberperfuss.at\/schi\/files\/2018\/01\/bild05-300x225.jpg 300w, https:\/\/sv-oberperfuss.at\/schi\/files\/2018\/01\/bild05-768x576.jpg 768w, https:\/\/sv-oberperfuss.at\/schi\/files\/2018\/01\/bild05.jpg 1024w\" sizes=\"(max-width: 300px) 100vw, 300px\"><\/a> <a href=\"https:\/\/sv-oberperfuss.at\/schi\/files\/2018\/01\/bild06.jpg\"><img loading=\"lazy\" class=\"alignnone size-medium wp-image-12635\" src=\"https:\/\/sv-oberperfuss.at\/schi\/files\/2018\/01\/bild06-300x225.jpg\" alt width=\"300\" height=\"225\" srcset=\"https:\/\/sv-oberperfuss.at\/schi\/files\/2018\/01\/bild06-300x225.jpg 300w, https:\/\/sv-oberperfuss.at\/schi\/files\/2018\/01\/bild06-768x576.jpg 768w, https:\/\/sv-oberperfuss.at\/schi\/files\/2018\/01\/bild06.jpg 1024w\" sizes=\"(max-width: 300px) 100vw, 300px\"><\/a> <a href=\"https:\/\/sv-oberperfuss.at\/schi\/files\/2018\/01\/bild07.jpg\"><img loading=\"lazy\" class=\"alignnone size-medium wp-image-12636\" src=\"https:\/\/sv-oberperfuss.at\/schi\/files\/2018\/01\/bild07-300x225.jpg\" alt width=\"300\" height=\"225\" srcset=\"https:\/\/sv-oberperfuss.at\/schi\/files\/2018\/01\/bild07-300x225.jpg 300w, https:\/\/sv-oberperfuss.at\/schi\/files\/2018\/01\/bild07-768x576.jpg 768w, https:\/\/sv-oberperfuss.at\/schi\/files\/2018\/01\/bild07.jpg 1024w\" sizes=\"(max-width: 300px) 100vw, 300px\"><\/a><\/p>\n","protected":false},"excerpt":{"rendered":"<p>Mit sensationellen Bedingungen wurden heute nicht weniger als 129 Kinder beim traditionellen Schokorennen des SV Oberperfuss belohnt. Nicht weniger als 57 Bambini (die j\u00fcngsten gerade einmal knapp 3 Jahre alt) staunten \u00fcber das tolle Event welches Ihnen am Rangger K\u00f6pfl geboten wurde. Die neue Strecke welche in der mittleren Sektion Peter-Anich-II gefahren wurde taugte nicht&nbsp;[\u2026]<\/p>\n","protected":false},"author":38,"featured_media":0,"comment_status":"open","ping_status":"closed","sticky":false,"template":"","format":"standard","meta":{"wp_typography_post_enhancements_disabled":false},"categories":[4],"tags":[],"_links":{"self":[{"href":"https:\/\/sv-oberperfuss.at\/schi\/wp-json\/wp\/v2\/posts\/12627"}],"collection":[{"href":"https:\/\/sv-oberperfuss.at\/schi\/wp-json\/wp\/v2\/posts"}],"about":[{"href":"https:\/\/sv-oberperfuss.at\/schi\/wp-json\/wp\/v2\/types\/post"}],"author":[{"embeddable":true,"href":"https:\/\/sv-oberperfuss.at\/schi\/wp-json\/wp\/v2\/users\/38"}],"replies":[{"embeddable":true,"href":"https:\/\/sv-oberperfuss.at\/schi\/wp-json\/wp\/v2\/comments?post=12627"}],"version-history":[{"count":1,"href":"https:\/\/sv-oberperfuss.at\/schi\/wp-json\/wp\/v2\/posts\/12627\/revisions"}],"predecessor-version":[{"id":12637,"href":"https:\/\/sv-oberperfuss.at\/schi\/wp-json\/wp\/v2\/posts\/12627\/revisions\/12637"}],"wp:attachment":[{"href":"https:\/\/sv-oberperfuss.at\/schi\/wp-json\/wp\/v2\/media?parent=12627"}],"wp:term":[{"taxonomy":"category","embeddable":true,"href":"https:\/\/sv-oberperfuss.at\/schi\/wp-json\/wp\/v2\/categories?post=12627"},{"taxonomy":"post_tag","embeddable":true,"href":"https:\/\/sv-oberperfuss.at\/schi\/wp-json\/wp\/v2\/tags?post=12627"}],"curies":[{"name":"wp","href":"https:\/\/api.w.org\/{rel}","templated":true}]}}