{"id":12300,"date":"2017-03-26T20:14:05","date_gmt":"2017-03-26T18:14:05","guid":{"rendered":"https:\/\/sv-oberperfuss.at\/schi\/?p=12300"},"modified":"2017-03-26T20:14:05","modified_gmt":"2017-03-26T18:14:05","slug":"letzter-bc-slalom-der-schueler","status":"publish","type":"post","link":"https:\/\/sv-oberperfuss.at\/schi\/letzter-bc-slalom-der-schueler\/","title":{"rendered":"Letzter BC Slalom der Sch\u00fcler"},"content":{"rendered":"<p>Gestern Samstag, 25. M\u00e4rz, wurde noch ein Bezirkscup-Slalom f\u00fcr die Sch\u00fcler und Jugend, der witterungsbedingt abgesagt werden musste, im K\u00fchtai vom SK Telfs nachgetragen und mit dem Bezirk Schwaz zusammen gelegt. Auch f\u00fcr eine Handvoll Oberperfer hie\u00df es noch einmal volle Konzentration und auf zum Punktesammeln ins K\u00fchtai. Dort erwartete sie strahlender Sonnenschein und eine knackige Piste. Um 09.00 Uhr hie\u00df es Start frei f\u00fcr unsere drei M\u00e4dels, n\u00e4mlich Angelina Gundacker, Hanna Kastner und Alena Spiegl. W\u00e4hrend sich Angi und Hanna f\u00fcr den 2. Durchgang qualifizierten, f\u00e4delte unsere Alena nach einer guten Fahrt leider beim vorletzten Tor ein. Da waren\u2018s nur noch zwei! Hanna belegte nach einer sehr guten Fahrt zwar nur den 13. Platz in der U14, jedoch den ausgezeichneten 2. Platz in dieser Klasse im Bezirk Ibk-Nord und somit super Punkte! Angi gelang auch ein super Rennen und reihte sich auf dem 7. Platz in der U14 ein, der ebenfalls den 2. Platz in ihrer Altersklasse der U13 bedeutete.<\/p>\n<p>Von unserer Trainingsgemeinschaft war gestern lediglich unser Philipp Haider am Start, der seiner Altersklasse U14 ebenfalls den 2. Platz belegte.<\/p>\n<p>Wir gratulieren allen zu ihren Leistungen und nun hei\u00dft es auf zum Finale!<\/p>\n<p>Ergebnisliste:&nbsp;<a href=\"https:\/\/sv-oberperfuss.at\/schi\/files\/2017\/03\/6AL254P_Ergebnisliste.pdf\">6AL254P_Ergebnisliste<\/a><\/p>\n","protected":false},"excerpt":{"rendered":"<p>Gestern Samstag, 25. M\u00e4rz, wurde noch ein Bezirkscup-Slalom f\u00fcr die Sch\u00fcler und Jugend, der witterungsbedingt abgesagt werden musste, im K\u00fchtai vom SK Telfs nachgetragen und mit dem Bezirk Schwaz zusammen gelegt. Auch f\u00fcr eine Handvoll Oberperfer hie\u00df es noch einmal volle Konzentration und auf zum Punktesammeln ins K\u00fchtai. Dort erwartete sie strahlender Sonnenschein und&nbsp;eine&nbsp;[\u2026]<\/p>\n","protected":false},"author":31,"featured_media":0,"comment_status":"open","ping_status":"closed","sticky":false,"template":"","format":"standard","meta":{"wp_typography_post_enhancements_disabled":false},"categories":[4],"tags":[],"_links":{"self":[{"href":"https:\/\/sv-oberperfuss.at\/schi\/wp-json\/wp\/v2\/posts\/12300"}],"collection":[{"href":"https:\/\/sv-oberperfuss.at\/schi\/wp-json\/wp\/v2\/posts"}],"about":[{"href":"https:\/\/sv-oberperfuss.at\/schi\/wp-json\/wp\/v2\/types\/post"}],"author":[{"embeddable":true,"href":"https:\/\/sv-oberperfuss.at\/schi\/wp-json\/wp\/v2\/users\/31"}],"replies":[{"embeddable":true,"href":"https:\/\/sv-oberperfuss.at\/schi\/wp-json\/wp\/v2\/comments?post=12300"}],"version-history":[{"count":3,"href":"https:\/\/sv-oberperfuss.at\/schi\/wp-json\/wp\/v2\/posts\/12300\/revisions"}],"predecessor-version":[{"id":12326,"href":"https:\/\/sv-oberperfuss.at\/schi\/wp-json\/wp\/v2\/posts\/12300\/revisions\/12326"}],"wp:attachment":[{"href":"https:\/\/sv-oberperfuss.at\/schi\/wp-json\/wp\/v2\/media?parent=12300"}],"wp:term":[{"taxonomy":"category","embeddable":true,"href":"https:\/\/sv-oberperfuss.at\/schi\/wp-json\/wp\/v2\/categories?post=12300"},{"taxonomy":"post_tag","embeddable":true,"href":"https:\/\/sv-oberperfuss.at\/schi\/wp-json\/wp\/v2\/tags?post=12300"}],"curies":[{"name":"wp","href":"https:\/\/api.w.org\/{rel}","templated":true}]}}