{"id":11479,"date":"2016-12-03T17:07:24","date_gmt":"2016-12-03T15:07:24","guid":{"rendered":"https:\/\/sv-oberperfuss.at\/schi\/?p=11479"},"modified":"2017-01-13T18:34:34","modified_gmt":"2017-01-13T16:34:34","slug":"sieg-fuer-berni-lorenz","status":"publish","type":"post","link":"https:\/\/sv-oberperfuss.at\/schi\/sieg-fuer-berni-lorenz\/","title":{"rendered":"Sieg f\u00fcr Berni Lorenz"},"content":{"rendered":"<p>Sieg f\u00fcr Berni Lorenz beim FIS-Slalom am Pass Thurn! 2. Platz f\u00fcr Julia Gr\u00fcnwald, 3. Platz Vogel&nbsp;Nadja.<br>\n<a href=\"https:\/\/sv-oberperfuss.at\/schi\/files\/2016\/12\/IMG_0002.jpg\"><img src=\"https:\/\/sv-oberperfuss.at\/schi\/files\/2016\/12\/IMG_0002.jpg\" alt><\/a><\/p>\n","protected":false},"excerpt":{"rendered":"<p>Sieg f\u00fcr Berni Lorenz beim FIS-Slalom am Pass Thurn! 2. Platz f\u00fcr Julia Gr\u00fcnwald, 3. Platz Vogel&nbsp;Nadja.<\/p>\n","protected":false},"author":38,"featured_media":0,"comment_status":"open","ping_status":"closed","sticky":false,"template":"","format":"standard","meta":{"wp_typography_post_enhancements_disabled":false},"categories":[4],"tags":[],"_links":{"self":[{"href":"https:\/\/sv-oberperfuss.at\/schi\/wp-json\/wp\/v2\/posts\/11479"}],"collection":[{"href":"https:\/\/sv-oberperfuss.at\/schi\/wp-json\/wp\/v2\/posts"}],"about":[{"href":"https:\/\/sv-oberperfuss.at\/schi\/wp-json\/wp\/v2\/types\/post"}],"author":[{"embeddable":true,"href":"https:\/\/sv-oberperfuss.at\/schi\/wp-json\/wp\/v2\/users\/38"}],"replies":[{"embeddable":true,"href":"https:\/\/sv-oberperfuss.at\/schi\/wp-json\/wp\/v2\/comments?post=11479"}],"version-history":[{"count":2,"href":"https:\/\/sv-oberperfuss.at\/schi\/wp-json\/wp\/v2\/posts\/11479\/revisions"}],"predecessor-version":[{"id":11638,"href":"https:\/\/sv-oberperfuss.at\/schi\/wp-json\/wp\/v2\/posts\/11479\/revisions\/11638"}],"wp:attachment":[{"href":"https:\/\/sv-oberperfuss.at\/schi\/wp-json\/wp\/v2\/media?parent=11479"}],"wp:term":[{"taxonomy":"category","embeddable":true,"href":"https:\/\/sv-oberperfuss.at\/schi\/wp-json\/wp\/v2\/categories?post=11479"},{"taxonomy":"post_tag","embeddable":true,"href":"https:\/\/sv-oberperfuss.at\/schi\/wp-json\/wp\/v2\/tags?post=11479"}],"curies":[{"name":"wp","href":"https:\/\/api.w.org\/{rel}","templated":true}]}}