{"id":10728,"date":"2016-03-05T18:12:00","date_gmt":"2016-03-05T16:12:00","guid":{"rendered":"https:\/\/sv-oberperfuss.at\/schi\/?p=10728"},"modified":"2016-03-05T18:12:00","modified_gmt":"2016-03-05T16:12:00","slug":"oesterr-jugendmeisterschaften-super-g","status":"publish","type":"post","link":"https:\/\/sv-oberperfuss.at\/schi\/oesterr-jugendmeisterschaften-super-g\/","title":{"rendered":"\u00d6sterr. Jugendmeisterschaften Super\u2011G"},"content":{"rendered":"<p>Gestern kamen in Saalbach-Hinterglemm anl\u00e4sslich der \u00d6sterr. Jugendmeisterschaften die Super\u2011G Bewerbe der M\u00e4dels zur Austragung. In der Klasse U21 gab es mit Theresa Steinlechner (SC K\u00f6ssen) vor Christina Ager (WSV S\u00f6ll) und <strong>Bianca<\/strong> <strong>Venier<\/strong> (SV Oberperfu\u00df) sogar einen Tiroler Dreifacherfolg zu bejubeln.<\/p>\n<p>Gl\u00fcckwunsch Bianca, der SVO gratuliert ganz herzlich!&nbsp;\ud83d\ude1b<\/p>\n<p><a href=\"https:\/\/sv-oberperfuss.at\/schi\/files\/2016\/03\/image.jpeg\"><img loading=\"lazy\" class=\"alignleft size-thumbnail wp-image-10730\" src=\"https:\/\/sv-oberperfuss.at\/schi\/files\/2016\/03\/image-150x150.jpeg\" alt=\"Foto: TSV\" width=\"150\" height=\"150\"><\/a><\/p>\n","protected":false},"excerpt":{"rendered":"<p>Gestern kamen in Saalbach-Hinterglemm anl\u00e4sslich der \u00d6sterr. Jugendmeisterschaften die Super\u2011G Bewerbe der M\u00e4dels zur Austragung. In der Klasse U21 gab es mit Theresa Steinlechner (SC K\u00f6ssen) vor Christina Ager (WSV S\u00f6ll) und Bianca Venier (SV Oberperfu\u00df) sogar einen Tiroler Dreifacherfolg zu bejubeln. Gl\u00fcckwunsch Bianca, der SVO gratuliert ganz herzlich!&nbsp;\ud83d\ude1b<\/p>\n","protected":false},"author":8,"featured_media":0,"comment_status":"open","ping_status":"closed","sticky":false,"template":"","format":"standard","meta":{"wp_typography_post_enhancements_disabled":false},"categories":[4],"tags":[],"_links":{"self":[{"href":"https:\/\/sv-oberperfuss.at\/schi\/wp-json\/wp\/v2\/posts\/10728"}],"collection":[{"href":"https:\/\/sv-oberperfuss.at\/schi\/wp-json\/wp\/v2\/posts"}],"about":[{"href":"https:\/\/sv-oberperfuss.at\/schi\/wp-json\/wp\/v2\/types\/post"}],"author":[{"embeddable":true,"href":"https:\/\/sv-oberperfuss.at\/schi\/wp-json\/wp\/v2\/users\/8"}],"replies":[{"embeddable":true,"href":"https:\/\/sv-oberperfuss.at\/schi\/wp-json\/wp\/v2\/comments?post=10728"}],"version-history":[{"count":3,"href":"https:\/\/sv-oberperfuss.at\/schi\/wp-json\/wp\/v2\/posts\/10728\/revisions"}],"predecessor-version":[{"id":10732,"href":"https:\/\/sv-oberperfuss.at\/schi\/wp-json\/wp\/v2\/posts\/10728\/revisions\/10732"}],"wp:attachment":[{"href":"https:\/\/sv-oberperfuss.at\/schi\/wp-json\/wp\/v2\/media?parent=10728"}],"wp:term":[{"taxonomy":"category","embeddable":true,"href":"https:\/\/sv-oberperfuss.at\/schi\/wp-json\/wp\/v2\/categories?post=10728"},{"taxonomy":"post_tag","embeddable":true,"href":"https:\/\/sv-oberperfuss.at\/schi\/wp-json\/wp\/v2\/tags?post=10728"}],"curies":[{"name":"wp","href":"https:\/\/api.w.org\/{rel}","templated":true}]}}