{"id":10663,"date":"2016-02-22T20:48:06","date_gmt":"2016-02-22T18:48:06","guid":{"rendered":"https:\/\/sv-oberperfuss.at\/schi\/?p=10663"},"modified":"2016-09-28T14:53:30","modified_gmt":"2016-09-28T12:53:30","slug":"bc-rennen-der-kinder-im-kuehtai-abgesagt","status":"publish","type":"post","link":"https:\/\/sv-oberperfuss.at\/schi\/bc-rennen-der-kinder-im-kuehtai-abgesagt\/","title":{"rendered":"BC Rennen der Kinder im K\u00fchtai abgesagt"},"content":{"rendered":"<p>Am Sonntag, 21. Feber, ging es auf ins K\u00fchtai zu den n\u00e4chsten Bezirkscup-Rennen. Es stand ein Riesentorlauf und ein Slalom auf dem Programm, die vom SKITRI-Zirl ausgetragen wurden. Da es aber am Samstag so stark geschneit und dann in der Nacht auch noch angefangen hat zu regnen und das bis auf \u00fcber 2000m, mussten die beiden Rennen aus Sicherheitsgr\u00fcnden \u2014 da die weiche und zum Teil wieder eisige Piste einfach zu gef\u00e4hrlich f\u00fcr die Kinder war \u2014 leider abgesagt werden. Es tut uns f\u00fcr die Zirler leid, da sie die ganze Arbeit hatten und nun wieder abbauen mussten. Wir hoffen, dass die beiden Rennen noch nachgetragen werden k\u00f6nnen.<\/p>\n<p>Am Samstag, den 27. Feber geht es dann auf zum n\u00e4chsten Rennen nach Igls \u2014 einem Slalom auf der&nbsp;Olex.<\/p>\n<p>Wir w\u00fcnschen unseren Kids viel&nbsp;Gl\u00fcck!<\/p>\n","protected":false},"excerpt":{"rendered":"<p>Am Sonntag, 21. Feber, ging es auf ins K\u00fchtai zu den n\u00e4chsten Bezirkscup-Rennen. Es stand ein Riesentorlauf und ein Slalom auf dem Programm, die vom SKITRI-Zirl ausgetragen wurden. Da es aber am Samstag so stark geschneit und dann in der Nacht auch noch angefangen hat zu regnen und das bis auf \u00fcber 2000m, mussten die&nbsp;[\u2026]<\/p>\n","protected":false},"author":31,"featured_media":0,"comment_status":"open","ping_status":"closed","sticky":false,"template":"","format":"standard","meta":{"wp_typography_post_enhancements_disabled":false},"categories":[4],"tags":[],"_links":{"self":[{"href":"https:\/\/sv-oberperfuss.at\/schi\/wp-json\/wp\/v2\/posts\/10663"}],"collection":[{"href":"https:\/\/sv-oberperfuss.at\/schi\/wp-json\/wp\/v2\/posts"}],"about":[{"href":"https:\/\/sv-oberperfuss.at\/schi\/wp-json\/wp\/v2\/types\/post"}],"author":[{"embeddable":true,"href":"https:\/\/sv-oberperfuss.at\/schi\/wp-json\/wp\/v2\/users\/31"}],"replies":[{"embeddable":true,"href":"https:\/\/sv-oberperfuss.at\/schi\/wp-json\/wp\/v2\/comments?post=10663"}],"version-history":[{"count":2,"href":"https:\/\/sv-oberperfuss.at\/schi\/wp-json\/wp\/v2\/posts\/10663\/revisions"}],"predecessor-version":[{"id":10665,"href":"https:\/\/sv-oberperfuss.at\/schi\/wp-json\/wp\/v2\/posts\/10663\/revisions\/10665"}],"wp:attachment":[{"href":"https:\/\/sv-oberperfuss.at\/schi\/wp-json\/wp\/v2\/media?parent=10663"}],"wp:term":[{"taxonomy":"category","embeddable":true,"href":"https:\/\/sv-oberperfuss.at\/schi\/wp-json\/wp\/v2\/categories?post=10663"},{"taxonomy":"post_tag","embeddable":true,"href":"https:\/\/sv-oberperfuss.at\/schi\/wp-json\/wp\/v2\/tags?post=10663"}],"curies":[{"name":"wp","href":"https:\/\/api.w.org\/{rel}","templated":true}]}}