{"id":10044,"date":"2015-03-29T21:05:34","date_gmt":"2015-03-29T19:05:34","guid":{"rendered":"https:\/\/sv-oberperfuss.at\/schi\/?p=10044"},"modified":"2016-12-28T01:40:19","modified_gmt":"2016-12-27T23:40:19","slug":"landescup-saisonende-in-st-anton","status":"publish","type":"post","link":"https:\/\/sv-oberperfuss.at\/schi\/landescup-saisonende-in-st-anton\/","title":{"rendered":"Landescup-Saisonende in St.&nbsp;Anton"},"content":{"rendered":"<p>Am Samstag, den 28.3.2015 wurde in St. Anton&nbsp;die diesj\u00e4hrige Raiffeisen \u2014 Landescupserie&nbsp;f\u00fcr die&nbsp;Sch\u00fcler beendet. Wie bereits letztes Jahr gelangte&nbsp;ein spannender &nbsp;Parallel-Bewerb anstatt der \u00fcblichenTechnikfahrten auf&nbsp;der Strecke Gamberg \/ Rendl&nbsp;zur Austragung.&nbsp;Bei fr\u00fchlingshaften Temperaturen&nbsp;und strahlenden Sonnenschein&nbsp;sowie einer perfekten Piste stellten&nbsp;unsere&nbsp;zwei M\u00e4dels, &nbsp;Plunser Emma und Spiegl Melanie, &nbsp;nochmals ihr K\u00f6nnen&nbsp;unter Beweis. Mit viel Geschicklichkeit bei der Startrampe sowie schnellen Slalomschw\u00fcngen im Kurs fuhr Emma auf den tollen 12. Rang bzw. Melanie auf den ebenfalls sehr guten 13. Rang. Ein begehrtes Fotoobjekt an diesem Tage, war der ehemalige \u00d6SV-Weltcupl\u00e4ufer und Co-Moderator Hans Knaus. Unsere M\u00e4dels lie\u00dfen es sich nat\u00fcrlich auch nicht nehmen ein cooles \u201cSelfie\u201d mit ihm zu machen.<\/p>\n<p>Ergebnisliste: <a href=\"https:\/\/sv-oberperfuss.at\/schi\/files\/2015\/03\/2015E6AL611_12.pdf\">2015E6AL611_1<\/a><\/p>\n\n\t\t<style type=\"text\/css\">\n\t\t\t#gallery-1 {\n\t\t\t\tmargin: auto;\n\t\t\t}\n\t\t\t#gallery-1 .gallery-item {\n\t\t\t\tfloat: left;\n\t\t\t\tmargin-top: 10px;\n\t\t\t\ttext-align: center;\n\t\t\t\twidth: 33%;\n\t\t\t}\n\t\t\t#gallery-1 img {\n\t\t\t\tborder: 2px solid #cfcfcf;\n\t\t\t}\n\t\t\t#gallery-1 .gallery-caption {\n\t\t\t\tmargin-left: 0;\n\t\t\t}\n\t\t\t\/* see gallery_shortcode() in wp-includes\/media.php *\/\n\t\t<\/style>\n\t\t<div id=\"gallery-1\" class=\"gallery galleryid-10044 gallery-columns-3 gallery-size-thumbnail\"><dl class=\"gallery-item\">\n\t\t\t<dt class=\"gallery-icon landscape\">\n\t\t\t\t<a href=\"https:\/\/sv-oberperfuss.at\/schi\/files\/2015\/03\/Landescup_Parallelslalom_Arlberg-001.jpg\"><img width=\"150\" height=\"150\" src=\"https:\/\/sv-oberperfuss.at\/schi\/files\/2015\/03\/Landescup_Parallelslalom_Arlberg-001-150x150.jpg\" class=\"attachment-thumbnail size-thumbnail\" alt loading=\"lazy\"><\/a>\n\t\t\t<\/dt><\/dl><dl class=\"gallery-item\">\n\t\t\t<dt class=\"gallery-icon landscape\">\n\t\t\t\t<a href=\"https:\/\/sv-oberperfuss.at\/schi\/files\/2015\/03\/Landescup_Parallelslalom_Arlberg-002.jpg\"><img width=\"150\" height=\"150\" src=\"https:\/\/sv-oberperfuss.at\/schi\/files\/2015\/03\/Landescup_Parallelslalom_Arlberg-002-150x150.jpg\" class=\"attachment-thumbnail size-thumbnail\" alt loading=\"lazy\"><\/a>\n\t\t\t<\/dt><\/dl><dl class=\"gallery-item\">\n\t\t\t<dt class=\"gallery-icon landscape\">\n\t\t\t\t<a href=\"https:\/\/sv-oberperfuss.at\/schi\/files\/2015\/03\/Landescup_Parallelslalom_Arlberg-004.jpg\"><img width=\"150\" height=\"150\" src=\"https:\/\/sv-oberperfuss.at\/schi\/files\/2015\/03\/Landescup_Parallelslalom_Arlberg-004-150x150.jpg\" class=\"attachment-thumbnail size-thumbnail\" alt loading=\"lazy\"><\/a>\n\t\t\t<\/dt><\/dl><br style=\"clear: both\"><dl class=\"gallery-item\">\n\t\t\t<dt class=\"gallery-icon landscape\">\n\t\t\t\t<a href=\"https:\/\/sv-oberperfuss.at\/schi\/files\/2015\/03\/Landescup_Parallelslalom_Arlberg-008.jpg\"><img width=\"150\" height=\"150\" src=\"https:\/\/sv-oberperfuss.at\/schi\/files\/2015\/03\/Landescup_Parallelslalom_Arlberg-008-150x150.jpg\" class=\"attachment-thumbnail size-thumbnail\" alt loading=\"lazy\"><\/a>\n\t\t\t<\/dt><\/dl><dl class=\"gallery-item\">\n\t\t\t<dt class=\"gallery-icon landscape\">\n\t\t\t\t<a href=\"https:\/\/sv-oberperfuss.at\/schi\/files\/2015\/03\/Landescup_Parallelslalom_Arlberg-027.jpg\"><img width=\"150\" height=\"150\" src=\"https:\/\/sv-oberperfuss.at\/schi\/files\/2015\/03\/Landescup_Parallelslalom_Arlberg-027-150x150.jpg\" class=\"attachment-thumbnail size-thumbnail\" alt loading=\"lazy\"><\/a>\n\t\t\t<\/dt><\/dl><dl class=\"gallery-item\">\n\t\t\t<dt class=\"gallery-icon landscape\">\n\t\t\t\t<a href=\"https:\/\/sv-oberperfuss.at\/schi\/files\/2015\/03\/Landescup_Parallelslalom_Arlberg-029.jpg\"><img width=\"150\" height=\"150\" src=\"https:\/\/sv-oberperfuss.at\/schi\/files\/2015\/03\/Landescup_Parallelslalom_Arlberg-029-150x150.jpg\" class=\"attachment-thumbnail size-thumbnail\" alt loading=\"lazy\"><\/a>\n\t\t\t<\/dt><\/dl><br style=\"clear: both\"><dl class=\"gallery-item\">\n\t\t\t<dt class=\"gallery-icon landscape\">\n\t\t\t\t<a href=\"https:\/\/sv-oberperfuss.at\/schi\/files\/2015\/03\/Landescup_Parallelslalom_Arlberg-038.jpg\"><img width=\"150\" height=\"150\" src=\"https:\/\/sv-oberperfuss.at\/schi\/files\/2015\/03\/Landescup_Parallelslalom_Arlberg-038-150x150.jpg\" class=\"attachment-thumbnail size-thumbnail\" alt loading=\"lazy\"><\/a>\n\t\t\t<\/dt><\/dl><dl class=\"gallery-item\">\n\t\t\t<dt class=\"gallery-icon landscape\">\n\t\t\t\t<a href=\"https:\/\/sv-oberperfuss.at\/schi\/files\/2015\/03\/Landescup_Parallelslalom_Arlberg-042.jpg\"><img width=\"150\" height=\"150\" src=\"https:\/\/sv-oberperfuss.at\/schi\/files\/2015\/03\/Landescup_Parallelslalom_Arlberg-042-150x150.jpg\" class=\"attachment-thumbnail size-thumbnail\" alt loading=\"lazy\"><\/a>\n\t\t\t<\/dt><\/dl><dl class=\"gallery-item\">\n\t\t\t<dt class=\"gallery-icon landscape\">\n\t\t\t\t<a href=\"https:\/\/sv-oberperfuss.at\/schi\/files\/2015\/03\/Landescup_Parallelslalom_Arlberg-070.jpg\"><img width=\"150\" height=\"150\" src=\"https:\/\/sv-oberperfuss.at\/schi\/files\/2015\/03\/Landescup_Parallelslalom_Arlberg-070-150x150.jpg\" class=\"attachment-thumbnail size-thumbnail\" alt loading=\"lazy\"><\/a>\n\t\t\t<\/dt><\/dl><br style=\"clear: both\"><dl class=\"gallery-item\">\n\t\t\t<dt class=\"gallery-icon landscape\">\n\t\t\t\t<a href=\"https:\/\/sv-oberperfuss.at\/schi\/files\/2015\/03\/Landescup_Parallelslalom_Arlberg-073.jpg\"><img width=\"150\" height=\"150\" src=\"https:\/\/sv-oberperfuss.at\/schi\/files\/2015\/03\/Landescup_Parallelslalom_Arlberg-073-150x150.jpg\" class=\"attachment-thumbnail size-thumbnail\" alt loading=\"lazy\"><\/a>\n\t\t\t<\/dt><\/dl><dl class=\"gallery-item\">\n\t\t\t<dt class=\"gallery-icon landscape\">\n\t\t\t\t<a href=\"https:\/\/sv-oberperfuss.at\/schi\/files\/2015\/03\/Landescup_Parallelslalom_Arlberg-081.jpg\"><img width=\"150\" height=\"150\" src=\"https:\/\/sv-oberperfuss.at\/schi\/files\/2015\/03\/Landescup_Parallelslalom_Arlberg-081-150x150.jpg\" class=\"attachment-thumbnail size-thumbnail\" alt loading=\"lazy\"><\/a>\n\t\t\t<\/dt><\/dl><dl class=\"gallery-item\">\n\t\t\t<dt class=\"gallery-icon landscape\">\n\t\t\t\t<a href=\"https:\/\/sv-oberperfuss.at\/schi\/files\/2015\/03\/Landescup_Parallelslalom_Arlberg-096.jpg\"><img width=\"150\" height=\"150\" src=\"https:\/\/sv-oberperfuss.at\/schi\/files\/2015\/03\/Landescup_Parallelslalom_Arlberg-096-150x150.jpg\" class=\"attachment-thumbnail size-thumbnail\" alt loading=\"lazy\"><\/a>\n\t\t\t<\/dt><\/dl><br style=\"clear: both\"><dl class=\"gallery-item\">\n\t\t\t<dt class=\"gallery-icon landscape\">\n\t\t\t\t<a href=\"https:\/\/sv-oberperfuss.at\/schi\/files\/2015\/03\/Landescup_Parallelslalom_Arlberg-114.jpg\"><img width=\"150\" height=\"150\" src=\"https:\/\/sv-oberperfuss.at\/schi\/files\/2015\/03\/Landescup_Parallelslalom_Arlberg-114-150x150.jpg\" class=\"attachment-thumbnail size-thumbnail\" alt loading=\"lazy\"><\/a>\n\t\t\t<\/dt><\/dl><dl class=\"gallery-item\">\n\t\t\t<dt class=\"gallery-icon landscape\">\n\t\t\t\t<a href=\"https:\/\/sv-oberperfuss.at\/schi\/files\/2015\/03\/Landescup_Parallelslalom_Arlberg-492.jpg\"><img width=\"150\" height=\"150\" src=\"https:\/\/sv-oberperfuss.at\/schi\/files\/2015\/03\/Landescup_Parallelslalom_Arlberg-492-150x150.jpg\" class=\"attachment-thumbnail size-thumbnail\" alt loading=\"lazy\"><\/a>\n\t\t\t<\/dt><\/dl><dl class=\"gallery-item\">\n\t\t\t<dt class=\"gallery-icon landscape\">\n\t\t\t\t<a href=\"https:\/\/sv-oberperfuss.at\/schi\/files\/2015\/03\/Landescup_Parallelslalom_Arlberg-513.jpg\"><img width=\"150\" height=\"150\" src=\"https:\/\/sv-oberperfuss.at\/schi\/files\/2015\/03\/Landescup_Parallelslalom_Arlberg-513-150x150.jpg\" class=\"attachment-thumbnail size-thumbnail\" alt loading=\"lazy\"><\/a>\n\t\t\t<\/dt><\/dl><br style=\"clear: both\"><dl class=\"gallery-item\">\n\t\t\t<dt class=\"gallery-icon landscape\">\n\t\t\t\t<a href=\"https:\/\/sv-oberperfuss.at\/schi\/files\/2015\/03\/Landescup_Parallelslalom_Arlberg-590.jpg\"><img width=\"150\" height=\"150\" src=\"https:\/\/sv-oberperfuss.at\/schi\/files\/2015\/03\/Landescup_Parallelslalom_Arlberg-590-150x150.jpg\" class=\"attachment-thumbnail size-thumbnail\" alt loading=\"lazy\"><\/a>\n\t\t\t<\/dt><\/dl><dl class=\"gallery-item\">\n\t\t\t<dt class=\"gallery-icon portrait\">\n\t\t\t\t<a href=\"https:\/\/sv-oberperfuss.at\/schi\/files\/2015\/03\/selfie_knaus.jpg\"><img width=\"150\" height=\"150\" src=\"https:\/\/sv-oberperfuss.at\/schi\/files\/2015\/03\/selfie_knaus-150x150.jpg\" class=\"attachment-thumbnail size-thumbnail\" alt loading=\"lazy\"><\/a>\n\t\t\t<\/dt><\/dl>\n\t\t\t<br style=\"clear: both\">\n\t\t<\/div>\n\n","protected":false},"excerpt":{"rendered":"<p>Am Samstag, den 28.3.2015 wurde in St. Anton&nbsp;die diesj\u00e4hrige Raiffeisen \u2014 Landescupserie&nbsp;f\u00fcr die&nbsp;Sch\u00fcler beendet. Wie bereits letztes Jahr gelangte&nbsp;ein spannender &nbsp;Parallel-Bewerb anstatt der \u00fcblichenTechnikfahrten auf&nbsp;der Strecke Gamberg \/ Rendl&nbsp;zur Austragung.&nbsp;Bei fr\u00fchlingshaften Temperaturen&nbsp;und strahlenden Sonnenschein&nbsp;sowie einer perfekten Piste stellten&nbsp;unsere&nbsp;zwei M\u00e4dels, &nbsp;Plunser Emma und Spiegl Melanie, &nbsp;nochmals ihr K\u00f6nnen&nbsp;unter Beweis. Mit viel Geschicklichkeit bei der Startrampe sowie&nbsp;[\u2026]<\/p>\n","protected":false},"author":11,"featured_media":0,"comment_status":"open","ping_status":"closed","sticky":false,"template":"","format":"standard","meta":{"wp_typography_post_enhancements_disabled":false},"categories":[4],"tags":[],"_links":{"self":[{"href":"https:\/\/sv-oberperfuss.at\/schi\/wp-json\/wp\/v2\/posts\/10044"}],"collection":[{"href":"https:\/\/sv-oberperfuss.at\/schi\/wp-json\/wp\/v2\/posts"}],"about":[{"href":"https:\/\/sv-oberperfuss.at\/schi\/wp-json\/wp\/v2\/types\/post"}],"author":[{"embeddable":true,"href":"https:\/\/sv-oberperfuss.at\/schi\/wp-json\/wp\/v2\/users\/11"}],"replies":[{"embeddable":true,"href":"https:\/\/sv-oberperfuss.at\/schi\/wp-json\/wp\/v2\/comments?post=10044"}],"version-history":[{"count":10,"href":"https:\/\/sv-oberperfuss.at\/schi\/wp-json\/wp\/v2\/posts\/10044\/revisions"}],"predecessor-version":[{"id":10074,"href":"https:\/\/sv-oberperfuss.at\/schi\/wp-json\/wp\/v2\/posts\/10044\/revisions\/10074"}],"wp:attachment":[{"href":"https:\/\/sv-oberperfuss.at\/schi\/wp-json\/wp\/v2\/media?parent=10044"}],"wp:term":[{"taxonomy":"category","embeddable":true,"href":"https:\/\/sv-oberperfuss.at\/schi\/wp-json\/wp\/v2\/categories?post=10044"},{"taxonomy":"post_tag","embeddable":true,"href":"https:\/\/sv-oberperfuss.at\/schi\/wp-json\/wp\/v2\/tags?post=10044"}],"curies":[{"name":"wp","href":"https:\/\/api.w.org\/{rel}","templated":true}]}}