{"id":10020,"date":"2015-03-27T17:50:01","date_gmt":"2015-03-27T15:50:01","guid":{"rendered":"https:\/\/sv-oberperfuss.at\/schi\/?p=10020"},"modified":"2016-12-17T11:52:00","modified_gmt":"2016-12-17T09:52:00","slug":"abfahrtsbronze-bei-oesterr-jugendmeisterschaften-f-venier-bianca","status":"publish","type":"post","link":"https:\/\/sv-oberperfuss.at\/schi\/abfahrtsbronze-bei-oesterr-jugendmeisterschaften-f-venier-bianca\/","title":{"rendered":"Abfahrtsbronze f. Venier Bianca bei \u00f6sterr. Jugendmeisterschaften"},"content":{"rendered":"<p>Bei den derzeit stattfindeten alpinen \u00f6sterreichischen Meisterschaften in Hinterstoder&nbsp;gl\u00e4nzt Venier Bianca mit tollen Leistungen nach einer bereits sehr langen Saison. &nbsp;Bei den heutigen&nbsp; Abfahrten klassierte sie sich in beiden Rennen im Vorderfeld. Beim ersten Rennen (allgemeine \u00f6sterr. Meisterschaft) klassierte sie sich auf den tollen 6. Rang, nur knappe +0,85 Hunderstel R\u00fcckstand&nbsp;auf die Siegerin&nbsp;&nbsp;Puchner Miriam bzw. nur +0,29 Hunderstel hinter H\u00fctter Cornelia, die beide bereits im Weltcup starten. Der zweite Abfahrtslauf (\u00f6sterr. Jugendmeisterschaften) fuhr sie mit der Startnummer&nbsp; 7 auf das Stockerl und durfte sich, wie bereits in der Kombi, &nbsp;\u00fcber die Bronzemedaille freuen.&nbsp; \u2013&gt; Herzliche Gratulation \ud83d\ude42&nbsp; Auch im Super\u2011G hat Bianca noch gute Chancen auf das Podest zu fahren. Wir dr\u00fccken ganz fest die Daumen.<\/p>\n<p>Ergebnisliste \u00f6sterr. Meisterschaft allgemein: <a href=\"https:\/\/sv-oberperfuss.at\/schi\/files\/2015\/03\/OM_Abfahrt_allg.pdf\">OM_Abfahrt_allg<\/a><\/p>\n<p>Ergebnisliste \u00f6sterr. Jugendmeisterschaft: <a href=\"https:\/\/sv-oberperfuss.at\/schi\/files\/2015\/03\/OM_Abfahrt_NJC.pdf\">OM_Abfahrt_NJC<\/a><\/p>\n<p>Auch im RTL,&nbsp;der bereits am Dienstag&nbsp;gefahren wurde, konnte&nbsp;sie sich mit der 2.&nbsp;besten Laufzeit im 2. Durchgang von Rang 30. noch auf den 19. Rang vorarbeiten.&nbsp;&nbsp;Super, Bianca.<\/p>\n<p>Ebenso am Start war Lorenz Bernadette&nbsp;bei den \u00f6sterreichischen Meisterschaften&nbsp;und platzierte sich im RTL auf den 43. Rang (3. im JG) sowie im Salom auf den 25. Rang (2. im Jahrgang)<\/p>\n<p>Ergebnisliste RTL: <a href=\"https:\/\/sv-oberperfuss.at\/schi\/files\/2015\/03\/OM_RTL.pdf\">OM_RTL<\/a><\/p>\n<p>Ergebnisliste SL: <a href=\"https:\/\/sv-oberperfuss.at\/schi\/files\/2015\/03\/OM_SL.pdf\">OM_SL<\/a><\/p>\n<p>&nbsp;<\/p>\n\n\t\t<style type=\"text\/css\">\n\t\t\t#gallery-1 {\n\t\t\t\tmargin: auto;\n\t\t\t}\n\t\t\t#gallery-1 .gallery-item {\n\t\t\t\tfloat: left;\n\t\t\t\tmargin-top: 10px;\n\t\t\t\ttext-align: center;\n\t\t\t\twidth: 33%;\n\t\t\t}\n\t\t\t#gallery-1 img {\n\t\t\t\tborder: 2px solid #cfcfcf;\n\t\t\t}\n\t\t\t#gallery-1 .gallery-caption {\n\t\t\t\tmargin-left: 0;\n\t\t\t}\n\t\t\t\/* see gallery_shortcode() in wp-includes\/media.php *\/\n\t\t<\/style>\n\t\t<div id=\"gallery-1\" class=\"gallery galleryid-10020 gallery-columns-3 gallery-size-thumbnail\"><dl class=\"gallery-item\">\n\t\t\t<dt class=\"gallery-icon landscape\">\n\t\t\t\t<a href=\"https:\/\/sv-oberperfuss.at\/schi\/files\/2015\/03\/Foto-4.jpg\"><img width=\"150\" height=\"150\" src=\"https:\/\/sv-oberperfuss.at\/schi\/files\/2015\/03\/Foto-4-150x150.jpg\" class=\"attachment-thumbnail size-thumbnail\" alt loading=\"lazy\"><\/a>\n\t\t\t<\/dt><\/dl><dl class=\"gallery-item\">\n\t\t\t<dt class=\"gallery-icon landscape\">\n\t\t\t\t<a href=\"https:\/\/sv-oberperfuss.at\/schi\/files\/2015\/03\/Foto-3.jpg\"><img width=\"150\" height=\"150\" src=\"https:\/\/sv-oberperfuss.at\/schi\/files\/2015\/03\/Foto-3-150x150.jpg\" class=\"attachment-thumbnail size-thumbnail\" alt loading=\"lazy\"><\/a>\n\t\t\t<\/dt><\/dl><dl class=\"gallery-item\">\n\t\t\t<dt class=\"gallery-icon landscape\">\n\t\t\t\t<a href=\"https:\/\/sv-oberperfuss.at\/schi\/files\/2015\/03\/Foto-2.jpg\"><img width=\"150\" height=\"150\" src=\"https:\/\/sv-oberperfuss.at\/schi\/files\/2015\/03\/Foto-2-150x150.jpg\" class=\"attachment-thumbnail size-thumbnail\" alt loading=\"lazy\"><\/a>\n\t\t\t<\/dt><\/dl><br style=\"clear: both\"><dl class=\"gallery-item\">\n\t\t\t<dt class=\"gallery-icon portrait\">\n\t\t\t\t<a href=\"https:\/\/sv-oberperfuss.at\/schi\/files\/2015\/03\/Foto-1.jpg\"><img width=\"150\" height=\"150\" src=\"https:\/\/sv-oberperfuss.at\/schi\/files\/2015\/03\/Foto-1-150x150.jpg\" class=\"attachment-thumbnail size-thumbnail\" alt loading=\"lazy\"><\/a>\n\t\t\t<\/dt><\/dl>\n\t\t\t<br style=\"clear: both\">\n\t\t<\/div>\n\n<p>&nbsp;<\/p>\n","protected":false},"excerpt":{"rendered":"<p>Bei den derzeit stattfindeten alpinen \u00f6sterreichischen Meisterschaften in Hinterstoder&nbsp;gl\u00e4nzt Venier Bianca mit tollen Leistungen nach einer bereits sehr langen Saison. &nbsp;Bei den heutigen&nbsp; Abfahrten klassierte sie sich in beiden Rennen im Vorderfeld. Beim ersten Rennen (allgemeine \u00f6sterr. Meisterschaft) klassierte sie sich auf den tollen 6. Rang, nur knappe +0,85 Hunderstel R\u00fcckstand&nbsp;auf die Siegerin&nbsp;&nbsp;Puchner Miriam bzw.&nbsp;[\u2026]<\/p>\n","protected":false},"author":11,"featured_media":0,"comment_status":"open","ping_status":"closed","sticky":false,"template":"","format":"standard","meta":{"wp_typography_post_enhancements_disabled":false},"categories":[4],"tags":[],"_links":{"self":[{"href":"https:\/\/sv-oberperfuss.at\/schi\/wp-json\/wp\/v2\/posts\/10020"}],"collection":[{"href":"https:\/\/sv-oberperfuss.at\/schi\/wp-json\/wp\/v2\/posts"}],"about":[{"href":"https:\/\/sv-oberperfuss.at\/schi\/wp-json\/wp\/v2\/types\/post"}],"author":[{"embeddable":true,"href":"https:\/\/sv-oberperfuss.at\/schi\/wp-json\/wp\/v2\/users\/11"}],"replies":[{"embeddable":true,"href":"https:\/\/sv-oberperfuss.at\/schi\/wp-json\/wp\/v2\/comments?post=10020"}],"version-history":[{"count":13,"href":"https:\/\/sv-oberperfuss.at\/schi\/wp-json\/wp\/v2\/posts\/10020\/revisions"}],"predecessor-version":[{"id":10042,"href":"https:\/\/sv-oberperfuss.at\/schi\/wp-json\/wp\/v2\/posts\/10020\/revisions\/10042"}],"wp:attachment":[{"href":"https:\/\/sv-oberperfuss.at\/schi\/wp-json\/wp\/v2\/media?parent=10020"}],"wp:term":[{"taxonomy":"category","embeddable":true,"href":"https:\/\/sv-oberperfuss.at\/schi\/wp-json\/wp\/v2\/categories?post=10020"},{"taxonomy":"post_tag","embeddable":true,"href":"https:\/\/sv-oberperfuss.at\/schi\/wp-json\/wp\/v2\/tags?post=10020"}],"curies":[{"name":"wp","href":"https:\/\/api.w.org\/{rel}","templated":true}]}}