{"id":2324,"date":"2025-01-30T17:14:54","date_gmt":"2025-01-30T15:14:54","guid":{"rendered":"https:\/\/sv-oberperfuss.at\/rodel\/?p=2324"},"modified":"2025-01-30T17:16:23","modified_gmt":"2025-01-30T15:16:23","slug":"kinder-jugendrennen-und-vereinsmeisterschaft-2025","status":"publish","type":"post","link":"https:\/\/sv-oberperfuss.at\/rodel\/kinder-jugendrennen-und-vereinsmeisterschaft-2025\/","title":{"rendered":"Kinder-\/Jugendrennen und Vereinsmeisterschaft 2025"},"content":{"rendered":"<p>Nach pandemie- und wetterbedingten Absagen in den letzten Jahren ist es wieder soweit \u2014 wir m\u00f6chten euch herzlich zum Jugendrennen und Vereinsmeisterschaft 2025 einladen.<\/p>\n<p>N\u00e4here Details finde ihr hier im Artikel.<\/p>\n<p><strong>Wann:<\/strong> Samstag, 08.02.2025<br>\n<strong>Wo:<\/strong> Rodelbahn \u201cTiefental\u201d \u2014 <strong>Schneefahrbahn<\/strong><\/p>\n<p><strong>Klasseneinteilung<\/strong> \u2014 jeweils m\u00e4nnlich und weiblich:<\/p>\n<ul>\n<li>Zwergerl (2019 und j\u00fcnger)<\/li>\n<li>Sch\u00fcler I (2018 und&nbsp;2017)<\/li>\n<li>Sch\u00fcler II (2016 und&nbsp;2015)<\/li>\n<li>Jugend I (2014 und&nbsp;2013)<\/li>\n<li>Jugend II (2012 und&nbsp;2011)<\/li>\n<li>Junioren I (2010 bis&nbsp;2008)<\/li>\n<li>Junioren II (2007 bis&nbsp;2005)<\/li>\n<li>Allgem. Klasse (2004 bis&nbsp;1990)<\/li>\n<li>Altersklasse I (1989 bis&nbsp;1980)<\/li>\n<li>Altersklasse II (1979 bis&nbsp;1970)<\/li>\n<li>Altersklasse III (1969 und&nbsp;\u00e4lter)<\/li>\n<li>Doppel<\/li>\n<li>G\u00e4steklasse<\/li>\n<\/ul>\n<p>(Der Veranstalter beh\u00e4lt sich vor gegebenenfalls Klassen zusammenzulegen)<\/p>\n<p><strong>Nenngeld:<\/strong> Kinder kostenlos \u2014 <strong>jedes Kind erh\u00e4lt ein Geb\u00e4ck und Getr\u00e4nk gratis<\/strong> , Einzel 10 Euro, Doppel 15&nbsp;Euro<\/p>\n<p>Nennungen an <a href=\"mailto:sv.oberperfuss.rodel@gmail.com\">sv.oberperfuss.rodel@gmail.com<\/a> (Nennschluss ist 07.02.2025)<\/p>\n<p><strong>Programm:<\/strong><\/p>\n<ul>\n<li>ab 08:30 Uhr Startnummernausgabe<\/li>\n<li>ab 09:00 Uhr Trainingslauf bis Klasse Jugend II<\/li>\n<li>anschlie\u00dfend Wertungslauf Doppel<\/li>\n<li>anschlie\u00dfend Wertungslauf bis Jugend II<\/li>\n<li>anschlie\u00dfend Wertungslauf Vereinsmeisterschaft<\/li>\n<li>anschlie\u00dfend Finallauf der 10 besten Damen und 15 besten Herren um die\/den \u201eVereinsmeisterIn 2025\u201c<\/li>\n<li>anschlie\u00dfend Preisverteilung im Zielgel\u00e4nde und gem\u00fctlicher Ausklang<\/li>\n<\/ul>\n<p><a href=\"https:\/\/sv-oberperfuss.at\/rodel\/files\/2025\/01\/WhatsApp-Image-2025-01-29-at-11.53.52.jpeg\"><img loading=\"lazy\" class=\"alignleft wp-image-2328 size-medium\" src=\"https:\/\/sv-oberperfuss.at\/rodel\/files\/2025\/01\/WhatsApp-Image-2025-01-29-at-11.53.52-212x300.jpeg\" alt width=\"212\" height=\"300\" srcset=\"https:\/\/sv-oberperfuss.at\/rodel\/files\/2025\/01\/WhatsApp-Image-2025-01-29-at-11.53.52-212x300.jpeg 212w, https:\/\/sv-oberperfuss.at\/rodel\/files\/2025\/01\/WhatsApp-Image-2025-01-29-at-11.53.52-724x1024.jpeg 724w, https:\/\/sv-oberperfuss.at\/rodel\/files\/2025\/01\/WhatsApp-Image-2025-01-29-at-11.53.52-768x1086.jpeg 768w, https:\/\/sv-oberperfuss.at\/rodel\/files\/2025\/01\/WhatsApp-Image-2025-01-29-at-11.53.52-1086x1536.jpeg 1086w, https:\/\/sv-oberperfuss.at\/rodel\/files\/2025\/01\/WhatsApp-Image-2025-01-29-at-11.53.52.jpeg 1240w\" sizes=\"(max-width: 212px) 100vw, 212px\"><\/a><a href=\"https:\/\/sv-oberperfuss.at\/rodel\/files\/2025\/01\/WhatsApp-Image-2025-01-29-at-11.53.53.jpeg\"><img loading=\"lazy\" class=\"size-medium wp-image-2327 alignleft\" src=\"https:\/\/sv-oberperfuss.at\/rodel\/files\/2025\/01\/WhatsApp-Image-2025-01-29-at-11.53.53-212x300.jpeg\" alt width=\"212\" height=\"300\" srcset=\"https:\/\/sv-oberperfuss.at\/rodel\/files\/2025\/01\/WhatsApp-Image-2025-01-29-at-11.53.53-212x300.jpeg 212w, https:\/\/sv-oberperfuss.at\/rodel\/files\/2025\/01\/WhatsApp-Image-2025-01-29-at-11.53.53-724x1024.jpeg 724w, https:\/\/sv-oberperfuss.at\/rodel\/files\/2025\/01\/WhatsApp-Image-2025-01-29-at-11.53.53-768x1086.jpeg 768w, https:\/\/sv-oberperfuss.at\/rodel\/files\/2025\/01\/WhatsApp-Image-2025-01-29-at-11.53.53-1086x1536.jpeg 1086w, https:\/\/sv-oberperfuss.at\/rodel\/files\/2025\/01\/WhatsApp-Image-2025-01-29-at-11.53.53.jpeg 1240w\" sizes=\"(max-width: 212px) 100vw, 212px\"><\/a><\/p>\n","protected":false},"excerpt":{"rendered":"<p>Nach pandemie- und wetterbedingten Absagen in den letzten Jahren ist es wieder soweit \u2014 wir m\u00f6chten euch herzlich zum Jugendrennen und Vereinsmeisterschaft 2025 einladen. N\u00e4here Details finde ihr hier im Artikel. Wann: Samstag, 08.02.2025 Wo: Rodelbahn \u201cTiefental\u201d \u2014 Schneefahrbahn Klasseneinteilung \u2014 jeweils m\u00e4nnlich und weiblich: Zwergerl (2019 und j\u00fcnger) Sch\u00fcler I (2018 und&nbsp;2017) Sch\u00fcler II&nbsp;[\u2026]<\/p>\n","protected":false},"author":22,"featured_media":0,"comment_status":"open","ping_status":"closed","sticky":false,"template":"","format":"standard","meta":{"wp_typography_post_enhancements_disabled":false},"categories":[4],"tags":[],"_links":{"self":[{"href":"https:\/\/sv-oberperfuss.at\/rodel\/wp-json\/wp\/v2\/posts\/2324"}],"collection":[{"href":"https:\/\/sv-oberperfuss.at\/rodel\/wp-json\/wp\/v2\/posts"}],"about":[{"href":"https:\/\/sv-oberperfuss.at\/rodel\/wp-json\/wp\/v2\/types\/post"}],"author":[{"embeddable":true,"href":"https:\/\/sv-oberperfuss.at\/rodel\/wp-json\/wp\/v2\/users\/22"}],"replies":[{"embeddable":true,"href":"https:\/\/sv-oberperfuss.at\/rodel\/wp-json\/wp\/v2\/comments?post=2324"}],"version-history":[{"count":6,"href":"https:\/\/sv-oberperfuss.at\/rodel\/wp-json\/wp\/v2\/posts\/2324\/revisions"}],"predecessor-version":[{"id":2332,"href":"https:\/\/sv-oberperfuss.at\/rodel\/wp-json\/wp\/v2\/posts\/2324\/revisions\/2332"}],"wp:attachment":[{"href":"https:\/\/sv-oberperfuss.at\/rodel\/wp-json\/wp\/v2\/media?parent=2324"}],"wp:term":[{"taxonomy":"category","embeddable":true,"href":"https:\/\/sv-oberperfuss.at\/rodel\/wp-json\/wp\/v2\/categories?post=2324"},{"taxonomy":"post_tag","embeddable":true,"href":"https:\/\/sv-oberperfuss.at\/rodel\/wp-json\/wp\/v2\/tags?post=2324"}],"curies":[{"name":"wp","href":"https:\/\/api.w.org\/{rel}","templated":true}]}}