{"id":9756,"date":"2016-07-31T20:13:36","date_gmt":"2016-07-31T18:13:36","guid":{"rendered":"https:\/\/sv-oberperfuss.at\/rad\/?p=9756"},"modified":"2016-07-31T20:13:36","modified_gmt":"2016-07-31T18:13:36","slug":"die-mountainbiker-erklimmen-die-hohe-salve","status":"publish","type":"post","link":"https:\/\/sv-oberperfuss.at\/rad\/die-mountainbiker-erklimmen-die-hohe-salve\/","title":{"rendered":"Die Mountainbiker \u201cerklimmen\u201d die Hohe&nbsp;Salve"},"content":{"rendered":"<p>Gut gelaunte, motivierte Sportler, ein fetzblauer Himmel, keinerlei Wolken, eine wundersch\u00f6ne Berglandschaft \u2013 kurz gesagt \u2013 ein perfektes Zusammenspiel f\u00fcr einen Mountainbikeausflug des Oberperfer Radclubs (30.07.2016).<\/p>\n<p>Das gem\u00fctliche Ausschlafen am Wochenende musste auf ein anderes Mal verschoben werden, denn bereits um 07:00 Uhr morgens ging\u2019s los. Wie gew\u00f6hnlich trafen wir uns beim MPreis-Parkplatz, wo entsprechende Fahrgemeinschaften gebildet werden konnten und letztendlich auch alle Mountainbikes in den Kofferr\u00e4umen ihren Platz gefunden haben.<\/p>\n<p>Ab dann hie\u00df es: N\u00e4chstes Ziel Parkplatz 1 ( \ud83d\ude42 ) bei den Bergbahnen in Hopfgarten. Mit viel Vorfreude und Motivation auf die Tour radelten wir kurze Zeit sp\u00e4ter gemeinsam los. Bevor\u2019s in die Pedale ging, informierte uns Rupert noch ausf\u00fchrlich, was uns heute erwarten wird. Da er mit Sepp und Manni unsere Runde bereits im Voraus abgefahren ist, galten sie als unsere \u201eStreckenprofis\u201c \ud83d\ude42 .<\/p>\n<p>Gleich zu Beginn wurden wir anst\u00e4ndig gefordert, wo es ca. 900hm zu bew\u00e4ltigen gab. F\u00fcr die top-fitte Mountainbikergruppe nat\u00fcrlich kein Problem \u2013 wobei wir allerdings trotzdem zugeben m\u00fcssen, dass das Schwitzen wohl nicht nur von der starken Sonne&nbsp;war&nbsp;\ud83d\ude42&nbsp;.<\/p>\n<p>Angekommen auf unserem \u201eZwischenziel\u201c, nahmen 4 besonders Flei\u00dfige noch den Aufstieg zur Hohen Salve zu Fu\u00df in Angriff. Die restlichen Mountainbiker n\u00fctzten die Gelegenheit f\u00fcr eine Trinkpause und zum Genie\u00dfen der wundersch\u00f6nen Bergregion.<\/p>\n<p>Der n\u00e4chste gemeinsame Treffpunkt war dann bereits die Gr\u00fcndlalm, wo wir uns auf k\u00f6stliche Schmankerln freuten. Der Weg dorthin f\u00fchrte uns am bekannten Hexenwasser vorbei. Zwar lud der Einkehrschwung zum gem\u00fctlichen Verweilen ein, allerdings gab es noch ca. 300hm zu bew\u00e4ltigen.<\/p>\n<p>Als sozusagen \u201eBelohnung\u201c unseres letzten Aufstiegs g\u00f6nnten wir uns noch einen Zwischenstopp beim Filzalmsee, der auch Gelegenheit zum Schwimmen gab.<\/p>\n<p>Die meisten verga\u00dfen allerdings ihre Badehose und so ganz ohne Bekleidung wagte schlussendlich keiner den Sprung ins kalte&nbsp;Nass.<\/p>\n<p>Von nun an, ging\u2019s nur noch bergab bzw. auf der Bundesstra\u00dfe zur\u00fcck zum Parkplatz in Hopfgarten. Wohlverdient g\u00f6nnten wir uns abschlie\u00dfend noch ein italienisches Schleckereisl, einen Kaffee oder ein erfrischendes Bier. Gemeinsam lie\u00dfen wir den Tag noch einmal Revue passieren und blickten auf einen lustigen, wundersch\u00f6nen und vor allem unfallfreien Ausflug zur\u00fcck.<\/p>\n<p>Mitdabei waren diesmal:<\/p>\n<p>Gerda, Franzi, Hilde, Doris, Sepp, Rupert, Reini, Hans, Elmar, Franz, Daniel und&nbsp;Manni<\/p>\n<p>Streckeninfo:<\/p>\n<p>1300hm, 30km<\/p>\n<p>&nbsp;<\/p>\n<p><strong>Bericht wurde erstellt von: DORIS RIEGLER<br>\n<\/strong><\/p>\n<p>&nbsp;<\/p>\n<p>Bilder von Rupert Altenhuber und Manfred Prantner:<\/p>\n\n\t\t<style type=\"text\/css\">\n\t\t\t#gallery-1 {\n\t\t\t\tmargin: auto;\n\t\t\t}\n\t\t\t#gallery-1 .gallery-item {\n\t\t\t\tfloat: left;\n\t\t\t\tmargin-top: 10px;\n\t\t\t\ttext-align: center;\n\t\t\t\twidth: 33%;\n\t\t\t}\n\t\t\t#gallery-1 img {\n\t\t\t\tborder: 2px solid #cfcfcf;\n\t\t\t}\n\t\t\t#gallery-1 .gallery-caption {\n\t\t\t\tmargin-left: 0;\n\t\t\t}\n\t\t\t\/* see gallery_shortcode() in wp-includes\/media.php *\/\n\t\t<\/style>\n\t\t<div id=\"gallery-1\" class=\"gallery galleryid-9756 gallery-columns-3 gallery-size-thumbnail\"><dl class=\"gallery-item\">\n\t\t\t<dt class=\"gallery-icon landscape\">\n\t\t\t\t<a href=\"https:\/\/sv-oberperfuss.at\/rad\/files\/2016\/07\/Hohe-Salve_-013.jpeg\"><img width=\"150\" height=\"150\" src=\"https:\/\/sv-oberperfuss.at\/rad\/files\/2016\/07\/Hohe-Salve_-013-150x150.jpeg\" class=\"attachment-thumbnail size-thumbnail\" alt loading=\"lazy\"><\/a>\n\t\t\t<\/dt><\/dl><dl class=\"gallery-item\">\n\t\t\t<dt class=\"gallery-icon landscape\">\n\t\t\t\t<a href=\"https:\/\/sv-oberperfuss.at\/rad\/files\/2016\/07\/Hohe-Salve_-007.jpeg\"><img width=\"150\" height=\"150\" src=\"https:\/\/sv-oberperfuss.at\/rad\/files\/2016\/07\/Hohe-Salve_-007-150x150.jpeg\" class=\"attachment-thumbnail size-thumbnail\" alt loading=\"lazy\"><\/a>\n\t\t\t<\/dt><\/dl><dl class=\"gallery-item\">\n\t\t\t<dt class=\"gallery-icon portrait\">\n\t\t\t\t<a href=\"https:\/\/sv-oberperfuss.at\/rad\/files\/2016\/07\/Hohe-Salve_-003.jpg\"><img width=\"150\" height=\"150\" src=\"https:\/\/sv-oberperfuss.at\/rad\/files\/2016\/07\/Hohe-Salve_-003-150x150.jpg\" class=\"attachment-thumbnail size-thumbnail\" alt loading=\"lazy\"><\/a>\n\t\t\t<\/dt><\/dl><br style=\"clear: both\"><dl class=\"gallery-item\">\n\t\t\t<dt class=\"gallery-icon portrait\">\n\t\t\t\t<a href=\"https:\/\/sv-oberperfuss.at\/rad\/files\/2016\/07\/Hohe-Salve_-004.jpg\"><img width=\"150\" height=\"150\" src=\"https:\/\/sv-oberperfuss.at\/rad\/files\/2016\/07\/Hohe-Salve_-004-150x150.jpg\" class=\"attachment-thumbnail size-thumbnail\" alt loading=\"lazy\"><\/a>\n\t\t\t<\/dt><\/dl><dl class=\"gallery-item\">\n\t\t\t<dt class=\"gallery-icon portrait\">\n\t\t\t\t<a href=\"https:\/\/sv-oberperfuss.at\/rad\/files\/2016\/07\/Hohe-Salve_-005.jpg\"><img width=\"150\" height=\"150\" src=\"https:\/\/sv-oberperfuss.at\/rad\/files\/2016\/07\/Hohe-Salve_-005-150x150.jpg\" class=\"attachment-thumbnail size-thumbnail\" alt loading=\"lazy\"><\/a>\n\t\t\t<\/dt><\/dl><dl class=\"gallery-item\">\n\t\t\t<dt class=\"gallery-icon landscape\">\n\t\t\t\t<a href=\"https:\/\/sv-oberperfuss.at\/rad\/files\/2016\/07\/Hohe-Salve_-006.jpeg\"><img width=\"150\" height=\"150\" src=\"https:\/\/sv-oberperfuss.at\/rad\/files\/2016\/07\/Hohe-Salve_-006-150x150.jpeg\" class=\"attachment-thumbnail size-thumbnail\" alt loading=\"lazy\"><\/a>\n\t\t\t<\/dt><\/dl><br style=\"clear: both\"><dl class=\"gallery-item\">\n\t\t\t<dt class=\"gallery-icon portrait\">\n\t\t\t\t<a href=\"https:\/\/sv-oberperfuss.at\/rad\/files\/2016\/07\/Hohe-Salve_-001.jpg\"><img width=\"150\" height=\"150\" src=\"https:\/\/sv-oberperfuss.at\/rad\/files\/2016\/07\/Hohe-Salve_-001-150x150.jpg\" class=\"attachment-thumbnail size-thumbnail\" alt loading=\"lazy\"><\/a>\n\t\t\t<\/dt><\/dl><dl class=\"gallery-item\">\n\t\t\t<dt class=\"gallery-icon landscape\">\n\t\t\t\t<a href=\"https:\/\/sv-oberperfuss.at\/rad\/files\/2016\/07\/Hohe-Salve_-009.jpeg\"><img width=\"150\" height=\"150\" src=\"https:\/\/sv-oberperfuss.at\/rad\/files\/2016\/07\/Hohe-Salve_-009-150x150.jpeg\" class=\"attachment-thumbnail size-thumbnail\" alt loading=\"lazy\"><\/a>\n\t\t\t<\/dt><\/dl><dl class=\"gallery-item\">\n\t\t\t<dt class=\"gallery-icon landscape\">\n\t\t\t\t<a href=\"https:\/\/sv-oberperfuss.at\/rad\/files\/2016\/07\/Hohe-Salve_-010.jpeg\"><img width=\"150\" height=\"150\" src=\"https:\/\/sv-oberperfuss.at\/rad\/files\/2016\/07\/Hohe-Salve_-010-150x150.jpeg\" class=\"attachment-thumbnail size-thumbnail\" alt loading=\"lazy\"><\/a>\n\t\t\t<\/dt><\/dl><br style=\"clear: both\"><dl class=\"gallery-item\">\n\t\t\t<dt class=\"gallery-icon landscape\">\n\t\t\t\t<a href=\"https:\/\/sv-oberperfuss.at\/rad\/files\/2016\/07\/Hohe-Salve_-012.jpeg\"><img width=\"150\" height=\"150\" src=\"https:\/\/sv-oberperfuss.at\/rad\/files\/2016\/07\/Hohe-Salve_-012-150x150.jpeg\" class=\"attachment-thumbnail size-thumbnail\" alt loading=\"lazy\"><\/a>\n\t\t\t<\/dt><\/dl><dl class=\"gallery-item\">\n\t\t\t<dt class=\"gallery-icon landscape\">\n\t\t\t\t<a href=\"https:\/\/sv-oberperfuss.at\/rad\/files\/2016\/07\/Hohe-Salve_-014.jpeg\"><img width=\"150\" height=\"150\" src=\"https:\/\/sv-oberperfuss.at\/rad\/files\/2016\/07\/Hohe-Salve_-014-150x150.jpeg\" class=\"attachment-thumbnail size-thumbnail\" alt loading=\"lazy\"><\/a>\n\t\t\t<\/dt><\/dl><dl class=\"gallery-item\">\n\t\t\t<dt class=\"gallery-icon landscape\">\n\t\t\t\t<a href=\"https:\/\/sv-oberperfuss.at\/rad\/files\/2016\/07\/Hohe-Salve_-018.jpeg\"><img width=\"150\" height=\"150\" src=\"https:\/\/sv-oberperfuss.at\/rad\/files\/2016\/07\/Hohe-Salve_-018-150x150.jpeg\" class=\"attachment-thumbnail size-thumbnail\" alt loading=\"lazy\"><\/a>\n\t\t\t<\/dt><\/dl><br style=\"clear: both\">\n\t\t<\/div>\n\n","protected":false},"excerpt":{"rendered":"<p>Gut gelaunte, motivierte Sportler, ein fetzblauer Himmel, keinerlei Wolken, eine wundersch\u00f6ne Berglandschaft \u2013 kurz gesagt \u2013 ein perfektes Zusammenspiel f\u00fcr einen Mountainbikeausflug des Oberperfer Radclubs (30.07.2016). Das gem\u00fctliche Ausschlafen am Wochenende musste auf ein anderes Mal verschoben werden, denn bereits um 07:00 Uhr morgens ging\u2019s los. Wie gew\u00f6hnlich trafen wir uns beim MPreis-Parkplatz, wo entsprechende&nbsp;[\u2026]<\/p>\n","protected":false},"author":30,"featured_media":0,"comment_status":"open","ping_status":"closed","sticky":false,"template":"","format":"standard","meta":{"wp_typography_post_enhancements_disabled":false},"categories":[1],"tags":[],"_links":{"self":[{"href":"https:\/\/sv-oberperfuss.at\/rad\/wp-json\/wp\/v2\/posts\/9756"}],"collection":[{"href":"https:\/\/sv-oberperfuss.at\/rad\/wp-json\/wp\/v2\/posts"}],"about":[{"href":"https:\/\/sv-oberperfuss.at\/rad\/wp-json\/wp\/v2\/types\/post"}],"author":[{"embeddable":true,"href":"https:\/\/sv-oberperfuss.at\/rad\/wp-json\/wp\/v2\/users\/30"}],"replies":[{"embeddable":true,"href":"https:\/\/sv-oberperfuss.at\/rad\/wp-json\/wp\/v2\/comments?post=9756"}],"version-history":[{"count":3,"href":"https:\/\/sv-oberperfuss.at\/rad\/wp-json\/wp\/v2\/posts\/9756\/revisions"}],"predecessor-version":[{"id":9772,"href":"https:\/\/sv-oberperfuss.at\/rad\/wp-json\/wp\/v2\/posts\/9756\/revisions\/9772"}],"wp:attachment":[{"href":"https:\/\/sv-oberperfuss.at\/rad\/wp-json\/wp\/v2\/media?parent=9756"}],"wp:term":[{"taxonomy":"category","embeddable":true,"href":"https:\/\/sv-oberperfuss.at\/rad\/wp-json\/wp\/v2\/categories?post=9756"},{"taxonomy":"post_tag","embeddable":true,"href":"https:\/\/sv-oberperfuss.at\/rad\/wp-json\/wp\/v2\/tags?post=9756"}],"curies":[{"name":"wp","href":"https:\/\/api.w.org\/{rel}","templated":true}]}}