{"id":9729,"date":"2016-07-31T19:28:03","date_gmt":"2016-07-31T17:28:03","guid":{"rendered":"https:\/\/sv-oberperfuss.at\/rad\/?p=9729"},"modified":"2016-07-31T19:44:45","modified_gmt":"2016-07-31T17:44:45","slug":"12h-mtb-euro-in-diessen-gewaltiger-erfolg-fuer-manni-kuen-rang-3","status":"publish","type":"post","link":"https:\/\/sv-oberperfuss.at\/rad\/12h-mtb-euro-in-diessen-gewaltiger-erfolg-fuer-manni-kuen-rang-3\/","title":{"rendered":"12h MTB Euro in Die\u00dfen: Gewaltiger Erfolg f\u00fcr Manni Kuen \u2013 Rang&nbsp;3&nbsp;!"},"content":{"rendered":"<p>In der oberbayrischen <strong>Marktgemeinde Die\u00dfen am Ammersee<\/strong> ging am 30.07.2016 bereits zum vierten Mal der <strong>12 Stunden Mountainbike Marathon<\/strong> \u00fcber die B\u00fchne \u2013 der auch dieses Mal im Rahmen einer <strong>Europameisterschaft<\/strong> ausgetragen wurde. Die Strecke dort ist ein &nbsp;<strong>Rundkurs auf Waldwegen, Schotter &amp; Asphalt.<\/strong> Je Runde gilt es einen Anstieg von <strong>140 H\u00f6henmeter auf 7,80 Kilometer Streckenl\u00e4nge<\/strong> zu bew\u00e4ltigen! Angetreten sind die <strong>430 Starter<\/strong> in 2er, 4er, 6er Teams und nat\u00fcrlich in der Kategorie <strong>\u201eEinzelstarter\u201c<\/strong> \u2013<strong> so wie unser Manfred Kuen!<\/strong><\/p>\n<p>Nach seinem sehr guten Abschneiden beim 24h Marathon in Grieskirchen, ist unser Marathonmann nun also aufs Mountainbike gewechselt und hat leistungsm\u00e4\u00dfig nochmals gewaltig einen drauf gesetzt!<\/p>\n<p>Mit <strong>30 absolvierten Runden wurde Manfred bester \u00d6sterreicher. Er landete auf dem 10. Gesamtrang<\/strong>, welcher f\u00fcr ihn auch den <strong>3. Rang in der Masterklasse<\/strong> einbrachte!<\/p>\n<p>Ein super Erfolg f\u00fcr Manfred und dessen Betreuerteam, das nat\u00fcrlich auch immer ein wichtige Rolle spielt!<\/p>\n<p><strong>Wir gratulieren an dieser Stelle ganz herzlich zu diesem international gro\u00dfartigem Erfolg!<\/strong><\/p>\n<p>In K\u00fcrze wird es sicher auch auf seiner Page einen \u201cpers\u00f6nlichen Rennbericht\u201d geben &gt; <a href=\"http:\/\/www.manfredkuen.at\/2016.html\" target=\"_blank\">http:\/\/www.manfredkuen.at\/2016.html<\/a><\/p>\n<p>Gesamtwertung: <a href=\"http:\/\/static.anmeldungs-service.de\/pdf\/1469902610_758315451.pdf\" target=\"_blank\">http:\/\/static.anmeldungs-service.de\/pdf\/1469902610_758315451.pdf<\/a><\/p>\n<p>Klassenwertung: <a href=\"http:\/\/static.anmeldungs-service.de\/pdf\/1469902610_836357325.pdf\" target=\"_blank\">http:\/\/static.anmeldungs-service.de\/pdf\/1469902610_836357325.pdf<\/a><\/p>\n<p>&nbsp;<\/p>\n<p>..und hier ein paar Impressionen: ( \u00a9 Lindenthaler Herbert):<\/p>\n\n\t\t<style type=\"text\/css\">\n\t\t\t#gallery-1 {\n\t\t\t\tmargin: auto;\n\t\t\t}\n\t\t\t#gallery-1 .gallery-item {\n\t\t\t\tfloat: left;\n\t\t\t\tmargin-top: 10px;\n\t\t\t\ttext-align: center;\n\t\t\t\twidth: 33%;\n\t\t\t}\n\t\t\t#gallery-1 img {\n\t\t\t\tborder: 2px solid #cfcfcf;\n\t\t\t}\n\t\t\t#gallery-1 .gallery-caption {\n\t\t\t\tmargin-left: 0;\n\t\t\t}\n\t\t\t\/* see gallery_shortcode() in wp-includes\/media.php *\/\n\t\t<\/style>\n\t\t<div id=\"gallery-1\" class=\"gallery galleryid-9729 gallery-columns-3 gallery-size-thumbnail\"><dl class=\"gallery-item\">\n\t\t\t<dt class=\"gallery-icon landscape\">\n\t\t\t\t<a href=\"https:\/\/sv-oberperfuss.at\/rad\/files\/2016\/07\/Diessener-12h-MTB_-001.jpg\"><img width=\"150\" height=\"150\" src=\"https:\/\/sv-oberperfuss.at\/rad\/files\/2016\/07\/Diessener-12h-MTB_-001-150x150.jpg\" class=\"attachment-thumbnail size-thumbnail\" alt loading=\"lazy\"><\/a>\n\t\t\t<\/dt><\/dl><dl class=\"gallery-item\">\n\t\t\t<dt class=\"gallery-icon landscape\">\n\t\t\t\t<a href=\"https:\/\/sv-oberperfuss.at\/rad\/files\/2016\/07\/Diessener-12h-MTB_-002.jpg\"><img width=\"150\" height=\"150\" src=\"https:\/\/sv-oberperfuss.at\/rad\/files\/2016\/07\/Diessener-12h-MTB_-002-150x150.jpg\" class=\"attachment-thumbnail size-thumbnail\" alt loading=\"lazy\"><\/a>\n\t\t\t<\/dt><\/dl><dl class=\"gallery-item\">\n\t\t\t<dt class=\"gallery-icon landscape\">\n\t\t\t\t<a href=\"https:\/\/sv-oberperfuss.at\/rad\/files\/2016\/07\/Diessener-12h-MTB_-009.jpg\"><img width=\"150\" height=\"150\" src=\"https:\/\/sv-oberperfuss.at\/rad\/files\/2016\/07\/Diessener-12h-MTB_-009-150x150.jpg\" class=\"attachment-thumbnail size-thumbnail\" alt loading=\"lazy\"><\/a>\n\t\t\t<\/dt><\/dl><br style=\"clear: both\"><dl class=\"gallery-item\">\n\t\t\t<dt class=\"gallery-icon landscape\">\n\t\t\t\t<a href=\"https:\/\/sv-oberperfuss.at\/rad\/files\/2016\/07\/Diessener-12h-MTB_-020.jpg\"><img width=\"150\" height=\"150\" src=\"https:\/\/sv-oberperfuss.at\/rad\/files\/2016\/07\/Diessener-12h-MTB_-020-150x150.jpg\" class=\"attachment-thumbnail size-thumbnail\" alt loading=\"lazy\"><\/a>\n\t\t\t<\/dt><\/dl><dl class=\"gallery-item\">\n\t\t\t<dt class=\"gallery-icon landscape\">\n\t\t\t\t<a href=\"https:\/\/sv-oberperfuss.at\/rad\/files\/2016\/07\/Diessener-12h-MTB_-015.jpg\"><img width=\"150\" height=\"150\" src=\"https:\/\/sv-oberperfuss.at\/rad\/files\/2016\/07\/Diessener-12h-MTB_-015-150x150.jpg\" class=\"attachment-thumbnail size-thumbnail\" alt loading=\"lazy\"><\/a>\n\t\t\t<\/dt><\/dl><dl class=\"gallery-item\">\n\t\t\t<dt class=\"gallery-icon landscape\">\n\t\t\t\t<a href=\"https:\/\/sv-oberperfuss.at\/rad\/files\/2016\/07\/Diessener-12h-MTB_-005.jpg\"><img width=\"150\" height=\"150\" src=\"https:\/\/sv-oberperfuss.at\/rad\/files\/2016\/07\/Diessener-12h-MTB_-005-150x150.jpg\" class=\"attachment-thumbnail size-thumbnail\" alt loading=\"lazy\"><\/a>\n\t\t\t<\/dt><\/dl><br style=\"clear: both\"><dl class=\"gallery-item\">\n\t\t\t<dt class=\"gallery-icon landscape\">\n\t\t\t\t<a href=\"https:\/\/sv-oberperfuss.at\/rad\/files\/2016\/07\/Diessener-12h-MTB_-003.jpg\"><img width=\"150\" height=\"150\" src=\"https:\/\/sv-oberperfuss.at\/rad\/files\/2016\/07\/Diessener-12h-MTB_-003-150x150.jpg\" class=\"attachment-thumbnail size-thumbnail\" alt loading=\"lazy\"><\/a>\n\t\t\t<\/dt><\/dl><dl class=\"gallery-item\">\n\t\t\t<dt class=\"gallery-icon portrait\">\n\t\t\t\t<a href=\"https:\/\/sv-oberperfuss.at\/rad\/files\/2016\/07\/Diessener-12h-MTB_-011.jpg\"><img width=\"150\" height=\"150\" src=\"https:\/\/sv-oberperfuss.at\/rad\/files\/2016\/07\/Diessener-12h-MTB_-011-150x150.jpg\" class=\"attachment-thumbnail size-thumbnail\" alt loading=\"lazy\"><\/a>\n\t\t\t<\/dt><\/dl><dl class=\"gallery-item\">\n\t\t\t<dt class=\"gallery-icon portrait\">\n\t\t\t\t<a href=\"https:\/\/sv-oberperfuss.at\/rad\/files\/2016\/07\/Diessener-12h-MTB_-006.jpg\"><img width=\"150\" height=\"150\" src=\"https:\/\/sv-oberperfuss.at\/rad\/files\/2016\/07\/Diessener-12h-MTB_-006-150x150.jpg\" class=\"attachment-thumbnail size-thumbnail\" alt loading=\"lazy\"><\/a>\n\t\t\t<\/dt><\/dl><br style=\"clear: both\"><dl class=\"gallery-item\">\n\t\t\t<dt class=\"gallery-icon landscape\">\n\t\t\t\t<a href=\"https:\/\/sv-oberperfuss.at\/rad\/files\/2016\/07\/Diessener-12h-MTB_-010.jpg\"><img width=\"150\" height=\"150\" src=\"https:\/\/sv-oberperfuss.at\/rad\/files\/2016\/07\/Diessener-12h-MTB_-010-150x150.jpg\" class=\"attachment-thumbnail size-thumbnail\" alt loading=\"lazy\"><\/a>\n\t\t\t<\/dt><\/dl>\n\t\t\t<br style=\"clear: both\">\n\t\t<\/div>\n\n","protected":false},"excerpt":{"rendered":"<p>In der oberbayrischen Marktgemeinde Die\u00dfen am Ammersee ging am 30.07.2016 bereits zum vierten Mal der 12 Stunden Mountainbike Marathon \u00fcber die B\u00fchne \u2013 der auch dieses Mal im Rahmen einer Europameisterschaft ausgetragen wurde. Die Strecke dort ist ein &nbsp;Rundkurs auf Waldwegen, Schotter &amp; Asphalt. Je Runde gilt es einen Anstieg von 140 H\u00f6henmeter auf 7,80 [\u2026]<\/p>\n","protected":false},"author":30,"featured_media":0,"comment_status":"open","ping_status":"closed","sticky":false,"template":"","format":"standard","meta":{"wp_typography_post_enhancements_disabled":false},"categories":[1],"tags":[],"_links":{"self":[{"href":"https:\/\/sv-oberperfuss.at\/rad\/wp-json\/wp\/v2\/posts\/9729"}],"collection":[{"href":"https:\/\/sv-oberperfuss.at\/rad\/wp-json\/wp\/v2\/posts"}],"about":[{"href":"https:\/\/sv-oberperfuss.at\/rad\/wp-json\/wp\/v2\/types\/post"}],"author":[{"embeddable":true,"href":"https:\/\/sv-oberperfuss.at\/rad\/wp-json\/wp\/v2\/users\/30"}],"replies":[{"embeddable":true,"href":"https:\/\/sv-oberperfuss.at\/rad\/wp-json\/wp\/v2\/comments?post=9729"}],"version-history":[{"count":15,"href":"https:\/\/sv-oberperfuss.at\/rad\/wp-json\/wp\/v2\/posts\/9729\/revisions"}],"predecessor-version":[{"id":9755,"href":"https:\/\/sv-oberperfuss.at\/rad\/wp-json\/wp\/v2\/posts\/9729\/revisions\/9755"}],"wp:attachment":[{"href":"https:\/\/sv-oberperfuss.at\/rad\/wp-json\/wp\/v2\/media?parent=9729"}],"wp:term":[{"taxonomy":"category","embeddable":true,"href":"https:\/\/sv-oberperfuss.at\/rad\/wp-json\/wp\/v2\/categories?post=9729"},{"taxonomy":"post_tag","embeddable":true,"href":"https:\/\/sv-oberperfuss.at\/rad\/wp-json\/wp\/v2\/tags?post=9729"}],"curies":[{"name":"wp","href":"https:\/\/api.w.org\/{rel}","templated":true}]}}