{"id":9703,"date":"2016-07-29T12:20:58","date_gmt":"2016-07-29T10:20:58","guid":{"rendered":"https:\/\/sv-oberperfuss.at\/rad\/?p=9703"},"modified":"2016-07-29T18:38:53","modified_gmt":"2016-07-29T16:38:53","slug":"oetztaler-bergmeister-und-col-di-lana-vertical-km-klassensiege-fuer-riegler-und-hurth","status":"publish","type":"post","link":"https:\/\/sv-oberperfuss.at\/rad\/oetztaler-bergmeister-und-col-di-lana-vertical-km-klassensiege-fuer-riegler-und-hurth\/","title":{"rendered":"\u00d6tztaler Bergmeister und C\u00f2l di Lana Vertical KM: Klassensiege f\u00fcr Riegler und&nbsp;Hurth"},"content":{"rendered":"<p>&nbsp;<\/p>\n<h3><strong>\u00d6tztaler Bergmeister 2016 (24.07.2016)&nbsp;<\/strong><\/h3>\n<p>Fast schon \u201estandardm\u00e4\u00dfig\u201c hat unser <strong>Hans Riegler<\/strong> erneut einen Klassensieg eingefahren.<\/p>\n<p>Beim Einzelzeitbergfahren (vom Kreisverkehr L\u00e4ngenfeld bis zur Bergankunft Gries \u2013 Winnebach \u00fcber 6,8 km \/ ca. 520 Hm) war unser Kurzstreckenspezialist erneut nicht zu \u201ebiegen\u201c. <strong>Rang 1 in der Klasse AK60M<\/strong> mit 2min40sec Zeitguthaben auf den Zweitplatzierten!<\/p>\n<p>Ergebnisliste:&nbsp;<span style=\"color: #0000ff\"><a style=\"color: #0000ff\" href=\"http:\/\/www.oetztaler-bergmeister.at\/ergebnisse\/\" target=\"_blank\">http:\/\/www.oetztaler-bergmeister.at\/ergebnisse\/<\/a><\/span><\/p>\n<p>&nbsp;<\/p>\n<h3><strong>C\u00f2l di Lana Vertical KM<\/strong><\/h3>\n<p>Der Col di Lana ist ein 2462 m hoher Berg in der Fanesgruppe in den Dolomiten \u2013 nahe dem Ort Arabba.<\/p>\n<p>Dort ging am 24.07.2016 der \u201eC\u00f2l di Lana Vertical 2 KM\u201c Berglauf \u00fcber die B\u00fchne.&nbsp;<strong>1000 H\u00f6henmeter auf 2 Kilometer<\/strong> galt es bei diesem Bewerb zu \u00fcberwinden (eigentlich zu \u201cerklettern\u201d). Dieser Wettkampf z\u00e4hlt zu der italienischen Vertical-KM-Serie, wie auch der M\u00fchlwaldlauf (es wurde berichtet) und das \u201cH\u00fchnerspiel Vertical-KM\u201d in Gossensass am 04.09.2016.<\/p>\n<p><strong>Reinhard Hurth<\/strong> hat diese Herausforderung eindrucksvoll bew\u00e4ltigt. Mit einer Laufzeit von <strong>40min 55sec<\/strong> holte er sich den <strong>Sieg in der Klasse M50.<\/strong> Im <strong>Gesamtklassement landete Reinhard auf Rang 19!<\/strong> In Anbetracht der starken italienischen Berglaufszene und der 169 Teilnehmer, eine hervorragende Leistung von Reinhard!<\/p>\n<p>Kleines Detail am Rande: Dieser Bewerb wurde in der Mastersklasse auch als <strong>italienische Meisterschaft<\/strong> ausgetragen. Interessanterweise wurde Reinhard als Italiener gewertet und ist somit <strong>\u201cItal. Meister in der Mastersklasse\u201d<\/strong>. Da er sich nat\u00fcrlich als \u00d6sterreicher unter \u201cRadclub Oberperfuss\u201d angemeldet hatte, liegt dieser Irrtum wohl beim Veranstalter.&nbsp;\ud83d\ude09<\/p>\n<p>&nbsp;<\/p>\n<p>Ergebnisliste:<\/p>\n<p>Klassenwertung:&nbsp;<span style=\"color: #0000ff\"><a style=\"color: #0000ff\" href=\"http:\/\/www.v-km.it\/images\/pdf\/2016\/M50.pdf\" target=\"_blank\">http:\/\/www.v\u2011km.it\/images\/pdf\/2016\/M50.pdf<\/a><\/span><\/p>\n<p>Gesamtwertung:&nbsp;<span style=\"color: #0000ff\"><a style=\"color: #0000ff\" href=\"http:\/\/www.v-km.it\/images\/pdf\/2016\/generale.pdf\" target=\"_blank\">http:\/\/www.v\u2011km.it\/images\/pdf\/2016\/generale.pdf<\/a><\/span><\/p>\n<h3><strong>Der RCO gratuliert beiden Klassensiegern ganz herzlich zu ihren ausgezeichneten Erfolgen!<\/strong><\/h3>\n<p>&nbsp;<\/p>\n<p>Hans Riegler bei der Preisverteilung zum \u00d6tztaler Bergmeister 2016<\/p>\n<p><a href=\"https:\/\/sv-oberperfuss.at\/rad\/files\/2016\/07\/Bildschirmfoto-2016-07-29-um-12.08.31.png\"><img loading=\"lazy\" class=\"alignleft size-full wp-image-9704\" src=\"https:\/\/sv-oberperfuss.at\/rad\/files\/2016\/07\/Bildschirmfoto-2016-07-29-um-12.08.31.png\" alt=\"Bildschirmfoto 2016-07-29 um 12.08.31\" width=\"800\" height=\"526\" srcset=\"https:\/\/sv-oberperfuss.at\/rad\/files\/2016\/07\/Bildschirmfoto-2016-07-29-um-12.08.31.png 800w, https:\/\/sv-oberperfuss.at\/rad\/files\/2016\/07\/Bildschirmfoto-2016-07-29-um-12.08.31-300x197.png 300w, https:\/\/sv-oberperfuss.at\/rad\/files\/2016\/07\/Bildschirmfoto-2016-07-29-um-12.08.31-768x505.png 768w\" sizes=\"(max-width: 800px) 100vw, 800px\"><\/a><\/p>\n","protected":false},"excerpt":{"rendered":"<p>&nbsp; \u00d6tztaler Bergmeister 2016 (24.07.2016)&nbsp; Fast schon \u201estandardm\u00e4\u00dfig\u201c hat unser Hans Riegler erneut einen Klassensieg eingefahren. Beim Einzelzeitbergfahren (vom Kreisverkehr L\u00e4ngenfeld bis zur Bergankunft Gries \u2013 Winnebach \u00fcber 6,8 km \/ ca. 520 Hm) war unser Kurzstreckenspezialist erneut nicht zu \u201ebiegen\u201c. Rang 1 in der Klasse AK60M mit 2min40sec Zeitguthaben auf den Zweitplatzierten! Ergebnisliste:&nbsp;http:\/\/www.oetztaler-bergmeister.at\/ergebnisse\/ &nbsp; [\u2026]<\/p>\n","protected":false},"author":30,"featured_media":0,"comment_status":"open","ping_status":"closed","sticky":false,"template":"","format":"standard","meta":{"wp_typography_post_enhancements_disabled":false},"categories":[1],"tags":[],"_links":{"self":[{"href":"https:\/\/sv-oberperfuss.at\/rad\/wp-json\/wp\/v2\/posts\/9703"}],"collection":[{"href":"https:\/\/sv-oberperfuss.at\/rad\/wp-json\/wp\/v2\/posts"}],"about":[{"href":"https:\/\/sv-oberperfuss.at\/rad\/wp-json\/wp\/v2\/types\/post"}],"author":[{"embeddable":true,"href":"https:\/\/sv-oberperfuss.at\/rad\/wp-json\/wp\/v2\/users\/30"}],"replies":[{"embeddable":true,"href":"https:\/\/sv-oberperfuss.at\/rad\/wp-json\/wp\/v2\/comments?post=9703"}],"version-history":[{"count":21,"href":"https:\/\/sv-oberperfuss.at\/rad\/wp-json\/wp\/v2\/posts\/9703\/revisions"}],"predecessor-version":[{"id":9727,"href":"https:\/\/sv-oberperfuss.at\/rad\/wp-json\/wp\/v2\/posts\/9703\/revisions\/9727"}],"wp:attachment":[{"href":"https:\/\/sv-oberperfuss.at\/rad\/wp-json\/wp\/v2\/media?parent=9703"}],"wp:term":[{"taxonomy":"category","embeddable":true,"href":"https:\/\/sv-oberperfuss.at\/rad\/wp-json\/wp\/v2\/categories?post=9703"},{"taxonomy":"post_tag","embeddable":true,"href":"https:\/\/sv-oberperfuss.at\/rad\/wp-json\/wp\/v2\/tags?post=9703"}],"curies":[{"name":"wp","href":"https:\/\/api.w.org\/{rel}","templated":true}]}}