{"id":9680,"date":"2016-07-22T15:25:50","date_gmt":"2016-07-22T13:25:50","guid":{"rendered":"https:\/\/sv-oberperfuss.at\/rad\/?p=9680"},"modified":"2016-07-24T12:57:41","modified_gmt":"2016-07-24T10:57:41","slug":"soeller-mountain-bike-rennen-wieder-klassensieg-fuer-hans-riegler","status":"publish","type":"post","link":"https:\/\/sv-oberperfuss.at\/rad\/soeller-mountain-bike-rennen-wieder-klassensieg-fuer-hans-riegler\/","title":{"rendered":"S\u00f6ller Mountain-Bike-Rennen \u2014 wieder Klassensieg f\u00fcr Hans Riegler"},"content":{"rendered":"<p>Am <strong>16.07.2016<\/strong> veranstaltete der <strong>Wintersportverein S\u00f6ll<\/strong> bereits zum <strong>26. Mal ein HillClimb-Mountain-Bike-Rennen<\/strong> vom Dorfzentrum <strong>S\u00f6ll hinauf nach Hochs\u00f6ll,<\/strong> vorbei am bekannten Hexenwasser (L\u00e4nge 5,5 km, H\u00f6hendifferenz 500&nbsp;Meter)<\/p>\n<p>Von den \u201eGrieskirchenstrapazen\u201c gut erholt, war f\u00fcr den RCO <strong>Hans Riegler am Start!<\/strong> Eine klassische Renndistanz f\u00fcr unseren Hans \u2014 denn kurze Rennen mit einer Rennzeit von ca. einer halben Stunden liegen ihm am besten \u2013 wie er schon so oft unter Beweis gestellt hat!<\/p>\n<p>Und diesen Beweis hat er <strong>in S\u00f6ll erneut erbracht<\/strong>!<strong> Klassensieg in der Klasse AK IV mit \u00fcber zwei Minuten Vorsprung auf den Zweitplatzierten. Auch in der Gesamtwertung lief es f\u00fcr ihn hervorragend \u2013 Rang&nbsp;4!<\/strong><\/p>\n<p>Es hat wirklich den Anschein, dass es derzeit kaum jemanden gibt, der unsere <strong>\u201eRennsau\u201c<\/strong> (sorry) in seiner Klasse bezwingen kann?!<\/p>\n<p>Am kommenden Wochenende steht Hans schon wieder beim <strong>\u00d6tztaler Bergmeister 2016 am Start (Berg-Einzelzeitfahren)<\/strong> \u2014 erneut eine optimale Distanz f\u00fcr&nbsp;Hans!<\/p>\n<p>\u2026man darf gespannt sein!<\/p>\n<p><strong>Hans, wir gratulieren dir zu deinen Leistungen!<\/strong><\/p>\n<p>Klassenwertung: <span style=\"color: #0000ff\"><a style=\"color: #0000ff\" href=\"http:\/\/bike.wsv-soell.at\/images\/ergebnisse\/erg_mtb16_klasse.pdf\" target=\"_blank\">http:\/\/bike.wsv-soell.at\/images\/ergebnisse\/erg_mtb16_klasse.pdf<\/a><\/span><br>\nGesamtwertung: <span style=\"color: #0000ff\"><a style=\"color: #0000ff\" href=\"http:\/\/bike.wsv-soell.at\/images\/ergebnisse\/Erg_MTB16_gesamt.pdf\" target=\"_blank\">http:\/\/bike.wsv-soell.at\/images\/ergebnisse\/Erg_MTB16_gesamt.pdf<\/a><\/span><\/p>\n<p><a href=\"https:\/\/sv-oberperfuss.at\/rad\/files\/2016\/07\/Hans1.jpg\"><img loading=\"lazy\" class=\"alignleft size-full wp-image-9683\" src=\"https:\/\/sv-oberperfuss.at\/rad\/files\/2016\/07\/Hans1.jpg\" alt=\"Hans1\" width=\"952\" height=\"654\" srcset=\"https:\/\/sv-oberperfuss.at\/rad\/files\/2016\/07\/Hans1.jpg 952w, https:\/\/sv-oberperfuss.at\/rad\/files\/2016\/07\/Hans1-300x206.jpg 300w, https:\/\/sv-oberperfuss.at\/rad\/files\/2016\/07\/Hans1-768x528.jpg 768w\" sizes=\"(max-width: 952px) 100vw, 952px\"><\/a> <a href=\"https:\/\/sv-oberperfuss.at\/rad\/files\/2016\/07\/Hans2.jpg\"><img loading=\"lazy\" class=\"alignleft size-full wp-image-9684\" src=\"https:\/\/sv-oberperfuss.at\/rad\/files\/2016\/07\/Hans2.jpg\" alt=\"Hans2\" width=\"948\" height=\"631\" srcset=\"https:\/\/sv-oberperfuss.at\/rad\/files\/2016\/07\/Hans2.jpg 948w, https:\/\/sv-oberperfuss.at\/rad\/files\/2016\/07\/Hans2-300x200.jpg 300w, https:\/\/sv-oberperfuss.at\/rad\/files\/2016\/07\/Hans2-768x511.jpg 768w\" sizes=\"(max-width: 948px) 100vw, 948px\"><\/a><\/p>\n","protected":false},"excerpt":{"rendered":"<p>Am 16.07.2016 veranstaltete der Wintersportverein S\u00f6ll bereits zum 26. Mal ein HillClimb-Mountain-Bike-Rennen vom Dorfzentrum S\u00f6ll hinauf nach Hochs\u00f6ll, vorbei am bekannten Hexenwasser (L\u00e4nge 5,5 km, H\u00f6hendifferenz 500&nbsp;Meter) Von den \u201eGrieskirchenstrapazen\u201c gut erholt, war f\u00fcr den RCO Hans Riegler am Start! Eine klassische Renndistanz f\u00fcr unseren Hans \u2014 denn kurze Rennen mit einer Rennzeit von&nbsp;ca.&nbsp;[\u2026]<\/p>\n","protected":false},"author":30,"featured_media":0,"comment_status":"open","ping_status":"closed","sticky":false,"template":"","format":"standard","meta":{"wp_typography_post_enhancements_disabled":false},"categories":[1],"tags":[],"_links":{"self":[{"href":"https:\/\/sv-oberperfuss.at\/rad\/wp-json\/wp\/v2\/posts\/9680"}],"collection":[{"href":"https:\/\/sv-oberperfuss.at\/rad\/wp-json\/wp\/v2\/posts"}],"about":[{"href":"https:\/\/sv-oberperfuss.at\/rad\/wp-json\/wp\/v2\/types\/post"}],"author":[{"embeddable":true,"href":"https:\/\/sv-oberperfuss.at\/rad\/wp-json\/wp\/v2\/users\/30"}],"replies":[{"embeddable":true,"href":"https:\/\/sv-oberperfuss.at\/rad\/wp-json\/wp\/v2\/comments?post=9680"}],"version-history":[{"count":9,"href":"https:\/\/sv-oberperfuss.at\/rad\/wp-json\/wp\/v2\/posts\/9680\/revisions"}],"predecessor-version":[{"id":9691,"href":"https:\/\/sv-oberperfuss.at\/rad\/wp-json\/wp\/v2\/posts\/9680\/revisions\/9691"}],"wp:attachment":[{"href":"https:\/\/sv-oberperfuss.at\/rad\/wp-json\/wp\/v2\/media?parent=9680"}],"wp:term":[{"taxonomy":"category","embeddable":true,"href":"https:\/\/sv-oberperfuss.at\/rad\/wp-json\/wp\/v2\/categories?post=9680"},{"taxonomy":"post_tag","embeddable":true,"href":"https:\/\/sv-oberperfuss.at\/rad\/wp-json\/wp\/v2\/tags?post=9680"}],"curies":[{"name":"wp","href":"https:\/\/api.w.org\/{rel}","templated":true}]}}