{"id":7623,"date":"2015-06-30T22:09:18","date_gmt":"2015-06-30T20:09:18","guid":{"rendered":"https:\/\/sv-oberperfuss.at\/rad\/?p=7623"},"modified":"2015-07-03T14:37:29","modified_gmt":"2015-07-03T12:37:29","slug":"gerhard-hufnagl-klassenzweiter-beim-drei-laender-giro-herburger-praxmarer-riegler-beim-bergduatlon-in-aldrans","status":"publish","type":"post","link":"https:\/\/sv-oberperfuss.at\/rad\/gerhard-hufnagl-klassenzweiter-beim-drei-laender-giro-herburger-praxmarer-riegler-beim-bergduatlon-in-aldrans\/","title":{"rendered":"Gerhard Hufnagl Klassenzweiter beim Drei L\u00e4nder Giro \/ Herburger-Praxmarer-Riegler beim Bergduathlon in Aldrans"},"content":{"rendered":"<p>&nbsp;<\/p>\n<p>Ganz ausgezeichnet ist es unserem Gerhard am vergangenen Wochenende (Sonntag, 28.06.2015) beim Drei L\u00e4nder Giro \u00fcber die <strong>\u201eLangdistanz\u201c (Nauders-Stilfserjoch-Ofenpass-Engadin-Norbertsh\u00f6he-Nauders) \u00fcber 168km und 3300HM<\/strong> ergangen. Der hervorragende <strong>23. Rang in der Gesamtliste (von 1180 Klassierten)<\/strong> ergibt nat\u00fcrlich auch in der Klassenwertung eine Topplatzierung &gt;<strong> 2.Rang in der Klasse Herren II.<\/strong><\/p>\n<p>Mit seiner Zeit <strong>5:47:43 ist er nebenbei 7. bester \u00d6sterreicher<\/strong> im stark besetzten Starterfeld!<\/p>\n<p>Bravo Gerhard, Gratulation!!<\/p>\n<p>Ergebnisliste:<\/p>\n<p><a href=\"http:\/\/www.dreilaendergiro.at\/uploads\/media\/Ergebnisliste_nach_Klassen_01.pdf\" target=\"_blank\">http:\/\/www.dreilaendergiro.at\/uploads\/media\/Ergebnisliste_nach_Klassen_01.pdf<\/a><\/p>\n<p>&nbsp;<\/p>\n<p><strong>Schauplatzwechsel nach Aldrans.<\/strong> Zum selben Termin wurde dort die <strong>1.Viggar Trophy<\/strong> ausgetragen.<\/p>\n<p>Die Viggar Trophy ist ein <strong>Bergduathlon (Mountainbike und Berglauf)<\/strong>, welcher als Einzelstarter oder in Zweier- Teams bestritten werden kann. Das Rennen f\u00fchrte zuerst mit dem Bike auf die Aldranserealm (1511 M.\u00fc.d.M.)\u2013 dort in der Wechselzone wurden die Laufschuhe geschn\u00fcrt und auf gings Richtung &nbsp;Issboden \u2013 von dort \u00fcber einen Steig sehr steil auf die Viggarspitz (2306 M.\u00fc.d.M.)<\/p>\n<p>In Summe galt es also <strong>1378 H\u00f6henmeter \u00fcber eine Gesamtstreckenl\u00e4nge von 9,8km<\/strong> zu \u00fcberwinden.<\/p>\n<p>Mit dabei, bei diesem neuartigen Bewerb, auch <strong>3 RCO\u00b4ler.<\/strong> <strong>Helli und Mario stellten sich dem Einzelbewerb und Hans Riegler<\/strong> nahm mit seinem Freund Raimund Voglsberger am Teambewerb teil!<\/p>\n<p>Sehr gut haben sie sich geschlagen bei der 1.Trophy: <strong>Jeweils den 7. Rang in ihrer Klasse erreichten Helli (AK 2) und Mario (AK 3). Gesamt 12. wurde Helli, Mario gesamt 29.<\/strong><\/p>\n<p>Neopensionist <strong>Hans<\/strong> landete im Staffelbewerb mit seinem Partner auf dem <strong>8. Rang.<\/strong> Lediglich deren Teamname (Arb\u00f6 RC Bike Point-Sportmed-Telfs) \u201est\u00f6rt\u201c ein wenig beim Betrachten der Ergebnisliste!&nbsp;\ud83d\ude09<\/p>\n<p>Sehr gut gemacht M\u00e4nner, auch euch herzliche Gratulation \u2013 war sicher eine anstrengende Angelegenheit!!<\/p>\n<p>Ergebnisliste: <a href=\"http:\/\/www.viggartrophy.at\/ergebnisse\/\" target=\"_blank\">http:\/\/www.viggartrophy.at\/ergebnisse\/<\/a><\/p>\n<p>\u2026ein paar Fotos von der Viggar Trophy:<\/p>\n\n\t\t<style type=\"text\/css\">\n\t\t\t#gallery-1 {\n\t\t\t\tmargin: auto;\n\t\t\t}\n\t\t\t#gallery-1 .gallery-item {\n\t\t\t\tfloat: left;\n\t\t\t\tmargin-top: 10px;\n\t\t\t\ttext-align: center;\n\t\t\t\twidth: 33%;\n\t\t\t}\n\t\t\t#gallery-1 img {\n\t\t\t\tborder: 2px solid #cfcfcf;\n\t\t\t}\n\t\t\t#gallery-1 .gallery-caption {\n\t\t\t\tmargin-left: 0;\n\t\t\t}\n\t\t\t\/* see gallery_shortcode() in wp-includes\/media.php *\/\n\t\t<\/style>\n\t\t<div id=\"gallery-1\" class=\"gallery galleryid-7623 gallery-columns-3 gallery-size-thumbnail\"><dl class=\"gallery-item\">\n\t\t\t<dt class=\"gallery-icon landscape\">\n\t\t\t\t<a href=\"https:\/\/sv-oberperfuss.at\/rad\/files\/2015\/06\/IMG_0169.jpg\"><img width=\"150\" height=\"150\" src=\"https:\/\/sv-oberperfuss.at\/rad\/files\/2015\/06\/IMG_0169-150x150.jpg\" class=\"attachment-thumbnail size-thumbnail\" alt loading=\"lazy\"><\/a>\n\t\t\t<\/dt><\/dl><dl class=\"gallery-item\">\n\t\t\t<dt class=\"gallery-icon landscape\">\n\t\t\t\t<a href=\"https:\/\/sv-oberperfuss.at\/rad\/files\/2015\/06\/IMG_0170.jpg\"><img width=\"150\" height=\"150\" src=\"https:\/\/sv-oberperfuss.at\/rad\/files\/2015\/06\/IMG_0170-150x150.jpg\" class=\"attachment-thumbnail size-thumbnail\" alt loading=\"lazy\"><\/a>\n\t\t\t<\/dt><\/dl><dl class=\"gallery-item\">\n\t\t\t<dt class=\"gallery-icon landscape\">\n\t\t\t\t<a href=\"https:\/\/sv-oberperfuss.at\/rad\/files\/2015\/06\/IMG_0178.jpg\"><img width=\"150\" height=\"150\" src=\"https:\/\/sv-oberperfuss.at\/rad\/files\/2015\/06\/IMG_0178-150x150.jpg\" class=\"attachment-thumbnail size-thumbnail\" alt loading=\"lazy\"><\/a>\n\t\t\t<\/dt><\/dl><br style=\"clear: both\"><dl class=\"gallery-item\">\n\t\t\t<dt class=\"gallery-icon landscape\">\n\t\t\t\t<a href=\"https:\/\/sv-oberperfuss.at\/rad\/files\/2015\/06\/IMG_0177.jpg\"><img width=\"150\" height=\"150\" src=\"https:\/\/sv-oberperfuss.at\/rad\/files\/2015\/06\/IMG_0177-150x150.jpg\" class=\"attachment-thumbnail size-thumbnail\" alt loading=\"lazy\"><\/a>\n\t\t\t<\/dt><\/dl><dl class=\"gallery-item\">\n\t\t\t<dt class=\"gallery-icon landscape\">\n\t\t\t\t<a href=\"https:\/\/sv-oberperfuss.at\/rad\/files\/2015\/06\/IMG_0179.jpg\"><img width=\"150\" height=\"150\" src=\"https:\/\/sv-oberperfuss.at\/rad\/files\/2015\/06\/IMG_0179-150x150.jpg\" class=\"attachment-thumbnail size-thumbnail\" alt loading=\"lazy\"><\/a>\n\t\t\t<\/dt><\/dl><dl class=\"gallery-item\">\n\t\t\t<dt class=\"gallery-icon landscape\">\n\t\t\t\t<a href=\"https:\/\/sv-oberperfuss.at\/rad\/files\/2015\/06\/IMG_0175.jpg\"><img width=\"150\" height=\"150\" src=\"https:\/\/sv-oberperfuss.at\/rad\/files\/2015\/06\/IMG_0175-150x150.jpg\" class=\"attachment-thumbnail size-thumbnail\" alt loading=\"lazy\"><\/a>\n\t\t\t<\/dt><\/dl><br style=\"clear: both\"><dl class=\"gallery-item\">\n\t\t\t<dt class=\"gallery-icon landscape\">\n\t\t\t\t<a href=\"https:\/\/sv-oberperfuss.at\/rad\/files\/2015\/06\/IMG_0176.jpg\"><img width=\"150\" height=\"150\" src=\"https:\/\/sv-oberperfuss.at\/rad\/files\/2015\/06\/IMG_0176-150x150.jpg\" class=\"attachment-thumbnail size-thumbnail\" alt loading=\"lazy\"><\/a>\n\t\t\t<\/dt><\/dl><dl class=\"gallery-item\">\n\t\t\t<dt class=\"gallery-icon landscape\">\n\t\t\t\t<a href=\"https:\/\/sv-oberperfuss.at\/rad\/files\/2015\/06\/IMG_0174.jpg\"><img width=\"150\" height=\"150\" src=\"https:\/\/sv-oberperfuss.at\/rad\/files\/2015\/06\/IMG_0174-150x150.jpg\" class=\"attachment-thumbnail size-thumbnail\" alt loading=\"lazy\"><\/a>\n\t\t\t<\/dt><\/dl><dl class=\"gallery-item\">\n\t\t\t<dt class=\"gallery-icon landscape\">\n\t\t\t\t<a href=\"https:\/\/sv-oberperfuss.at\/rad\/files\/2015\/06\/IMG_0173.jpg\"><img width=\"150\" height=\"150\" src=\"https:\/\/sv-oberperfuss.at\/rad\/files\/2015\/06\/IMG_0173-150x150.jpg\" class=\"attachment-thumbnail size-thumbnail\" alt loading=\"lazy\"><\/a>\n\t\t\t<\/dt><\/dl><br style=\"clear: both\"><dl class=\"gallery-item\">\n\t\t\t<dt class=\"gallery-icon landscape\">\n\t\t\t\t<a href=\"https:\/\/sv-oberperfuss.at\/rad\/files\/2015\/06\/IMG_0172.jpg\"><img width=\"150\" height=\"150\" src=\"https:\/\/sv-oberperfuss.at\/rad\/files\/2015\/06\/IMG_0172-150x150.jpg\" class=\"attachment-thumbnail size-thumbnail\" alt loading=\"lazy\"><\/a>\n\t\t\t<\/dt><\/dl><dl class=\"gallery-item\">\n\t\t\t<dt class=\"gallery-icon landscape\">\n\t\t\t\t<a href=\"https:\/\/sv-oberperfuss.at\/rad\/files\/2015\/06\/IMG_0171.jpg\"><img width=\"150\" height=\"150\" src=\"https:\/\/sv-oberperfuss.at\/rad\/files\/2015\/06\/IMG_0171-150x150.jpg\" class=\"attachment-thumbnail size-thumbnail\" alt loading=\"lazy\"><\/a>\n\t\t\t<\/dt><\/dl><dl class=\"gallery-item\">\n\t\t\t<dt class=\"gallery-icon landscape\">\n\t\t\t\t<a href=\"https:\/\/sv-oberperfuss.at\/rad\/files\/2015\/06\/IMG_0181.jpg\"><img width=\"150\" height=\"150\" src=\"https:\/\/sv-oberperfuss.at\/rad\/files\/2015\/06\/IMG_0181-150x150.jpg\" class=\"attachment-thumbnail size-thumbnail\" alt loading=\"lazy\"><\/a>\n\t\t\t<\/dt><\/dl><br style=\"clear: both\"><dl class=\"gallery-item\">\n\t\t\t<dt class=\"gallery-icon landscape\">\n\t\t\t\t<a href=\"https:\/\/sv-oberperfuss.at\/rad\/files\/2015\/06\/IMG_0180.jpg\"><img width=\"150\" height=\"150\" src=\"https:\/\/sv-oberperfuss.at\/rad\/files\/2015\/06\/IMG_0180-150x150.jpg\" class=\"attachment-thumbnail size-thumbnail\" alt loading=\"lazy\"><\/a>\n\t\t\t<\/dt><\/dl><dl class=\"gallery-item\">\n\t\t\t<dt class=\"gallery-icon portrait\">\n\t\t\t\t<a href=\"https:\/\/sv-oberperfuss.at\/rad\/files\/2015\/06\/IMG_3724.jpg\"><img width=\"150\" height=\"150\" src=\"https:\/\/sv-oberperfuss.at\/rad\/files\/2015\/06\/IMG_3724-150x150.jpg\" class=\"attachment-thumbnail size-thumbnail\" alt loading=\"lazy\"><\/a>\n\t\t\t<\/dt><\/dl><dl class=\"gallery-item\">\n\t\t\t<dt class=\"gallery-icon portrait\">\n\t\t\t\t<a href=\"https:\/\/sv-oberperfuss.at\/rad\/files\/2015\/06\/IMG_3725.jpg\"><img width=\"150\" height=\"150\" src=\"https:\/\/sv-oberperfuss.at\/rad\/files\/2015\/06\/IMG_3725-150x150.jpg\" class=\"attachment-thumbnail size-thumbnail\" alt loading=\"lazy\"><\/a>\n\t\t\t<\/dt><\/dl><br style=\"clear: both\">\n\t\t<\/div>\n\n","protected":false},"excerpt":{"rendered":"<p>&nbsp; Ganz ausgezeichnet ist es unserem Gerhard am vergangenen Wochenende (Sonntag, 28.06.2015) beim Drei L\u00e4nder Giro \u00fcber die \u201eLangdistanz\u201c (Nauders-Stilfserjoch-Ofenpass-Engadin-Norbertsh\u00f6he-Nauders) \u00fcber 168km und 3300HM ergangen. Der hervorragende 23. Rang in der Gesamtliste (von 1180 Klassierten) ergibt nat\u00fcrlich auch in der Klassenwertung eine Topplatzierung &gt; 2.Rang in der Klasse Herren II. Mit seiner Zeit 5:47:43 ist&nbsp;[\u2026]<\/p>\n","protected":false},"author":30,"featured_media":0,"comment_status":"open","ping_status":"closed","sticky":false,"template":"","format":"standard","meta":{"wp_typography_post_enhancements_disabled":false},"categories":[1],"tags":[],"_links":{"self":[{"href":"https:\/\/sv-oberperfuss.at\/rad\/wp-json\/wp\/v2\/posts\/7623"}],"collection":[{"href":"https:\/\/sv-oberperfuss.at\/rad\/wp-json\/wp\/v2\/posts"}],"about":[{"href":"https:\/\/sv-oberperfuss.at\/rad\/wp-json\/wp\/v2\/types\/post"}],"author":[{"embeddable":true,"href":"https:\/\/sv-oberperfuss.at\/rad\/wp-json\/wp\/v2\/users\/30"}],"replies":[{"embeddable":true,"href":"https:\/\/sv-oberperfuss.at\/rad\/wp-json\/wp\/v2\/comments?post=7623"}],"version-history":[{"count":13,"href":"https:\/\/sv-oberperfuss.at\/rad\/wp-json\/wp\/v2\/posts\/7623\/revisions"}],"predecessor-version":[{"id":7679,"href":"https:\/\/sv-oberperfuss.at\/rad\/wp-json\/wp\/v2\/posts\/7623\/revisions\/7679"}],"wp:attachment":[{"href":"https:\/\/sv-oberperfuss.at\/rad\/wp-json\/wp\/v2\/media?parent=7623"}],"wp:term":[{"taxonomy":"category","embeddable":true,"href":"https:\/\/sv-oberperfuss.at\/rad\/wp-json\/wp\/v2\/categories?post=7623"},{"taxonomy":"post_tag","embeddable":true,"href":"https:\/\/sv-oberperfuss.at\/rad\/wp-json\/wp\/v2\/tags?post=7623"}],"curies":[{"name":"wp","href":"https:\/\/api.w.org\/{rel}","templated":true}]}}