{"id":6238,"date":"2014-07-15T19:28:34","date_gmt":"2014-07-15T17:28:34","guid":{"rendered":"https:\/\/sv-oberperfuss.at\/rad\/?p=6238"},"modified":"2014-07-15T19:28:34","modified_gmt":"2014-07-15T17:28:34","slug":"biker-aufgepasst","status":"publish","type":"post","link":"https:\/\/sv-oberperfuss.at\/rad\/biker-aufgepasst\/","title":{"rendered":"Biker aufgepasst!!!"},"content":{"rendered":"<p>Aufgrund des nicht gerade berauschenden Sommerwetters in den letzten Wochen m\u00fcssen die Biker leider auf eine l\u00e4ngere Ausfahrtenpause zur\u00fcckblicken. Doch f\u00fcr kommendes Wochenende wurde perfektes Radlwetter prognostiziert und so kann die Seiser Alm-Fahrt in Angriff genommen werden.<\/p>\n<p>Unser Ausgangspunkt ist Kastelruth im sch\u00f6nen S\u00fcdtiroler-Land. Von dort geht es nach Compatsch wo uns dann drei verschiedene Routen im weitl\u00e4ufigen Seiser Alm-Gebiet zur Auswahl stehen.\u2026<\/p>\n<p>Treffpunkt ist am <strong>Samstag<\/strong>, den <strong>19.07.2014<\/strong>, um 07.00 Uhr beim M\u2011Preis in Oberperfuss. Bitte Fahrradtransport ber\u00fccksichtigen!<\/p>\n<p>Bis Samstag.\u2026.<\/p>\n","protected":false},"excerpt":{"rendered":"<p>Aufgrund des nicht gerade berauschenden Sommerwetters in den letzten Wochen m\u00fcssen die Biker leider auf eine l\u00e4ngere Ausfahrtenpause zur\u00fcckblicken. Doch f\u00fcr kommendes Wochenende wurde perfektes Radlwetter prognostiziert und so kann die Seiser Alm-Fahrt in Angriff genommen werden. Unser Ausgangspunkt ist Kastelruth im sch\u00f6nen S\u00fcdtiroler-Land. Von dort geht es nach Compatsch wo uns dann drei verschiedene&nbsp;[\u2026]<\/p>\n","protected":false},"author":13,"featured_media":0,"comment_status":"open","ping_status":"closed","sticky":false,"template":"","format":"standard","meta":{"wp_typography_post_enhancements_disabled":false},"categories":[1],"tags":[],"_links":{"self":[{"href":"https:\/\/sv-oberperfuss.at\/rad\/wp-json\/wp\/v2\/posts\/6238"}],"collection":[{"href":"https:\/\/sv-oberperfuss.at\/rad\/wp-json\/wp\/v2\/posts"}],"about":[{"href":"https:\/\/sv-oberperfuss.at\/rad\/wp-json\/wp\/v2\/types\/post"}],"author":[{"embeddable":true,"href":"https:\/\/sv-oberperfuss.at\/rad\/wp-json\/wp\/v2\/users\/13"}],"replies":[{"embeddable":true,"href":"https:\/\/sv-oberperfuss.at\/rad\/wp-json\/wp\/v2\/comments?post=6238"}],"version-history":[{"count":2,"href":"https:\/\/sv-oberperfuss.at\/rad\/wp-json\/wp\/v2\/posts\/6238\/revisions"}],"predecessor-version":[{"id":6240,"href":"https:\/\/sv-oberperfuss.at\/rad\/wp-json\/wp\/v2\/posts\/6238\/revisions\/6240"}],"wp:attachment":[{"href":"https:\/\/sv-oberperfuss.at\/rad\/wp-json\/wp\/v2\/media?parent=6238"}],"wp:term":[{"taxonomy":"category","embeddable":true,"href":"https:\/\/sv-oberperfuss.at\/rad\/wp-json\/wp\/v2\/categories?post=6238"},{"taxonomy":"post_tag","embeddable":true,"href":"https:\/\/sv-oberperfuss.at\/rad\/wp-json\/wp\/v2\/tags?post=6238"}],"curies":[{"name":"wp","href":"https:\/\/api.w.org\/{rel}","templated":true}]}}