{"id":6213,"date":"2014-07-08T18:26:52","date_gmt":"2014-07-08T16:26:52","guid":{"rendered":"https:\/\/sv-oberperfuss.at\/rad\/?p=6213"},"modified":"2014-07-08T18:28:43","modified_gmt":"2014-07-08T16:28:43","slug":"anstelle-der-laendleausfahrt-gings-ins-kuehtai","status":"publish","type":"post","link":"https:\/\/sv-oberperfuss.at\/rad\/anstelle-der-laendleausfahrt-gings-ins-kuehtai\/","title":{"rendered":"Anstelle der \u201cL\u00e4ndleausfahrt\u201d ging\u00b4s ins K\u00fchtai"},"content":{"rendered":"<div><span style=\"font-family: Calibri,sans-serif;font-size: small\"><span style=\"font-family: Verdana,sans-serif;font-size: small\">06.07.2014: Es muss nicht immer S\u00fcdtirol sein \u2013 auch in unserer N\u00e4he kann man tolle Ausfahrten machen, vorallem macht\u00b4s Spa\u00df wenn sich gleich viele RCO\u00b4ler gemeinsam auf den Weg machen!<\/span><\/span><\/div>\n<div><span style=\"font-family: Calibri,sans-serif;font-size: small\"><span style=\"font-family: Verdana,sans-serif;font-size: small\">Die f\u00fcr Samstag geplante Ausfahrt nach Vorarlberg musste abgesagt werden \u2013 kurzerhand wurde eine Ersatzausfahrt f\u00fcr Sonntag ins K\u00fchtai ausgeschrieben! Gleich 17 RCO\u00b4ler trafen sich und nahmen die Strecke \u00fcber Oetz auf sich! Einige von ihnen absolvierten abschlie\u00dfend noch die Bergwertung nach Stiglreith zum Almsegen und lie\u00dfen dort den Nachmittag gem\u00fctlich ausklingen\u2026.<\/span><\/span><\/div>\n<div><\/div>\n<div>\n\n\t\t<style type=\"text\/css\">\n\t\t\t#gallery-1 {\n\t\t\t\tmargin: auto;\n\t\t\t}\n\t\t\t#gallery-1 .gallery-item {\n\t\t\t\tfloat: left;\n\t\t\t\tmargin-top: 10px;\n\t\t\t\ttext-align: center;\n\t\t\t\twidth: 33%;\n\t\t\t}\n\t\t\t#gallery-1 img {\n\t\t\t\tborder: 2px solid #cfcfcf;\n\t\t\t}\n\t\t\t#gallery-1 .gallery-caption {\n\t\t\t\tmargin-left: 0;\n\t\t\t}\n\t\t\t\/* see gallery_shortcode() in wp-includes\/media.php *\/\n\t\t<\/style>\n\t\t<div id=\"gallery-1\" class=\"gallery galleryid-6213 gallery-columns-3 gallery-size-thumbnail\"><dl class=\"gallery-item\">\n\t\t\t<dt class=\"gallery-icon landscape\">\n\t\t\t\t<a href=\"https:\/\/sv-oberperfuss.at\/rad\/files\/2014\/07\/IMG_1971.jpg\"><img width=\"150\" height=\"150\" src=\"https:\/\/sv-oberperfuss.at\/rad\/files\/2014\/07\/IMG_1971-150x150.jpg\" class=\"attachment-thumbnail size-thumbnail\" alt loading=\"lazy\"><\/a>\n\t\t\t<\/dt><\/dl><dl class=\"gallery-item\">\n\t\t\t<dt class=\"gallery-icon landscape\">\n\t\t\t\t<a href=\"https:\/\/sv-oberperfuss.at\/rad\/files\/2014\/07\/IMG_1972.jpg\"><img width=\"150\" height=\"150\" src=\"https:\/\/sv-oberperfuss.at\/rad\/files\/2014\/07\/IMG_1972-150x150.jpg\" class=\"attachment-thumbnail size-thumbnail\" alt loading=\"lazy\"><\/a>\n\t\t\t<\/dt><\/dl><dl class=\"gallery-item\">\n\t\t\t<dt class=\"gallery-icon landscape\">\n\t\t\t\t<a href=\"https:\/\/sv-oberperfuss.at\/rad\/files\/2014\/07\/IMG_1976.jpg\"><img width=\"150\" height=\"150\" src=\"https:\/\/sv-oberperfuss.at\/rad\/files\/2014\/07\/IMG_1976-150x150.jpg\" class=\"attachment-thumbnail size-thumbnail\" alt loading=\"lazy\"><\/a>\n\t\t\t<\/dt><\/dl><br style=\"clear: both\"><dl class=\"gallery-item\">\n\t\t\t<dt class=\"gallery-icon portrait\">\n\t\t\t\t<a href=\"https:\/\/sv-oberperfuss.at\/rad\/files\/2014\/07\/IMG_1984.jpg\"><img width=\"150\" height=\"150\" src=\"https:\/\/sv-oberperfuss.at\/rad\/files\/2014\/07\/IMG_1984-150x150.jpg\" class=\"attachment-thumbnail size-thumbnail\" alt loading=\"lazy\"><\/a>\n\t\t\t<\/dt><\/dl><dl class=\"gallery-item\">\n\t\t\t<dt class=\"gallery-icon portrait\">\n\t\t\t\t<a href=\"https:\/\/sv-oberperfuss.at\/rad\/files\/2014\/07\/IMG_1987.jpg\"><img width=\"150\" height=\"150\" src=\"https:\/\/sv-oberperfuss.at\/rad\/files\/2014\/07\/IMG_1987-150x150.jpg\" class=\"attachment-thumbnail size-thumbnail\" alt loading=\"lazy\"><\/a>\n\t\t\t<\/dt><\/dl><dl class=\"gallery-item\">\n\t\t\t<dt class=\"gallery-icon portrait\">\n\t\t\t\t<a href=\"https:\/\/sv-oberperfuss.at\/rad\/files\/2014\/07\/IMG_1985.jpg\"><img width=\"150\" height=\"150\" src=\"https:\/\/sv-oberperfuss.at\/rad\/files\/2014\/07\/IMG_1985-150x150.jpg\" class=\"attachment-thumbnail size-thumbnail\" alt loading=\"lazy\"><\/a>\n\t\t\t<\/dt><\/dl><br style=\"clear: both\"><dl class=\"gallery-item\">\n\t\t\t<dt class=\"gallery-icon portrait\">\n\t\t\t\t<a href=\"https:\/\/sv-oberperfuss.at\/rad\/files\/2014\/07\/IMG_1988.jpg\"><img width=\"150\" height=\"150\" src=\"https:\/\/sv-oberperfuss.at\/rad\/files\/2014\/07\/IMG_1988-150x150.jpg\" class=\"attachment-thumbnail size-thumbnail\" alt loading=\"lazy\"><\/a>\n\t\t\t<\/dt><\/dl><dl class=\"gallery-item\">\n\t\t\t<dt class=\"gallery-icon landscape\">\n\t\t\t\t<a href=\"https:\/\/sv-oberperfuss.at\/rad\/files\/2014\/07\/Foto-2.jpg\"><img width=\"150\" height=\"150\" src=\"https:\/\/sv-oberperfuss.at\/rad\/files\/2014\/07\/Foto-2-150x150.jpg\" class=\"attachment-thumbnail size-thumbnail\" alt loading=\"lazy\"><\/a>\n\t\t\t<\/dt><\/dl><dl class=\"gallery-item\">\n\t\t\t<dt class=\"gallery-icon landscape\">\n\t\t\t\t<a href=\"https:\/\/sv-oberperfuss.at\/rad\/files\/2014\/07\/IMG_1992.jpg\"><img width=\"150\" height=\"150\" src=\"https:\/\/sv-oberperfuss.at\/rad\/files\/2014\/07\/IMG_1992-150x150.jpg\" class=\"attachment-thumbnail size-thumbnail\" alt loading=\"lazy\"><\/a>\n\t\t\t<\/dt><\/dl><br style=\"clear: both\"><dl class=\"gallery-item\">\n\t\t\t<dt class=\"gallery-icon landscape\">\n\t\t\t\t<a href=\"https:\/\/sv-oberperfuss.at\/rad\/files\/2014\/07\/IMG_1990.jpg\"><img width=\"150\" height=\"150\" src=\"https:\/\/sv-oberperfuss.at\/rad\/files\/2014\/07\/IMG_1990-150x150.jpg\" class=\"attachment-thumbnail size-thumbnail\" alt loading=\"lazy\"><\/a>\n\t\t\t<\/dt><\/dl><dl class=\"gallery-item\">\n\t\t\t<dt class=\"gallery-icon landscape\">\n\t\t\t\t<a href=\"https:\/\/sv-oberperfuss.at\/rad\/files\/2014\/07\/Foto-1.jpg\"><img width=\"150\" height=\"150\" src=\"https:\/\/sv-oberperfuss.at\/rad\/files\/2014\/07\/Foto-1-150x150.jpg\" class=\"attachment-thumbnail size-thumbnail\" alt loading=\"lazy\"><\/a>\n\t\t\t<\/dt><\/dl><dl class=\"gallery-item\">\n\t\t\t<dt class=\"gallery-icon landscape\">\n\t\t\t\t<a href=\"https:\/\/sv-oberperfuss.at\/rad\/files\/2014\/07\/IMG_1997.jpg\"><img width=\"150\" height=\"150\" src=\"https:\/\/sv-oberperfuss.at\/rad\/files\/2014\/07\/IMG_1997-150x150.jpg\" class=\"attachment-thumbnail size-thumbnail\" alt loading=\"lazy\"><\/a>\n\t\t\t<\/dt><\/dl><br style=\"clear: both\">\n\t\t<\/div>\n\n<\/div>\n","protected":false},"excerpt":{"rendered":"<p>06.07.2014: Es muss nicht immer S\u00fcdtirol sein \u2013 auch in unserer N\u00e4he kann man tolle Ausfahrten machen, vorallem macht\u00b4s Spa\u00df wenn sich gleich viele RCO\u00b4ler gemeinsam auf den Weg machen! Die f\u00fcr Samstag geplante Ausfahrt nach Vorarlberg musste abgesagt werden \u2013 kurzerhand wurde eine Ersatzausfahrt f\u00fcr Sonntag ins K\u00fchtai ausgeschrieben! Gleich 17 RCO\u00b4ler trafen sich&nbsp;[\u2026]<\/p>\n","protected":false},"author":30,"featured_media":0,"comment_status":"open","ping_status":"closed","sticky":false,"template":"","format":"standard","meta":{"wp_typography_post_enhancements_disabled":false},"categories":[1],"tags":[],"_links":{"self":[{"href":"https:\/\/sv-oberperfuss.at\/rad\/wp-json\/wp\/v2\/posts\/6213"}],"collection":[{"href":"https:\/\/sv-oberperfuss.at\/rad\/wp-json\/wp\/v2\/posts"}],"about":[{"href":"https:\/\/sv-oberperfuss.at\/rad\/wp-json\/wp\/v2\/types\/post"}],"author":[{"embeddable":true,"href":"https:\/\/sv-oberperfuss.at\/rad\/wp-json\/wp\/v2\/users\/30"}],"replies":[{"embeddable":true,"href":"https:\/\/sv-oberperfuss.at\/rad\/wp-json\/wp\/v2\/comments?post=6213"}],"version-history":[{"count":5,"href":"https:\/\/sv-oberperfuss.at\/rad\/wp-json\/wp\/v2\/posts\/6213\/revisions"}],"predecessor-version":[{"id":6230,"href":"https:\/\/sv-oberperfuss.at\/rad\/wp-json\/wp\/v2\/posts\/6213\/revisions\/6230"}],"wp:attachment":[{"href":"https:\/\/sv-oberperfuss.at\/rad\/wp-json\/wp\/v2\/media?parent=6213"}],"wp:term":[{"taxonomy":"category","embeddable":true,"href":"https:\/\/sv-oberperfuss.at\/rad\/wp-json\/wp\/v2\/categories?post=6213"},{"taxonomy":"post_tag","embeddable":true,"href":"https:\/\/sv-oberperfuss.at\/rad\/wp-json\/wp\/v2\/tags?post=6213"}],"curies":[{"name":"wp","href":"https:\/\/api.w.org\/{rel}","templated":true}]}}