{"id":5492,"date":"2014-03-16T19:27:40","date_gmt":"2014-03-16T17:27:40","guid":{"rendered":"https:\/\/sv-oberperfuss.at\/rad\/?p=5492"},"modified":"2014-03-17T09:10:55","modified_gmt":"2014-03-17T07:10:55","slug":"wildsaustaffel-und-sella-rondo-und-der-rco-mitten-drin","status":"publish","type":"post","link":"https:\/\/sv-oberperfuss.at\/rad\/wildsaustaffel-und-sella-rondo-und-der-rco-mitten-drin\/","title":{"rendered":"Wildsaustaffel und Sella Rondo und der RCO mitten drin\u2026.."},"content":{"rendered":"<p>Die zwei wohl spektakul\u00e4rsten Skitourenrennen Nord- bzw. S\u00fcdtirols gingen an den vergangen beiden Wochenenden \u00fcber die&nbsp;B\u00fchne.<\/p>\n<p><b>9.M\u00e4rz \u2013 15. Intern. Sellraintaler Wildsaustaffel<\/b><\/p>\n<p>Insgesamt 38 \u201e4er \u2013 Staffeln\u201c stellten sich dem legend\u00e4ren sowie auch gleicherma\u00dfen spektakul\u00e4ren Wettbewerb, in dem die Gesamtzeit von zwei Anstiegen und zwei Abfahrten auf bzw. von der Lampsenspitz bzw. Zischgeles gewertet werden.&nbsp; Mit dabei, teils in verschiedenen Teams gestartet, viele Mitglieder vom Radclub Oberperfuss.<\/p>\n<p>Auch eine eigene <b>\u201eRadclub Oberperfuss\u201c Staffel<\/b> mischte in der Klasse \u201eHerren \u00fcber 180\u201c (Gesamtalter der 4 Teilnehmer) geh\u00f6rig mit. Die RCO\u00b4ler <b>Herburger Mario<\/b> (Lampsen \u201eauf\u201c), <b>Praxmarer Helli<\/b> (Zischgeles \u201eauf\u201c) sowie <b>Kofler Markus<\/b> (Lampsen \u201eab\u201c) und \u201eGast RCO\u00b4ler\u201c <b>Gschliesser Hubert<\/b> (aus Matrei a B.) sicherten sich in dieser Klasse den ausgezeichnete <b>3. Rang<\/b>!<\/p>\n<p>Bravo Burschen. Welche anderen RCO\u00b4ler bzw. Oberperfer bei diesem Saisonhighlight dabei waren, k\u00f6nnt ihr aus der Ergebnisliste entnehmen!<\/p>\n<p>Ergebnisse Wildsaustaffel 2014:<\/p>\n<p><a href=\"http:\/\/www.sportverein-sellrain.at\/index.php\/wildsaustaffel\/wildsau-ergebnis14\" target=\"_blank\">http:\/\/www.sportverein-sellrain.at\/index.php\/wildsaustaffel\/wildsau-ergebnis14<\/a><\/p>\n<p>&nbsp;<\/p>\n<p><b>14. M\u00e4rz \u2013 Sellarondo Skimarathon<\/b><\/p>\n<p>An die 1200 Teilnehmer (600 Teams aus ganz Europa) standen in einer sternenklaren Nacht in Canazei am Start zum Klassiker Sellaronda. Bei diesem Klassiker in Italien hatten die Teilnehmer 42 Kilometer und 2800 H\u00f6henmeter zu bew\u00e4ltigen.<\/p>\n<p>Der Namen kommt von einer weltbekannten \u201eSkipistenrunde\u201c, die \u00fcber die \u201eVier Passe\u201c im Sellagebiet f\u00fchrt.<\/p>\n<p>Schlussendlich kamen&nbsp; 473 Staffeln ins Ziel \u2013 mit dabei nat\u00fcrlich die RCO Staffel <b>\u201ePraxmarer\/Herburger\u201c<\/b> die den sehr guten <b>100. Gesamtrang<\/b> belegten. Aber auch <b>Wober Peter<\/b> war mit von der Partie. Mit seiner \u201ePartnerin\u201c <b>K\u00e4ferb\u00f6ck Simone<\/b> landeten die beiden auf <b>Platz 6 (!) <\/b>in der \u201cMixed Klasse\u201d (Gesamt 269).<\/p>\n<p>Auch ein andere Oberperfer \u2013 <b>Haller Bernhard<\/b>- konnte wieder ein Topergebnis einfahren. Mit seinem Partner Holzer Manfred erreichte er den <b>31. Gesamtrang.<\/b><\/p>\n<p>Ergebnisliste:<\/p>\n<p>&nbsp;<\/p>\n<p>Gesamt:&nbsp;&nbsp;&nbsp; <a href=\"http:\/\/www.askimo.at\/verband\/files\/2014\/03\/Ergebnisliste-Sellaronda-14.3.2014.pdf\" target=\"_blank\">http:\/\/www.askimo.at\/verband\/files\/2014\/03\/Ergebnisliste-Sellaronda-14.3.2014.pdf<\/a><\/p>\n<p>Herren:&nbsp; <a href=\"https:\/\/sv-oberperfuss.at\/rad\/files\/2014\/03\/Sella-Rondo-Herren-m-Zeiten.pdf\" target=\"_blank\">Sella-Rondo-Herren-mit-Zeiten.pdf<\/a><\/p>\n<p>Mixed:&nbsp;<a href=\"https:\/\/sv-oberperfuss.at\/rad\/files\/2014\/03\/Sella-Rondo-Mixed-mit-Zeiten.pdf\" target=\"_blank\">Sella-Rondo-Mixed-mit-Zeiten.pdf<\/a><\/p>\n<p>&nbsp;<\/p>\n<p><b>15. M\u00e4rz \u2013 18. Tourenrennen auf den Glungezer<\/b><\/p>\n<p>Ein Rennen wo er fast immer dabei ist, ist das Skitourenrennen auf den Glungezer. Die Rede ist von <b>Riegler Hans.<\/b><\/p>\n<p>In der Klasse M50 belegte Hans den sehr guten <b>4. Rang<\/b> \u2013 Klassensieger wurde ein weiterer Oberperfer \u2013 <b>Reinhard Hurth<\/b>!<\/p>\n<p>Den Tagessieg holte sich Obendorfer Richard!<\/p>\n<p>Der RCO gratuliert nat\u00fcrlich beiden Oberperfern!<\/p>\n<p>Ergebnisliste: <a href=\"https:\/\/sv-oberperfuss.at\/rad\/files\/2014\/03\/erg_Tourenrennen-2014.pdf\" target=\"_blank\">Glungezer_Tourenrennen-2014.pdf<\/a><\/p>\n<p>&nbsp;<\/p>\n","protected":false},"excerpt":{"rendered":"<p>Die zwei wohl spektakul\u00e4rsten Skitourenrennen Nord- bzw. S\u00fcdtirols gingen an den vergangen beiden Wochenenden \u00fcber die&nbsp;B\u00fchne. 9.M\u00e4rz \u2013 15. Intern. Sellraintaler Wildsaustaffel Insgesamt 38 \u201e4er \u2013 Staffeln\u201c stellten sich dem legend\u00e4ren sowie auch gleicherma\u00dfen spektakul\u00e4ren Wettbewerb, in dem die Gesamtzeit von zwei Anstiegen und zwei Abfahrten auf bzw. von der Lampsenspitz bzw. Zischgeles gewertet werden.&nbsp;[\u2026]<\/p>\n","protected":false},"author":30,"featured_media":0,"comment_status":"open","ping_status":"closed","sticky":false,"template":"","format":"standard","meta":{"wp_typography_post_enhancements_disabled":false},"categories":[1],"tags":[],"_links":{"self":[{"href":"https:\/\/sv-oberperfuss.at\/rad\/wp-json\/wp\/v2\/posts\/5492"}],"collection":[{"href":"https:\/\/sv-oberperfuss.at\/rad\/wp-json\/wp\/v2\/posts"}],"about":[{"href":"https:\/\/sv-oberperfuss.at\/rad\/wp-json\/wp\/v2\/types\/post"}],"author":[{"embeddable":true,"href":"https:\/\/sv-oberperfuss.at\/rad\/wp-json\/wp\/v2\/users\/30"}],"replies":[{"embeddable":true,"href":"https:\/\/sv-oberperfuss.at\/rad\/wp-json\/wp\/v2\/comments?post=5492"}],"version-history":[{"count":13,"href":"https:\/\/sv-oberperfuss.at\/rad\/wp-json\/wp\/v2\/posts\/5492\/revisions"}],"predecessor-version":[{"id":5511,"href":"https:\/\/sv-oberperfuss.at\/rad\/wp-json\/wp\/v2\/posts\/5492\/revisions\/5511"}],"wp:attachment":[{"href":"https:\/\/sv-oberperfuss.at\/rad\/wp-json\/wp\/v2\/media?parent=5492"}],"wp:term":[{"taxonomy":"category","embeddable":true,"href":"https:\/\/sv-oberperfuss.at\/rad\/wp-json\/wp\/v2\/categories?post=5492"},{"taxonomy":"post_tag","embeddable":true,"href":"https:\/\/sv-oberperfuss.at\/rad\/wp-json\/wp\/v2\/tags?post=5492"}],"curies":[{"name":"wp","href":"https:\/\/api.w.org\/{rel}","templated":true}]}}