{"id":5201,"date":"2013-11-03T21:02:57","date_gmt":"2013-11-03T19:02:57","guid":{"rendered":"https:\/\/sv-oberperfuss.at\/rad\/?p=5201"},"modified":"2013-11-05T18:57:45","modified_gmt":"2013-11-05T16:57:45","slug":"rco-kuert-vereinsmeister-im-rahmen-der-jahreshauptversammlung","status":"publish","type":"post","link":"https:\/\/sv-oberperfuss.at\/rad\/rco-kuert-vereinsmeister-im-rahmen-der-jahreshauptversammlung\/","title":{"rendered":"RCO k\u00fcrt Vereinsmeister im Rahmen der Jahreshauptversammlung"},"content":{"rendered":"<p>Mittlerweile schon traditionell veranstaltete der Radclub seine ordentliche Jahreshauptversammlung Ende Oktober, auch traditionell wird bei dieser Schlussveranstaltung der allj\u00e4hrliche \u201eRCO Vereinsmeistertitel\u201c &nbsp;verliehen. Und weiter traditionell derjenige, der sich diesen Titel wieder abholte. PRAXMARER Helmut bew\u00e4ltigte die am 16.Aug.2013 veranstaltete Stiglreithtrophy ganz klar als Vereinsschnellster &nbsp;und kann sich daher auch verdient \u201eRCO Vereinsmeister 2013\u201c nennen. Auf den Pl\u00e4tzen dahinter, folgten Peter Wober und Hufnagl Gerhard.<\/p>\n<p>Gratulation nochmals an die oben Genannten!!<\/p>\n<p>\u2026aber sch\u00f6n der Reihe&nbsp;nach\u2026<\/p>\n<p>Der RCO lud und die Mitglieder kamen in Scharen!<\/p>\n<p>Bis auf den letzten Platz gef\u00fcllt waren die R\u00e4umlichkeiten bei unserem Sponsor Restaurant Klei\u00dfl, trotzdem, dass sich Einige entschuldigt haben!<\/p>\n<p>Obmann Gritsch Othmar durfte neben den zahlreichen Radsportlern unsere sportliche Fr. B\u00fcrgermeister Mag. Obojes- Rubatscher Johanna und seitens des Gesamtsportvereines Manfred Nussbaumer begr\u00fc\u00dfen.&nbsp; Nat\u00fcrlich freut es einen Verein, wenn sich die Mitgliederzahl stetig erh\u00f6ht. So war es f\u00fcr Othmar auch eine Freude, die zahlreichen \u201eNeuen\u201c bei uns im Verein willkommen zu hei\u00dfen!<\/p>\n<p>Der Obmann f\u00fchrte in Folge auch durch den Abend: Einen ausf\u00fchrlichen Jahresr\u00fcckblick \u00fcber unsere Aktivit\u00e4ten und die tollen&nbsp;Erfolge der Renngruppe um Praxmarer\/Hufnagl\/Herburger&nbsp; folgte einen Ausblick \u00fcber Geplantes in der Saison 2014. Die \u201e Mallorca-Trainingsreise\u201c oder auch&nbsp; gemeinsam koordinierte Ausfahrten der Rennrad- und Bike Abteilungen sind nur ein kurzer Auszug\u2026<\/p>\n<p>Apropos Biker: auch diese haben beim &nbsp;RCO Platz; den Bericht der Gruppe \u201eMountainbike\u201c pr\u00e4sentierte deren Organisator und Obmann Stellvertreter \u2014 Prantner Manfred.<\/p>\n<p>Der H\u00f6hepunkt im ersten, offiziellen Teil war dann die oben erw\u00e4hnte Preisverleihung.<\/p>\n<p>Den zweiten, nicht mehr so formellen Teil, bildete der R\u00fcckblick auf das Vereinsgeschehen in Form einer Photopr\u00e4sentation. Auch der zweite Abschnitt hatte seinen H\u00f6hepunkt \u2013 unser &nbsp;Cyclingspezialist &nbsp;f\u00fcrs Extreme, Manfred Kuen, pr\u00e4sentierte seinen brandneuen &nbsp;2013er Film, der allen Anwesenden viele sch\u00f6ne Bilder, aber auch hautnah seine M\u00fchen und auch seine Leiden beim RATA (Race Across &nbsp;the Alps) bzw. beim 24 Stundenrennen in Grieskirchen vermitteln konnte.<\/p>\n<p>Trotz des dichten Programmes blieb am Ende noch Zeit um sich \u201eAuszutauschen\u201c bzw. sich &nbsp;in \u201eFachgespr\u00e4chen\u201c \u00fcber &nbsp;\u201eneues Material\u201c &nbsp;oder auch \u00fcber&nbsp;\u201cnoch nicht gefahrene&nbsp;Touren\u201d zu unterhalten.<\/p>\n<p>Auf diesen Beitrag hin geht auch der Berichterstatter nach 35 Saisonberichten &nbsp;auf dieser Plattform in den Winterschlaf.<\/p>\n<p>Der RCO w\u00fcnscht noch allen Lesern einen sch\u00f6nen, sportlichen Herbst bzw. eigentlich Winter. Wir melden uns sp\u00e4testens bei den ersten Tourenskirennen wieder zu Wort, wo sicher einige RCO Mitglieder kr\u00e4ftig in der Szene mitmischen werden!<\/p>\n<p>Ergebnis Vereinsmeisterschaft 2013:<\/p>\n<p>&nbsp;<\/p>\n<table width=\"309\" border=\"0\" cellspacing=\"0\" cellpadding=\"0\">\n<col width=\"117\">\n<col width=\"130\">\n<col width=\"62\">\n<tbody>\n<tr>\n<td width=\"117\" height=\"20\">Vereinsmeister<\/td>\n<td width=\"130\">Praxmarer Helli<\/td>\n<td width=\"62\">23:47,80<\/td>\n<\/tr>\n<tr>\n<td height=\"20\"><\/td>\n<td>Wober Peter<\/td>\n<td>25:21,36<\/td>\n<\/tr>\n<tr>\n<td height=\"20\"><\/td>\n<td>Hufnagl Gerhard<\/td>\n<td>25:29,18<\/td>\n<\/tr>\n<tr>\n<td height=\"20\"><\/td>\n<td>Riegler Hans<\/td>\n<td>25:29,72<\/td>\n<\/tr>\n<tr>\n<td height=\"20\"><\/td>\n<td>Herburger Mario<\/td>\n<td>26:32,26<\/td>\n<\/tr>\n<tr>\n<td height=\"20\"><\/td>\n<td>Kofler Bernhard<\/td>\n<td>27:46,97<\/td>\n<\/tr>\n<tr>\n<td height=\"20\"><\/td>\n<td>Konrader Dieter<\/td>\n<td>28:08,86<\/td>\n<\/tr>\n<tr>\n<td height=\"20\"><\/td>\n<td>Lorenz Horst<\/td>\n<td>28:16,81<\/td>\n<\/tr>\n<tr>\n<td height=\"20\"><\/td>\n<td>Brida Anton<\/td>\n<td>28:47,07<\/td>\n<\/tr>\n<tr>\n<td height=\"20\"><\/td>\n<td>Triendl Gerhard<\/td>\n<td>30:16,74<\/td>\n<\/tr>\n<tr>\n<td height=\"20\"><\/td>\n<td>Brantner Thomas<\/td>\n<td>30:29,06<\/td>\n<\/tr>\n<tr>\n<td height=\"20\"><\/td>\n<td>Kofler Markus<\/td>\n<td>31:06,93<\/td>\n<\/tr>\n<tr>\n<td height=\"20\"><\/td>\n<td>Triendl Hubert<\/td>\n<td>31:18,69<\/td>\n<\/tr>\n<tr>\n<td height=\"20\"><\/td>\n<td>Schmidinger Bernd<\/td>\n<td>31:51,31<\/td>\n<\/tr>\n<tr>\n<td height=\"20\"><\/td>\n<td>Senfter Franz<\/td>\n<td>34:49,10<\/td>\n<\/tr>\n<tr>\n<td height=\"20\"><\/td>\n<td>Schober Sepp<\/td>\n<td>35:02,57<\/td>\n<\/tr>\n<\/tbody>\n<\/table>\n\n\t\t<style type=\"text\/css\">\n\t\t\t#gallery-1 {\n\t\t\t\tmargin: auto;\n\t\t\t}\n\t\t\t#gallery-1 .gallery-item {\n\t\t\t\tfloat: left;\n\t\t\t\tmargin-top: 10px;\n\t\t\t\ttext-align: center;\n\t\t\t\twidth: 25%;\n\t\t\t}\n\t\t\t#gallery-1 img {\n\t\t\t\tborder: 2px solid #cfcfcf;\n\t\t\t}\n\t\t\t#gallery-1 .gallery-caption {\n\t\t\t\tmargin-left: 0;\n\t\t\t}\n\t\t\t\/* see gallery_shortcode() in wp-includes\/media.php *\/\n\t\t<\/style>\n\t\t<div id=\"gallery-1\" class=\"gallery galleryid-5201 gallery-columns-4 gallery-size-thumbnail\"><dl class=\"gallery-item\">\n\t\t\t<dt class=\"gallery-icon landscape\">\n\t\t\t\t<a href=\"https:\/\/sv-oberperfuss.at\/rad\/files\/2013\/11\/DSC05981.jpg\"><img width=\"150\" height=\"150\" src=\"https:\/\/sv-oberperfuss.at\/rad\/files\/2013\/11\/DSC05981-150x150.jpg\" class=\"attachment-thumbnail size-thumbnail\" alt loading=\"lazy\"><\/a>\n\t\t\t<\/dt><\/dl><dl class=\"gallery-item\">\n\t\t\t<dt class=\"gallery-icon landscape\">\n\t\t\t\t<a href=\"https:\/\/sv-oberperfuss.at\/rad\/files\/2013\/11\/DSC05982.jpg\"><img width=\"150\" height=\"150\" src=\"https:\/\/sv-oberperfuss.at\/rad\/files\/2013\/11\/DSC05982-150x150.jpg\" class=\"attachment-thumbnail size-thumbnail\" alt loading=\"lazy\"><\/a>\n\t\t\t<\/dt><\/dl><dl class=\"gallery-item\">\n\t\t\t<dt class=\"gallery-icon landscape\">\n\t\t\t\t<a href=\"https:\/\/sv-oberperfuss.at\/rad\/files\/2013\/11\/DSC05983.jpg\"><img width=\"150\" height=\"150\" src=\"https:\/\/sv-oberperfuss.at\/rad\/files\/2013\/11\/DSC05983-150x150.jpg\" class=\"attachment-thumbnail size-thumbnail\" alt loading=\"lazy\"><\/a>\n\t\t\t<\/dt><\/dl><dl class=\"gallery-item\">\n\t\t\t<dt class=\"gallery-icon landscape\">\n\t\t\t\t<a href=\"https:\/\/sv-oberperfuss.at\/rad\/files\/2013\/11\/DSC05994.jpg\"><img width=\"150\" height=\"150\" src=\"https:\/\/sv-oberperfuss.at\/rad\/files\/2013\/11\/DSC05994-150x150.jpg\" class=\"attachment-thumbnail size-thumbnail\" alt loading=\"lazy\"><\/a>\n\t\t\t<\/dt><\/dl><br style=\"clear: both\"><dl class=\"gallery-item\">\n\t\t\t<dt class=\"gallery-icon landscape\">\n\t\t\t\t<a href=\"https:\/\/sv-oberperfuss.at\/rad\/files\/2013\/11\/DSC05993.jpg\"><img width=\"150\" height=\"150\" src=\"https:\/\/sv-oberperfuss.at\/rad\/files\/2013\/11\/DSC05993-150x150.jpg\" class=\"attachment-thumbnail size-thumbnail\" alt loading=\"lazy\"><\/a>\n\t\t\t<\/dt><\/dl><dl class=\"gallery-item\">\n\t\t\t<dt class=\"gallery-icon landscape\">\n\t\t\t\t<a href=\"https:\/\/sv-oberperfuss.at\/rad\/files\/2013\/11\/DSC05991.jpg\"><img width=\"150\" height=\"150\" src=\"https:\/\/sv-oberperfuss.at\/rad\/files\/2013\/11\/DSC05991-150x150.jpg\" class=\"attachment-thumbnail size-thumbnail\" alt loading=\"lazy\"><\/a>\n\t\t\t<\/dt><\/dl><dl class=\"gallery-item\">\n\t\t\t<dt class=\"gallery-icon landscape\">\n\t\t\t\t<a href=\"https:\/\/sv-oberperfuss.at\/rad\/files\/2013\/11\/DSC05987.jpg\"><img width=\"150\" height=\"150\" src=\"https:\/\/sv-oberperfuss.at\/rad\/files\/2013\/11\/DSC05987-150x150.jpg\" class=\"attachment-thumbnail size-thumbnail\" alt loading=\"lazy\"><\/a>\n\t\t\t<\/dt><\/dl><dl class=\"gallery-item\">\n\t\t\t<dt class=\"gallery-icon landscape\">\n\t\t\t\t<a href=\"https:\/\/sv-oberperfuss.at\/rad\/files\/2013\/11\/DSC05990.jpg\"><img width=\"150\" height=\"150\" src=\"https:\/\/sv-oberperfuss.at\/rad\/files\/2013\/11\/DSC05990-150x150.jpg\" class=\"attachment-thumbnail size-thumbnail\" alt loading=\"lazy\"><\/a>\n\t\t\t<\/dt><\/dl><br style=\"clear: both\"><dl class=\"gallery-item\">\n\t\t\t<dt class=\"gallery-icon landscape\">\n\t\t\t\t<a href=\"https:\/\/sv-oberperfuss.at\/rad\/files\/2013\/11\/DSC05985.jpg\"><img width=\"150\" height=\"150\" src=\"https:\/\/sv-oberperfuss.at\/rad\/files\/2013\/11\/DSC05985-150x150.jpg\" class=\"attachment-thumbnail size-thumbnail\" alt loading=\"lazy\"><\/a>\n\t\t\t<\/dt><\/dl><dl class=\"gallery-item\">\n\t\t\t<dt class=\"gallery-icon landscape\">\n\t\t\t\t<a href=\"https:\/\/sv-oberperfuss.at\/rad\/files\/2013\/11\/DSC06002.jpg\"><img width=\"150\" height=\"150\" src=\"https:\/\/sv-oberperfuss.at\/rad\/files\/2013\/11\/DSC06002-150x150.jpg\" class=\"attachment-thumbnail size-thumbnail\" alt loading=\"lazy\"><\/a>\n\t\t\t<\/dt><\/dl><dl class=\"gallery-item\">\n\t\t\t<dt class=\"gallery-icon landscape\">\n\t\t\t\t<a href=\"https:\/\/sv-oberperfuss.at\/rad\/files\/2013\/11\/DSC05999.jpg\"><img width=\"150\" height=\"150\" src=\"https:\/\/sv-oberperfuss.at\/rad\/files\/2013\/11\/DSC05999-150x150.jpg\" class=\"attachment-thumbnail size-thumbnail\" alt loading=\"lazy\"><\/a>\n\t\t\t<\/dt><\/dl><dl class=\"gallery-item\">\n\t\t\t<dt class=\"gallery-icon landscape\">\n\t\t\t\t<a href=\"https:\/\/sv-oberperfuss.at\/rad\/files\/2013\/11\/DSC06000.jpg\"><img width=\"150\" height=\"150\" src=\"https:\/\/sv-oberperfuss.at\/rad\/files\/2013\/11\/DSC06000-150x150.jpg\" class=\"attachment-thumbnail size-thumbnail\" alt loading=\"lazy\"><\/a>\n\t\t\t<\/dt><\/dl><br style=\"clear: both\"><dl class=\"gallery-item\">\n\t\t\t<dt class=\"gallery-icon landscape\">\n\t\t\t\t<a href=\"https:\/\/sv-oberperfuss.at\/rad\/files\/2013\/11\/DSC06005.jpg\"><img width=\"150\" height=\"150\" src=\"https:\/\/sv-oberperfuss.at\/rad\/files\/2013\/11\/DSC06005-150x150.jpg\" class=\"attachment-thumbnail size-thumbnail\" alt loading=\"lazy\"><\/a>\n\t\t\t<\/dt><\/dl><dl class=\"gallery-item\">\n\t\t\t<dt class=\"gallery-icon landscape\">\n\t\t\t\t<a href=\"https:\/\/sv-oberperfuss.at\/rad\/files\/2013\/11\/DSC06004.jpg\"><img width=\"150\" height=\"150\" src=\"https:\/\/sv-oberperfuss.at\/rad\/files\/2013\/11\/DSC06004-150x150.jpg\" class=\"attachment-thumbnail size-thumbnail\" alt loading=\"lazy\"><\/a>\n\t\t\t<\/dt><\/dl><dl class=\"gallery-item\">\n\t\t\t<dt class=\"gallery-icon landscape\">\n\t\t\t\t<a href=\"https:\/\/sv-oberperfuss.at\/rad\/files\/2013\/11\/DSC06010.jpg\"><img width=\"150\" height=\"150\" src=\"https:\/\/sv-oberperfuss.at\/rad\/files\/2013\/11\/DSC06010-150x150.jpg\" class=\"attachment-thumbnail size-thumbnail\" alt loading=\"lazy\"><\/a>\n\t\t\t<\/dt><\/dl><dl class=\"gallery-item\">\n\t\t\t<dt class=\"gallery-icon landscape\">\n\t\t\t\t<a href=\"https:\/\/sv-oberperfuss.at\/rad\/files\/2013\/11\/DSC06013.jpg\"><img width=\"150\" height=\"150\" src=\"https:\/\/sv-oberperfuss.at\/rad\/files\/2013\/11\/DSC06013-150x150.jpg\" class=\"attachment-thumbnail size-thumbnail\" alt loading=\"lazy\"><\/a>\n\t\t\t<\/dt><\/dl><br style=\"clear: both\">\n\t\t<\/div>\n\n<p>&nbsp;<\/p>\n","protected":false},"excerpt":{"rendered":"<p>Mittlerweile schon traditionell veranstaltete der Radclub seine ordentliche Jahreshauptversammlung Ende Oktober, auch traditionell wird bei dieser Schlussveranstaltung der allj\u00e4hrliche \u201eRCO Vereinsmeistertitel\u201c &nbsp;verliehen. Und weiter traditionell derjenige, der sich diesen Titel wieder abholte. PRAXMARER Helmut bew\u00e4ltigte die am 16.Aug.2013 veranstaltete Stiglreithtrophy ganz klar als Vereinsschnellster &nbsp;und kann sich daher auch verdient \u201eRCO Vereinsmeister 2013\u201c nennen. Auf&nbsp;[\u2026]<\/p>\n","protected":false},"author":30,"featured_media":0,"comment_status":"open","ping_status":"closed","sticky":false,"template":"","format":"standard","meta":{"wp_typography_post_enhancements_disabled":false},"categories":[1],"tags":[],"_links":{"self":[{"href":"https:\/\/sv-oberperfuss.at\/rad\/wp-json\/wp\/v2\/posts\/5201"}],"collection":[{"href":"https:\/\/sv-oberperfuss.at\/rad\/wp-json\/wp\/v2\/posts"}],"about":[{"href":"https:\/\/sv-oberperfuss.at\/rad\/wp-json\/wp\/v2\/types\/post"}],"author":[{"embeddable":true,"href":"https:\/\/sv-oberperfuss.at\/rad\/wp-json\/wp\/v2\/users\/30"}],"replies":[{"embeddable":true,"href":"https:\/\/sv-oberperfuss.at\/rad\/wp-json\/wp\/v2\/comments?post=5201"}],"version-history":[{"count":18,"href":"https:\/\/sv-oberperfuss.at\/rad\/wp-json\/wp\/v2\/posts\/5201\/revisions"}],"predecessor-version":[{"id":5236,"href":"https:\/\/sv-oberperfuss.at\/rad\/wp-json\/wp\/v2\/posts\/5201\/revisions\/5236"}],"wp:attachment":[{"href":"https:\/\/sv-oberperfuss.at\/rad\/wp-json\/wp\/v2\/media?parent=5201"}],"wp:term":[{"taxonomy":"category","embeddable":true,"href":"https:\/\/sv-oberperfuss.at\/rad\/wp-json\/wp\/v2\/categories?post=5201"},{"taxonomy":"post_tag","embeddable":true,"href":"https:\/\/sv-oberperfuss.at\/rad\/wp-json\/wp\/v2\/tags?post=5201"}],"curies":[{"name":"wp","href":"https:\/\/api.w.org\/{rel}","templated":true}]}}