{"id":5127,"date":"2013-09-17T19:31:08","date_gmt":"2013-09-17T17:31:08","guid":{"rendered":"https:\/\/sv-oberperfuss.at\/rad\/?p=5127"},"modified":"2013-09-17T19:35:44","modified_gmt":"2013-09-17T17:35:44","slug":"einladung-zur-saisonabschlussfahrt-der-biker","status":"publish","type":"post","link":"https:\/\/sv-oberperfuss.at\/rad\/einladung-zur-saisonabschlussfahrt-der-biker\/","title":{"rendered":"Einladung zur Saisonabschlussfahrt der&nbsp;Biker"},"content":{"rendered":"<p>Die Temperaturen sinken und die Tage werden k\u00fcrzen, somit neigt sich die heurige Radsaison dem Ende. Mit der, f\u00fcr kommendes Wochenende geplanten Abschlusstour setzten die Biker noch ein Zeichen des letzten Aufb\u00e4umens in der heurigen Saison. Das diesj\u00e4hrige Ziel liegt in Bayern und lautet Kochelsee.<\/p>\n<p>Wir treffen uns mit unseren Drahteseln am Samstag, den 21.09.2013, um 06.50 Uhr beim Bahnhof in Kematen. Von dort reisen wir mit dem Zug nach Kufstein, wo wir auf zwei R\u00e4der umsteigen. Dann geht es Richtung Thiersee-Landl. Kurz nach der deutsch-\u00f6sterreichischen Grenze folgen wir einem sch\u00f6nen Forstweg nach Rottach-Egern am Tegernsee. Hier w\u00e4re eine Mittagspause eingeplant. Gut gest\u00e4rkt geht es dann weiter nach Badwiessee und Bad-T\u00f6lz. In der Thermenstadt angelangt, haben wir uns ein \u201cK\u00e4nnchen Kaffee\u201d verdient. Anschlie\u00dfend f\u00fchrt uns die Tour weiter nach Bad Heilbrunn, Bichl und Benediktbeuern zum Etappenziel, dem Kochelsee. Gen\u00e4chtigt wird in der Ortschaft Kochel am See. Den ersten Radtag lassen wir mit Bier und Wei\u00dfwurst beim dortigen Oktoberfest des FC Kochel ausklingen! Am Sonntag starten wir nach einem reichhaltigen Fr\u00fchst\u00fcck um etwa 09.00 Uhr wieder Richtung Heimat. Und zwar zuerst zum Walchensee, den wir umrunden werden, und dann \u00fcber den Radweg weiter nach Mittenwald. Dort k\u00f6nnen wir bei einer Pause nochmals bayrische Spezialit\u00e4ten verkosten. Anschlie\u00dfend geht es \u00fcber Scharnitz, der Bodenalm, Seefeld, Auland, Leibling und dem Inntal wieder zur\u00fcck nach Oberperfuss.<\/p>\n<p>Auf dieser Strecke sind Samstag und Sonntag jeweils 90km und ca. 1.000Hm zu bew\u00e4ltigen. Auch heuer wieder ist f\u00fcr ein Begleitfahrzeug, das zugleich als Kleidertransport dient, gesorgt (Beladung erfolgt am Freitag abend!!!). Bei Interesse an dieser wundersch\u00f6nen Abschlussfahrt teilzunehmen, bitte sich wegen der Vorreservierungen der Zugkarten bis sp\u00e4testens Freitag Mittag bei Manni unter Telnr. 0664\/1636483 melden.\u2026danke!<\/p>\n<p>Auf eine tolle, teilnehmerreiche und unfallfreie letzte Bikeausfahrt 2013.\u2026.<\/p>\n<p>&nbsp;<\/p>\n","protected":false},"excerpt":{"rendered":"<p>Die Temperaturen sinken und die Tage werden k\u00fcrzen, somit neigt sich die heurige Radsaison dem Ende. Mit der, f\u00fcr kommendes Wochenende geplanten Abschlusstour setzten die Biker noch ein Zeichen des letzten Aufb\u00e4umens in der heurigen Saison. Das diesj\u00e4hrige Ziel liegt in Bayern und lautet Kochelsee. Wir treffen uns mit unseren Drahteseln am Samstag, den 21.09.2013, [\u2026]<\/p>\n","protected":false},"author":13,"featured_media":0,"comment_status":"open","ping_status":"closed","sticky":false,"template":"","format":"standard","meta":{"wp_typography_post_enhancements_disabled":false},"categories":[1],"tags":[],"_links":{"self":[{"href":"https:\/\/sv-oberperfuss.at\/rad\/wp-json\/wp\/v2\/posts\/5127"}],"collection":[{"href":"https:\/\/sv-oberperfuss.at\/rad\/wp-json\/wp\/v2\/posts"}],"about":[{"href":"https:\/\/sv-oberperfuss.at\/rad\/wp-json\/wp\/v2\/types\/post"}],"author":[{"embeddable":true,"href":"https:\/\/sv-oberperfuss.at\/rad\/wp-json\/wp\/v2\/users\/13"}],"replies":[{"embeddable":true,"href":"https:\/\/sv-oberperfuss.at\/rad\/wp-json\/wp\/v2\/comments?post=5127"}],"version-history":[{"count":6,"href":"https:\/\/sv-oberperfuss.at\/rad\/wp-json\/wp\/v2\/posts\/5127\/revisions"}],"predecessor-version":[{"id":5131,"href":"https:\/\/sv-oberperfuss.at\/rad\/wp-json\/wp\/v2\/posts\/5127\/revisions\/5131"}],"wp:attachment":[{"href":"https:\/\/sv-oberperfuss.at\/rad\/wp-json\/wp\/v2\/media?parent=5127"}],"wp:term":[{"taxonomy":"category","embeddable":true,"href":"https:\/\/sv-oberperfuss.at\/rad\/wp-json\/wp\/v2\/categories?post=5127"},{"taxonomy":"post_tag","embeddable":true,"href":"https:\/\/sv-oberperfuss.at\/rad\/wp-json\/wp\/v2\/tags?post=5127"}],"curies":[{"name":"wp","href":"https:\/\/api.w.org\/{rel}","templated":true}]}}