{"id":5101,"date":"2013-09-17T19:32:40","date_gmt":"2013-09-17T17:32:40","guid":{"rendered":"https:\/\/sv-oberperfuss.at\/rad\/?p=5101"},"modified":"2013-09-18T09:46:04","modified_gmt":"2013-09-18T07:46:04","slug":"rco-abschlussausfahrt-statt-landle-und-schwyz-bella-italya-am-gardasee","status":"publish","type":"post","link":"https:\/\/sv-oberperfuss.at\/rad\/rco-abschlussausfahrt-statt-landle-und-schwyz-bella-italya-am-gardasee\/","title":{"rendered":"RCO Abschlussausfahrt: Statt \u201eL\u00e4ndle\u201c und \u201eSchwyz\u201c \u2014 BELLA ITALIA am GARDASEE"},"content":{"rendered":"<p>Viel Vorbereitungszeit hat unser Abschlussplaner, Schmidinger Bernd, f\u00fcr die 2 Tage im L\u00e4ndle bzw. Schweiz investiert. Zu Beginn der Woche war auch noch die Wettervorhersage f\u00fcr\u00b4s Wochenende mehr als perfekt.<\/p>\n<p>Doch dann kam alles anders als geplant. Tag f\u00fcr Tag verschlechterte sich der Wetterbericht, am Freitag fiel dann kurzfristig die Entscheidung den Saisonabschluss in s\u00fcdlicheres Gefilde zu verlegen. V\u00f6llig unkompliziert wurde die Location im L\u00e4ndle storniert ;-), die erneute Hotelbuchung am Gardasee war dann nicht so einfach. Aber mit vereinten Kr\u00e4ften konnte dann Bernd ein mehr als akzeptables Hotel f\u00fcr die 11 Mitgereisten finden und auch buchen \u2013 mitten in Torbole \u2011zentral gelegen und somit ein idealer Ausgangspunkt f\u00fcr zwei tolle Touren, die unser Obmann Othmar noch in der Nacht zum Samstag kurzerhand ausgearbeitet hat!<\/p>\n<p>Der Samstag f\u00fchrte uns bei bestem Wetter in den n\u00f6rdlichen Bereich: <b>Riva, Arco, Tenno (-see)<\/b>, alles bekannte und sehr nette Orte, schlichtweg eine ideale Gegend f\u00fcr Rennradfahrer. \u00dcber zwei leichte P\u00e4sse (<b>Ballino und Duron<\/b>) rollten wir alle gemeinsam nach <b>Zuclo<\/b>, weiter auf einer l\u00e4ssigen, teils in die Felsen geschlagenen, Stra\u00dfe nach <b>Stenico<\/b> \u2013 dort Cafepause \u2013 weiter \u00fcber eine beeindruckende, canyonartige Schlucht bis nach<b> Sarche<\/b>. Von dort zur\u00fcck nach <b>Arco<\/b>. Irgendjemanden (wem auch immer) fiel dann ein, dass in Arco die M\u00f6glichkeit best\u00fcnde, einen \u201eAusschweifer\u201c nach <b>Santa Barbara<\/b> zu nehmen (anf\u00e4nglich gesch\u00e4tzt 600HM auf 9km-keiner wusste es genau). Einige folgten diesem Aufruf, schlussendlich waren es dann aber knapp 1100 HM auf 12 Kilometer, und gar nicht so wenig steil. Zufrieden waren dann aber alle, die Einen weil sie in Summe auf 2500HM und 120 Km kamen, die Anderen, weil sie neben ihren 100 Km gem\u00fctlich um einiges l\u00e4nger in einem Cafe am Ufer des Gardasee\u00b4s verbringen konnten.<\/p>\n<p>\u00dcber die abendlichen Aktivit\u00e4ten wurde Stillschweigen vereinbart, deshalb hier auch keine weiteren Ausf\u00fchrungen!<\/p>\n<p>Der Sonntag: vom Wetter her etwas tr\u00fcb , aber v\u00f6llig trocken rollten wir dem Ostufer entlang bis nach Torri. Von der Steigung her sehr angenehm, ging\u2019s (klarerweise mit einer Kaffeepause) von dort aufw\u00e4rts \u00fcber Albisano, bis auf das fast 1000 Meter hoch liegende D\u00f6rfchen Prada. Zur\u00fcck rollten wir&nbsp;\u00fcber eine andere Variante nach Castelle di Brenzone. Ab hier trennten wir uns \u201everkehrstechnisch\u201c auf, einige von uns konnten dann in \u201eHufnaglmanier\u201c druckvolles Renntempo bis zur\u00fcck nach Torbole \u201egenie\u00dfen\u201c. ;-). Die 100 Kilometer und gut 1000HM waren an diesem Tag f\u00fcr jeden gerade ideal!<\/p>\n<p>Aufgeschoben ist nicht aufgehoben! Einstimmig beschlossen wir die die Vorarlbergtour auf das n\u00e4chste Jahr zu verschieben.<\/p>\n<p>Aber die Entscheidung war richtig, das Wetter war im S\u00fcden einfach besser.<\/p>\n<p><span style=\"text-decoration: underline\">Bernd, DANKE f\u00fcr die Organisation<\/span>, die zwei Tage im S\u00fcden waren einfach toll und haben das Ziel einer Saisonabschlussfahrt voll erf\u00fcllt!<\/p>\n<p>Das RCO Vereinsgeschehen geht nun in die Herbstpause, nicht jedoch dessen einzelne Mitglieder, \u2026.die bereiten sich indes schon auf die Wintersaison vor, um wiederum im Fr\u00fchjahr vorbereitet auf\u00b4s Rad steigen zu k\u00f6nnen&nbsp;\u2026..&nbsp;<style type=\"text\/css\">\n\t\t\t#gallery-1 {\n\t\t\t\tmargin: auto;\n\t\t\t}\n\t\t\t#gallery-1 .gallery-item {\n\t\t\t\tfloat: left;\n\t\t\t\tmargin-top: 10px;\n\t\t\t\ttext-align: center;\n\t\t\t\twidth: 33%;\n\t\t\t}\n\t\t\t#gallery-1 img {\n\t\t\t\tborder: 2px solid #cfcfcf;\n\t\t\t}\n\t\t\t#gallery-1 .gallery-caption {\n\t\t\t\tmargin-left: 0;\n\t\t\t}\n\t\t\t\/* see gallery_shortcode() in wp-includes\/media.php *\/\n\t\t<\/style>\n\t\t<\/p><div id=\"gallery-1\" class=\"gallery galleryid-5101 gallery-columns-3 gallery-size-thumbnail\"><dl class=\"gallery-item\">\n\t\t\t<dt class=\"gallery-icon landscape\">\n\t\t\t\t<a href=\"https:\/\/sv-oberperfuss.at\/rad\/files\/2013\/09\/Saisonabschluss_Gardasee_20130914_1902_206-Kopie.jpg\"><img width=\"150\" height=\"150\" src=\"https:\/\/sv-oberperfuss.at\/rad\/files\/2013\/09\/Saisonabschluss_Gardasee_20130914_1902_206-Kopie-150x150.jpg\" class=\"attachment-thumbnail size-thumbnail\" alt loading=\"lazy\"><\/a>\n\t\t\t<\/dt><\/dl><dl class=\"gallery-item\">\n\t\t\t<dt class=\"gallery-icon landscape\">\n\t\t\t\t<a href=\"https:\/\/sv-oberperfuss.at\/rad\/files\/2013\/09\/Google_20130916_1016_001.jpg\"><img width=\"150\" height=\"150\" src=\"https:\/\/sv-oberperfuss.at\/rad\/files\/2013\/09\/Google_20130916_1016_001-150x150.jpg\" class=\"attachment-thumbnail size-thumbnail\" alt loading=\"lazy\"><\/a>\n\t\t\t<\/dt><\/dl><dl class=\"gallery-item\">\n\t\t\t<dt class=\"gallery-icon landscape\">\n\t\t\t\t<a href=\"https:\/\/sv-oberperfuss.at\/rad\/files\/2013\/09\/Saisonabschluss_Gardasee_20130914_0917_001.jpg\"><img width=\"150\" height=\"150\" src=\"https:\/\/sv-oberperfuss.at\/rad\/files\/2013\/09\/Saisonabschluss_Gardasee_20130914_0917_001-150x150.jpg\" class=\"attachment-thumbnail size-thumbnail\" alt loading=\"lazy\"><\/a>\n\t\t\t<\/dt><\/dl><br style=\"clear: both\"><dl class=\"gallery-item\">\n\t\t\t<dt class=\"gallery-icon landscape\">\n\t\t\t\t<a href=\"https:\/\/sv-oberperfuss.at\/rad\/files\/2013\/09\/Saisonabschluss_Gardasee_20130914_0954_007.jpg\"><img width=\"150\" height=\"150\" src=\"https:\/\/sv-oberperfuss.at\/rad\/files\/2013\/09\/Saisonabschluss_Gardasee_20130914_0954_007-150x150.jpg\" class=\"attachment-thumbnail size-thumbnail\" alt loading=\"lazy\"><\/a>\n\t\t\t<\/dt><\/dl><dl class=\"gallery-item\">\n\t\t\t<dt class=\"gallery-icon landscape\">\n\t\t\t\t<a href=\"https:\/\/sv-oberperfuss.at\/rad\/files\/2013\/09\/Saisonabschluss_Gardasee_20130914_0959_010.jpg\"><img width=\"150\" height=\"150\" src=\"https:\/\/sv-oberperfuss.at\/rad\/files\/2013\/09\/Saisonabschluss_Gardasee_20130914_0959_010-150x150.jpg\" class=\"attachment-thumbnail size-thumbnail\" alt loading=\"lazy\"><\/a>\n\t\t\t<\/dt><\/dl><dl class=\"gallery-item\">\n\t\t\t<dt class=\"gallery-icon landscape\">\n\t\t\t\t<a href=\"https:\/\/sv-oberperfuss.at\/rad\/files\/2013\/09\/Saisonabschluss_Gardasee_20130914_1002_012.jpg\"><img width=\"150\" height=\"150\" src=\"https:\/\/sv-oberperfuss.at\/rad\/files\/2013\/09\/Saisonabschluss_Gardasee_20130914_1002_012-150x150.jpg\" class=\"attachment-thumbnail size-thumbnail\" alt loading=\"lazy\"><\/a>\n\t\t\t<\/dt><\/dl><br style=\"clear: both\"><dl class=\"gallery-item\">\n\t\t\t<dt class=\"gallery-icon landscape\">\n\t\t\t\t<a href=\"https:\/\/sv-oberperfuss.at\/rad\/files\/2013\/09\/Saisonabschluss_Gardasee_20130914_1003_017.jpg\"><img width=\"150\" height=\"150\" src=\"https:\/\/sv-oberperfuss.at\/rad\/files\/2013\/09\/Saisonabschluss_Gardasee_20130914_1003_017-150x150.jpg\" class=\"attachment-thumbnail size-thumbnail\" alt loading=\"lazy\"><\/a>\n\t\t\t<\/dt><\/dl><dl class=\"gallery-item\">\n\t\t\t<dt class=\"gallery-icon landscape\">\n\t\t\t\t<a href=\"https:\/\/sv-oberperfuss.at\/rad\/files\/2013\/09\/Saisonabschluss_Gardasee_20130914_1003_019.jpg\"><img width=\"150\" height=\"150\" src=\"https:\/\/sv-oberperfuss.at\/rad\/files\/2013\/09\/Saisonabschluss_Gardasee_20130914_1003_019-150x150.jpg\" class=\"attachment-thumbnail size-thumbnail\" alt loading=\"lazy\"><\/a>\n\t\t\t<\/dt><\/dl><dl class=\"gallery-item\">\n\t\t\t<dt class=\"gallery-icon landscape\">\n\t\t\t\t<a href=\"https:\/\/sv-oberperfuss.at\/rad\/files\/2013\/09\/Saisonabschluss_Gardasee_20130914_1003_022.jpg\"><img width=\"150\" height=\"150\" src=\"https:\/\/sv-oberperfuss.at\/rad\/files\/2013\/09\/Saisonabschluss_Gardasee_20130914_1003_022-150x150.jpg\" class=\"attachment-thumbnail size-thumbnail\" alt loading=\"lazy\"><\/a>\n\t\t\t<\/dt><\/dl><br style=\"clear: both\"><dl class=\"gallery-item\">\n\t\t\t<dt class=\"gallery-icon landscape\">\n\t\t\t\t<a href=\"https:\/\/sv-oberperfuss.at\/rad\/files\/2013\/09\/Saisonabschluss_Gardasee_20130914_1004_023.jpg\"><img width=\"150\" height=\"150\" src=\"https:\/\/sv-oberperfuss.at\/rad\/files\/2013\/09\/Saisonabschluss_Gardasee_20130914_1004_023-150x150.jpg\" class=\"attachment-thumbnail size-thumbnail\" alt loading=\"lazy\"><\/a>\n\t\t\t<\/dt><\/dl><dl class=\"gallery-item\">\n\t\t\t<dt class=\"gallery-icon landscape\">\n\t\t\t\t<a href=\"https:\/\/sv-oberperfuss.at\/rad\/files\/2013\/09\/Saisonabschluss_Gardasee_20130914_1019_026.jpg\"><img width=\"150\" height=\"150\" src=\"https:\/\/sv-oberperfuss.at\/rad\/files\/2013\/09\/Saisonabschluss_Gardasee_20130914_1019_026-150x150.jpg\" class=\"attachment-thumbnail size-thumbnail\" alt loading=\"lazy\"><\/a>\n\t\t\t<\/dt><\/dl><dl class=\"gallery-item\">\n\t\t\t<dt class=\"gallery-icon landscape\">\n\t\t\t\t<a href=\"https:\/\/sv-oberperfuss.at\/rad\/files\/2013\/09\/Saisonabschluss_Gardasee_20130914_1020_029.jpg\"><img width=\"150\" height=\"150\" src=\"https:\/\/sv-oberperfuss.at\/rad\/files\/2013\/09\/Saisonabschluss_Gardasee_20130914_1020_029-150x150.jpg\" class=\"attachment-thumbnail size-thumbnail\" alt loading=\"lazy\"><\/a>\n\t\t\t<\/dt><\/dl><br style=\"clear: both\"><dl class=\"gallery-item\">\n\t\t\t<dt class=\"gallery-icon landscape\">\n\t\t\t\t<a href=\"https:\/\/sv-oberperfuss.at\/rad\/files\/2013\/09\/Saisonabschluss_Gardasee_20130914_1020_030.jpg\"><img width=\"150\" height=\"150\" src=\"https:\/\/sv-oberperfuss.at\/rad\/files\/2013\/09\/Saisonabschluss_Gardasee_20130914_1020_030-150x150.jpg\" class=\"attachment-thumbnail size-thumbnail\" alt loading=\"lazy\"><\/a>\n\t\t\t<\/dt><\/dl><dl class=\"gallery-item\">\n\t\t\t<dt class=\"gallery-icon landscape\">\n\t\t\t\t<a href=\"https:\/\/sv-oberperfuss.at\/rad\/files\/2013\/09\/Saisonabschluss_Gardasee_20130914_1020_031.jpg\"><img width=\"150\" height=\"150\" src=\"https:\/\/sv-oberperfuss.at\/rad\/files\/2013\/09\/Saisonabschluss_Gardasee_20130914_1020_031-150x150.jpg\" class=\"attachment-thumbnail size-thumbnail\" alt loading=\"lazy\"><\/a>\n\t\t\t<\/dt><\/dl><dl class=\"gallery-item\">\n\t\t\t<dt class=\"gallery-icon landscape\">\n\t\t\t\t<a href=\"https:\/\/sv-oberperfuss.at\/rad\/files\/2013\/09\/Saisonabschluss_Gardasee_20130914_1020_033.jpg\"><img width=\"150\" height=\"150\" src=\"https:\/\/sv-oberperfuss.at\/rad\/files\/2013\/09\/Saisonabschluss_Gardasee_20130914_1020_033-150x150.jpg\" class=\"attachment-thumbnail size-thumbnail\" alt loading=\"lazy\"><\/a>\n\t\t\t<\/dt><\/dl><br style=\"clear: both\"><dl class=\"gallery-item\">\n\t\t\t<dt class=\"gallery-icon landscape\">\n\t\t\t\t<a href=\"https:\/\/sv-oberperfuss.at\/rad\/files\/2013\/09\/Saisonabschluss_Gardasee_20130914_1024_034.jpg\"><img width=\"150\" height=\"150\" src=\"https:\/\/sv-oberperfuss.at\/rad\/files\/2013\/09\/Saisonabschluss_Gardasee_20130914_1024_034-150x150.jpg\" class=\"attachment-thumbnail size-thumbnail\" alt loading=\"lazy\"><\/a>\n\t\t\t<\/dt><\/dl><dl class=\"gallery-item\">\n\t\t\t<dt class=\"gallery-icon landscape\">\n\t\t\t\t<a href=\"https:\/\/sv-oberperfuss.at\/rad\/files\/2013\/09\/Saisonabschluss_Gardasee_20130914_1024_035.jpg\"><img width=\"150\" height=\"150\" src=\"https:\/\/sv-oberperfuss.at\/rad\/files\/2013\/09\/Saisonabschluss_Gardasee_20130914_1024_035-150x150.jpg\" class=\"attachment-thumbnail size-thumbnail\" alt loading=\"lazy\"><\/a>\n\t\t\t<\/dt><\/dl><dl class=\"gallery-item\">\n\t\t\t<dt class=\"gallery-icon landscape\">\n\t\t\t\t<a href=\"https:\/\/sv-oberperfuss.at\/rad\/files\/2013\/09\/Saisonabschluss_Gardasee_20130914_1024_036.jpg\"><img width=\"150\" height=\"150\" src=\"https:\/\/sv-oberperfuss.at\/rad\/files\/2013\/09\/Saisonabschluss_Gardasee_20130914_1024_036-150x150.jpg\" class=\"attachment-thumbnail size-thumbnail\" alt loading=\"lazy\"><\/a>\n\t\t\t<\/dt><\/dl><br style=\"clear: both\"><dl class=\"gallery-item\">\n\t\t\t<dt class=\"gallery-icon landscape\">\n\t\t\t\t<a href=\"https:\/\/sv-oberperfuss.at\/rad\/files\/2013\/09\/Saisonabschluss_Gardasee_20130914_1024_037.jpg\"><img width=\"150\" height=\"150\" src=\"https:\/\/sv-oberperfuss.at\/rad\/files\/2013\/09\/Saisonabschluss_Gardasee_20130914_1024_037-150x150.jpg\" class=\"attachment-thumbnail size-thumbnail\" alt loading=\"lazy\"><\/a>\n\t\t\t<\/dt><\/dl><dl class=\"gallery-item\">\n\t\t\t<dt class=\"gallery-icon landscape\">\n\t\t\t\t<a href=\"https:\/\/sv-oberperfuss.at\/rad\/files\/2013\/09\/Saisonabschluss_Gardasee_20130914_1024_038.jpg\"><img width=\"150\" height=\"150\" src=\"https:\/\/sv-oberperfuss.at\/rad\/files\/2013\/09\/Saisonabschluss_Gardasee_20130914_1024_038-150x150.jpg\" class=\"attachment-thumbnail size-thumbnail\" alt loading=\"lazy\"><\/a>\n\t\t\t<\/dt><\/dl><dl class=\"gallery-item\">\n\t\t\t<dt class=\"gallery-icon landscape\">\n\t\t\t\t<a href=\"https:\/\/sv-oberperfuss.at\/rad\/files\/2013\/09\/Saisonabschluss_Gardasee_20130914_1024_039.jpg\"><img width=\"150\" height=\"150\" src=\"https:\/\/sv-oberperfuss.at\/rad\/files\/2013\/09\/Saisonabschluss_Gardasee_20130914_1024_039-150x150.jpg\" class=\"attachment-thumbnail size-thumbnail\" alt loading=\"lazy\"><\/a>\n\t\t\t<\/dt><\/dl><br style=\"clear: both\"><dl class=\"gallery-item\">\n\t\t\t<dt class=\"gallery-icon landscape\">\n\t\t\t\t<a href=\"https:\/\/sv-oberperfuss.at\/rad\/files\/2013\/09\/Saisonabschluss_Gardasee_20130914_1024_041.jpg\"><img width=\"150\" height=\"150\" src=\"https:\/\/sv-oberperfuss.at\/rad\/files\/2013\/09\/Saisonabschluss_Gardasee_20130914_1024_041-150x150.jpg\" class=\"attachment-thumbnail size-thumbnail\" alt loading=\"lazy\"><\/a>\n\t\t\t<\/dt><\/dl><dl class=\"gallery-item\">\n\t\t\t<dt class=\"gallery-icon landscape\">\n\t\t\t\t<a href=\"https:\/\/sv-oberperfuss.at\/rad\/files\/2013\/09\/Saisonabschluss_Gardasee_20130914_1025_046.jpg\"><img width=\"150\" height=\"150\" src=\"https:\/\/sv-oberperfuss.at\/rad\/files\/2013\/09\/Saisonabschluss_Gardasee_20130914_1025_046-150x150.jpg\" class=\"attachment-thumbnail size-thumbnail\" alt loading=\"lazy\"><\/a>\n\t\t\t<\/dt><\/dl><dl class=\"gallery-item\">\n\t\t\t<dt class=\"gallery-icon landscape\">\n\t\t\t\t<a href=\"https:\/\/sv-oberperfuss.at\/rad\/files\/2013\/09\/Saisonabschluss_Gardasee_20130914_1025_047.jpg\"><img width=\"150\" height=\"150\" src=\"https:\/\/sv-oberperfuss.at\/rad\/files\/2013\/09\/Saisonabschluss_Gardasee_20130914_1025_047-150x150.jpg\" class=\"attachment-thumbnail size-thumbnail\" alt loading=\"lazy\"><\/a>\n\t\t\t<\/dt><\/dl><br style=\"clear: both\"><dl class=\"gallery-item\">\n\t\t\t<dt class=\"gallery-icon landscape\">\n\t\t\t\t<a href=\"https:\/\/sv-oberperfuss.at\/rad\/files\/2013\/09\/Saisonabschluss_Gardasee_20130914_1034_056.jpg\"><img width=\"150\" height=\"150\" src=\"https:\/\/sv-oberperfuss.at\/rad\/files\/2013\/09\/Saisonabschluss_Gardasee_20130914_1034_056-150x150.jpg\" class=\"attachment-thumbnail size-thumbnail\" alt loading=\"lazy\"><\/a>\n\t\t\t<\/dt><\/dl><dl class=\"gallery-item\">\n\t\t\t<dt class=\"gallery-icon landscape\">\n\t\t\t\t<a href=\"https:\/\/sv-oberperfuss.at\/rad\/files\/2013\/09\/Saisonabschluss_Gardasee_20130914_1034_058.jpg\"><img width=\"150\" height=\"150\" src=\"https:\/\/sv-oberperfuss.at\/rad\/files\/2013\/09\/Saisonabschluss_Gardasee_20130914_1034_058-150x150.jpg\" class=\"attachment-thumbnail size-thumbnail\" alt loading=\"lazy\"><\/a>\n\t\t\t<\/dt><\/dl><dl class=\"gallery-item\">\n\t\t\t<dt class=\"gallery-icon landscape\">\n\t\t\t\t<a href=\"https:\/\/sv-oberperfuss.at\/rad\/files\/2013\/09\/Saisonabschluss_Gardasee_20130914_1037_060.jpg\"><img width=\"150\" height=\"150\" src=\"https:\/\/sv-oberperfuss.at\/rad\/files\/2013\/09\/Saisonabschluss_Gardasee_20130914_1037_060-150x150.jpg\" class=\"attachment-thumbnail size-thumbnail\" alt loading=\"lazy\"><\/a>\n\t\t\t<\/dt><\/dl><br style=\"clear: both\"><dl class=\"gallery-item\">\n\t\t\t<dt class=\"gallery-icon landscape\">\n\t\t\t\t<a href=\"https:\/\/sv-oberperfuss.at\/rad\/files\/2013\/09\/Saisonabschluss_Gardasee_20130914_1038_062.jpg\"><img width=\"150\" height=\"150\" src=\"https:\/\/sv-oberperfuss.at\/rad\/files\/2013\/09\/Saisonabschluss_Gardasee_20130914_1038_062-150x150.jpg\" class=\"attachment-thumbnail size-thumbnail\" alt loading=\"lazy\"><\/a>\n\t\t\t<\/dt><\/dl><dl class=\"gallery-item\">\n\t\t\t<dt class=\"gallery-icon landscape\">\n\t\t\t\t<a href=\"https:\/\/sv-oberperfuss.at\/rad\/files\/2013\/09\/Saisonabschluss_Gardasee_20130914_1039_066.jpg\"><img width=\"150\" height=\"150\" src=\"https:\/\/sv-oberperfuss.at\/rad\/files\/2013\/09\/Saisonabschluss_Gardasee_20130914_1039_066-150x150.jpg\" class=\"attachment-thumbnail size-thumbnail\" alt loading=\"lazy\"><\/a>\n\t\t\t<\/dt><\/dl><dl class=\"gallery-item\">\n\t\t\t<dt class=\"gallery-icon landscape\">\n\t\t\t\t<a href=\"https:\/\/sv-oberperfuss.at\/rad\/files\/2013\/09\/Saisonabschluss_Gardasee_20130914_1040_069.jpg\"><img width=\"150\" height=\"150\" src=\"https:\/\/sv-oberperfuss.at\/rad\/files\/2013\/09\/Saisonabschluss_Gardasee_20130914_1040_069-150x150.jpg\" class=\"attachment-thumbnail size-thumbnail\" alt loading=\"lazy\"><\/a>\n\t\t\t<\/dt><\/dl><br style=\"clear: both\"><dl class=\"gallery-item\">\n\t\t\t<dt class=\"gallery-icon landscape\">\n\t\t\t\t<a href=\"https:\/\/sv-oberperfuss.at\/rad\/files\/2013\/09\/Saisonabschluss_Gardasee_20130914_1044_074.jpg\"><img width=\"150\" height=\"150\" src=\"https:\/\/sv-oberperfuss.at\/rad\/files\/2013\/09\/Saisonabschluss_Gardasee_20130914_1044_074-150x150.jpg\" class=\"attachment-thumbnail size-thumbnail\" alt loading=\"lazy\"><\/a>\n\t\t\t<\/dt><\/dl><dl class=\"gallery-item\">\n\t\t\t<dt class=\"gallery-icon landscape\">\n\t\t\t\t<a href=\"https:\/\/sv-oberperfuss.at\/rad\/files\/2013\/09\/Saisonabschluss_Gardasee_20130914_1044_076.jpg\"><img width=\"150\" height=\"150\" src=\"https:\/\/sv-oberperfuss.at\/rad\/files\/2013\/09\/Saisonabschluss_Gardasee_20130914_1044_076-150x150.jpg\" class=\"attachment-thumbnail size-thumbnail\" alt loading=\"lazy\"><\/a>\n\t\t\t<\/dt><\/dl><dl class=\"gallery-item\">\n\t\t\t<dt class=\"gallery-icon landscape\">\n\t\t\t\t<a href=\"https:\/\/sv-oberperfuss.at\/rad\/files\/2013\/09\/Saisonabschluss_Gardasee_20130914_1048_078.jpg\"><img width=\"150\" height=\"150\" src=\"https:\/\/sv-oberperfuss.at\/rad\/files\/2013\/09\/Saisonabschluss_Gardasee_20130914_1048_078-150x150.jpg\" class=\"attachment-thumbnail size-thumbnail\" alt loading=\"lazy\"><\/a>\n\t\t\t<\/dt><\/dl><br style=\"clear: both\"><dl class=\"gallery-item\">\n\t\t\t<dt class=\"gallery-icon landscape\">\n\t\t\t\t<a href=\"https:\/\/sv-oberperfuss.at\/rad\/files\/2013\/09\/Saisonabschluss_Gardasee_20130914_1056_083.jpg\"><img width=\"150\" height=\"150\" src=\"https:\/\/sv-oberperfuss.at\/rad\/files\/2013\/09\/Saisonabschluss_Gardasee_20130914_1056_083-150x150.jpg\" class=\"attachment-thumbnail size-thumbnail\" alt loading=\"lazy\"><\/a>\n\t\t\t<\/dt><\/dl><dl class=\"gallery-item\">\n\t\t\t<dt class=\"gallery-icon landscape\">\n\t\t\t\t<a href=\"https:\/\/sv-oberperfuss.at\/rad\/files\/2013\/09\/Saisonabschluss_Gardasee_20130914_1114_090.jpg\"><img width=\"150\" height=\"150\" src=\"https:\/\/sv-oberperfuss.at\/rad\/files\/2013\/09\/Saisonabschluss_Gardasee_20130914_1114_090-150x150.jpg\" class=\"attachment-thumbnail size-thumbnail\" alt loading=\"lazy\"><\/a>\n\t\t\t<\/dt><\/dl><dl class=\"gallery-item\">\n\t\t\t<dt class=\"gallery-icon landscape\">\n\t\t\t\t<a href=\"https:\/\/sv-oberperfuss.at\/rad\/files\/2013\/09\/Saisonabschluss_Gardasee_20130914_1132_095.jpg\"><img width=\"150\" height=\"150\" src=\"https:\/\/sv-oberperfuss.at\/rad\/files\/2013\/09\/Saisonabschluss_Gardasee_20130914_1132_095-150x150.jpg\" class=\"attachment-thumbnail size-thumbnail\" alt loading=\"lazy\"><\/a>\n\t\t\t<\/dt><\/dl><br style=\"clear: both\"><dl class=\"gallery-item\">\n\t\t\t<dt class=\"gallery-icon landscape\">\n\t\t\t\t<a href=\"https:\/\/sv-oberperfuss.at\/rad\/files\/2013\/09\/Saisonabschluss_Gardasee_20130914_1134_098.jpg\"><img width=\"150\" height=\"150\" src=\"https:\/\/sv-oberperfuss.at\/rad\/files\/2013\/09\/Saisonabschluss_Gardasee_20130914_1134_098-150x150.jpg\" class=\"attachment-thumbnail size-thumbnail\" alt loading=\"lazy\"><\/a>\n\t\t\t<\/dt><\/dl><dl class=\"gallery-item\">\n\t\t\t<dt class=\"gallery-icon landscape\">\n\t\t\t\t<a href=\"https:\/\/sv-oberperfuss.at\/rad\/files\/2013\/09\/Saisonabschluss_Gardasee_20130914_1134_099.jpg\"><img width=\"150\" height=\"150\" src=\"https:\/\/sv-oberperfuss.at\/rad\/files\/2013\/09\/Saisonabschluss_Gardasee_20130914_1134_099-150x150.jpg\" class=\"attachment-thumbnail size-thumbnail\" alt loading=\"lazy\"><\/a>\n\t\t\t<\/dt><\/dl><dl class=\"gallery-item\">\n\t\t\t<dt class=\"gallery-icon landscape\">\n\t\t\t\t<a href=\"https:\/\/sv-oberperfuss.at\/rad\/files\/2013\/09\/Saisonabschluss_Gardasee_20130914_1156_104.jpg\"><img width=\"150\" height=\"150\" src=\"https:\/\/sv-oberperfuss.at\/rad\/files\/2013\/09\/Saisonabschluss_Gardasee_20130914_1156_104-150x150.jpg\" class=\"attachment-thumbnail size-thumbnail\" alt loading=\"lazy\"><\/a>\n\t\t\t<\/dt><\/dl><br style=\"clear: both\"><dl class=\"gallery-item\">\n\t\t\t<dt class=\"gallery-icon landscape\">\n\t\t\t\t<a href=\"https:\/\/sv-oberperfuss.at\/rad\/files\/2013\/09\/Saisonabschluss_Gardasee_20130914_1222_106.jpg\"><img width=\"150\" height=\"150\" src=\"https:\/\/sv-oberperfuss.at\/rad\/files\/2013\/09\/Saisonabschluss_Gardasee_20130914_1222_106-150x150.jpg\" class=\"attachment-thumbnail size-thumbnail\" alt loading=\"lazy\"><\/a>\n\t\t\t<\/dt><\/dl><dl class=\"gallery-item\">\n\t\t\t<dt class=\"gallery-icon landscape\">\n\t\t\t\t<a href=\"https:\/\/sv-oberperfuss.at\/rad\/files\/2013\/09\/Saisonabschluss_Gardasee_20130914_1237_109.jpg\"><img width=\"150\" height=\"150\" src=\"https:\/\/sv-oberperfuss.at\/rad\/files\/2013\/09\/Saisonabschluss_Gardasee_20130914_1237_109-150x150.jpg\" class=\"attachment-thumbnail size-thumbnail\" alt loading=\"lazy\"><\/a>\n\t\t\t<\/dt><\/dl><dl class=\"gallery-item\">\n\t\t\t<dt class=\"gallery-icon landscape\">\n\t\t\t\t<a href=\"https:\/\/sv-oberperfuss.at\/rad\/files\/2013\/09\/Saisonabschluss_Gardasee_20130914_1244_111.jpg\"><img width=\"150\" height=\"150\" src=\"https:\/\/sv-oberperfuss.at\/rad\/files\/2013\/09\/Saisonabschluss_Gardasee_20130914_1244_111-150x150.jpg\" class=\"attachment-thumbnail size-thumbnail\" alt loading=\"lazy\"><\/a>\n\t\t\t<\/dt><\/dl><br style=\"clear: both\"><dl class=\"gallery-item\">\n\t\t\t<dt class=\"gallery-icon landscape\">\n\t\t\t\t<a href=\"https:\/\/sv-oberperfuss.at\/rad\/files\/2013\/09\/Saisonabschluss_Gardasee_20130914_1247_114.jpg\"><img width=\"150\" height=\"150\" src=\"https:\/\/sv-oberperfuss.at\/rad\/files\/2013\/09\/Saisonabschluss_Gardasee_20130914_1247_114-150x150.jpg\" class=\"attachment-thumbnail size-thumbnail\" alt loading=\"lazy\"><\/a>\n\t\t\t<\/dt><\/dl><dl class=\"gallery-item\">\n\t\t\t<dt class=\"gallery-icon landscape\">\n\t\t\t\t<a href=\"https:\/\/sv-oberperfuss.at\/rad\/files\/2013\/09\/Saisonabschluss_Gardasee_20130914_1252_116.jpg\"><img width=\"150\" height=\"150\" src=\"https:\/\/sv-oberperfuss.at\/rad\/files\/2013\/09\/Saisonabschluss_Gardasee_20130914_1252_116-150x150.jpg\" class=\"attachment-thumbnail size-thumbnail\" alt loading=\"lazy\"><\/a>\n\t\t\t<\/dt><\/dl><dl class=\"gallery-item\">\n\t\t\t<dt class=\"gallery-icon landscape\">\n\t\t\t\t<a href=\"https:\/\/sv-oberperfuss.at\/rad\/files\/2013\/09\/Saisonabschluss_Gardasee_20130914_1257_117.jpg\"><img width=\"150\" height=\"150\" src=\"https:\/\/sv-oberperfuss.at\/rad\/files\/2013\/09\/Saisonabschluss_Gardasee_20130914_1257_117-150x150.jpg\" class=\"attachment-thumbnail size-thumbnail\" alt loading=\"lazy\"><\/a>\n\t\t\t<\/dt><\/dl><br style=\"clear: both\"><dl class=\"gallery-item\">\n\t\t\t<dt class=\"gallery-icon portrait\">\n\t\t\t\t<a href=\"https:\/\/sv-oberperfuss.at\/rad\/files\/2013\/09\/Saisonabschluss_Gardasee_20130914_1258_125.jpg\"><img width=\"150\" height=\"150\" src=\"https:\/\/sv-oberperfuss.at\/rad\/files\/2013\/09\/Saisonabschluss_Gardasee_20130914_1258_125-150x150.jpg\" class=\"attachment-thumbnail size-thumbnail\" alt loading=\"lazy\"><\/a>\n\t\t\t<\/dt><\/dl><dl class=\"gallery-item\">\n\t\t\t<dt class=\"gallery-icon landscape\">\n\t\t\t\t<a href=\"https:\/\/sv-oberperfuss.at\/rad\/files\/2013\/09\/Saisonabschluss_Gardasee_20130914_1301_130.jpg\"><img width=\"150\" height=\"150\" src=\"https:\/\/sv-oberperfuss.at\/rad\/files\/2013\/09\/Saisonabschluss_Gardasee_20130914_1301_130-150x150.jpg\" class=\"attachment-thumbnail size-thumbnail\" alt loading=\"lazy\"><\/a>\n\t\t\t<\/dt><\/dl><dl class=\"gallery-item\">\n\t\t\t<dt class=\"gallery-icon landscape\">\n\t\t\t\t<a href=\"https:\/\/sv-oberperfuss.at\/rad\/files\/2013\/09\/Saisonabschluss_Gardasee_20130914_1305_135.jpg\"><img width=\"150\" height=\"150\" src=\"https:\/\/sv-oberperfuss.at\/rad\/files\/2013\/09\/Saisonabschluss_Gardasee_20130914_1305_135-150x150.jpg\" class=\"attachment-thumbnail size-thumbnail\" alt loading=\"lazy\"><\/a>\n\t\t\t<\/dt><\/dl><br style=\"clear: both\"><dl class=\"gallery-item\">\n\t\t\t<dt class=\"gallery-icon landscape\">\n\t\t\t\t<a href=\"https:\/\/sv-oberperfuss.at\/rad\/files\/2013\/09\/Saisonabschluss_Gardasee_20130914_1318_136.jpg\"><img width=\"150\" height=\"150\" src=\"https:\/\/sv-oberperfuss.at\/rad\/files\/2013\/09\/Saisonabschluss_Gardasee_20130914_1318_136-150x150.jpg\" class=\"attachment-thumbnail size-thumbnail\" alt loading=\"lazy\"><\/a>\n\t\t\t<\/dt><\/dl><dl class=\"gallery-item\">\n\t\t\t<dt class=\"gallery-icon landscape\">\n\t\t\t\t<a href=\"https:\/\/sv-oberperfuss.at\/rad\/files\/2013\/09\/Saisonabschluss_Gardasee_20130914_1319_138.jpg\"><img width=\"150\" height=\"150\" src=\"https:\/\/sv-oberperfuss.at\/rad\/files\/2013\/09\/Saisonabschluss_Gardasee_20130914_1319_138-150x150.jpg\" class=\"attachment-thumbnail size-thumbnail\" alt loading=\"lazy\"><\/a>\n\t\t\t<\/dt><\/dl><dl class=\"gallery-item\">\n\t\t\t<dt class=\"gallery-icon landscape\">\n\t\t\t\t<a href=\"https:\/\/sv-oberperfuss.at\/rad\/files\/2013\/09\/Saisonabschluss_Gardasee_20130914_1319_139.jpg\"><img width=\"150\" height=\"150\" src=\"https:\/\/sv-oberperfuss.at\/rad\/files\/2013\/09\/Saisonabschluss_Gardasee_20130914_1319_139-150x150.jpg\" class=\"attachment-thumbnail size-thumbnail\" alt loading=\"lazy\"><\/a>\n\t\t\t<\/dt><\/dl><br style=\"clear: both\"><dl class=\"gallery-item\">\n\t\t\t<dt class=\"gallery-icon portrait\">\n\t\t\t\t<a href=\"https:\/\/sv-oberperfuss.at\/rad\/files\/2013\/09\/Saisonabschluss_Gardasee_20130914_1347_142.jpg\"><img width=\"150\" height=\"150\" src=\"https:\/\/sv-oberperfuss.at\/rad\/files\/2013\/09\/Saisonabschluss_Gardasee_20130914_1347_142-150x150.jpg\" class=\"attachment-thumbnail size-thumbnail\" alt loading=\"lazy\"><\/a>\n\t\t\t<\/dt><\/dl><dl class=\"gallery-item\">\n\t\t\t<dt class=\"gallery-icon landscape\">\n\t\t\t\t<a href=\"https:\/\/sv-oberperfuss.at\/rad\/files\/2013\/09\/Saisonabschluss_Gardasee_20130914_1350_143.jpg\"><img width=\"150\" height=\"150\" src=\"https:\/\/sv-oberperfuss.at\/rad\/files\/2013\/09\/Saisonabschluss_Gardasee_20130914_1350_143-150x150.jpg\" class=\"attachment-thumbnail size-thumbnail\" alt loading=\"lazy\"><\/a>\n\t\t\t<\/dt><\/dl><dl class=\"gallery-item\">\n\t\t\t<dt class=\"gallery-icon landscape\">\n\t\t\t\t<a href=\"https:\/\/sv-oberperfuss.at\/rad\/files\/2013\/09\/Saisonabschluss_Gardasee_20130914_1414_146.jpg\"><img width=\"150\" height=\"150\" src=\"https:\/\/sv-oberperfuss.at\/rad\/files\/2013\/09\/Saisonabschluss_Gardasee_20130914_1414_146-150x150.jpg\" class=\"attachment-thumbnail size-thumbnail\" alt loading=\"lazy\"><\/a>\n\t\t\t<\/dt><\/dl><br style=\"clear: both\"><dl class=\"gallery-item\">\n\t\t\t<dt class=\"gallery-icon landscape\">\n\t\t\t\t<a href=\"https:\/\/sv-oberperfuss.at\/rad\/files\/2013\/09\/Saisonabschluss_Gardasee_20130914_1415_150.jpg\"><img width=\"150\" height=\"150\" src=\"https:\/\/sv-oberperfuss.at\/rad\/files\/2013\/09\/Saisonabschluss_Gardasee_20130914_1415_150-150x150.jpg\" class=\"attachment-thumbnail size-thumbnail\" alt loading=\"lazy\"><\/a>\n\t\t\t<\/dt><\/dl><dl class=\"gallery-item\">\n\t\t\t<dt class=\"gallery-icon landscape\">\n\t\t\t\t<a href=\"https:\/\/sv-oberperfuss.at\/rad\/files\/2013\/09\/Saisonabschluss_Gardasee_20130914_1416_152.jpg\"><img width=\"150\" height=\"150\" src=\"https:\/\/sv-oberperfuss.at\/rad\/files\/2013\/09\/Saisonabschluss_Gardasee_20130914_1416_152-150x150.jpg\" class=\"attachment-thumbnail size-thumbnail\" alt loading=\"lazy\"><\/a>\n\t\t\t<\/dt><\/dl><dl class=\"gallery-item\">\n\t\t\t<dt class=\"gallery-icon landscape\">\n\t\t\t\t<a href=\"https:\/\/sv-oberperfuss.at\/rad\/files\/2013\/09\/Saisonabschluss_Gardasee_20130914_1419_153.jpg\"><img width=\"150\" height=\"150\" src=\"https:\/\/sv-oberperfuss.at\/rad\/files\/2013\/09\/Saisonabschluss_Gardasee_20130914_1419_153-150x150.jpg\" class=\"attachment-thumbnail size-thumbnail\" alt loading=\"lazy\"><\/a>\n\t\t\t<\/dt><\/dl><br style=\"clear: both\"><dl class=\"gallery-item\">\n\t\t\t<dt class=\"gallery-icon landscape\">\n\t\t\t\t<a href=\"https:\/\/sv-oberperfuss.at\/rad\/files\/2013\/09\/Saisonabschluss_Gardasee_20130914_1419_154.jpg\"><img width=\"150\" height=\"150\" src=\"https:\/\/sv-oberperfuss.at\/rad\/files\/2013\/09\/Saisonabschluss_Gardasee_20130914_1419_154-150x150.jpg\" class=\"attachment-thumbnail size-thumbnail\" alt loading=\"lazy\"><\/a>\n\t\t\t<\/dt><\/dl><dl class=\"gallery-item\">\n\t\t\t<dt class=\"gallery-icon landscape\">\n\t\t\t\t<a href=\"https:\/\/sv-oberperfuss.at\/rad\/files\/2013\/09\/Saisonabschluss_Gardasee_20130914_1422_162.jpg\"><img width=\"150\" height=\"150\" src=\"https:\/\/sv-oberperfuss.at\/rad\/files\/2013\/09\/Saisonabschluss_Gardasee_20130914_1422_162-150x150.jpg\" class=\"attachment-thumbnail size-thumbnail\" alt loading=\"lazy\"><\/a>\n\t\t\t<\/dt><\/dl><dl class=\"gallery-item\">\n\t\t\t<dt class=\"gallery-icon landscape\">\n\t\t\t\t<a href=\"https:\/\/sv-oberperfuss.at\/rad\/files\/2013\/09\/Saisonabschluss_Gardasee_20130914_1436_163.jpg\"><img width=\"150\" height=\"150\" src=\"https:\/\/sv-oberperfuss.at\/rad\/files\/2013\/09\/Saisonabschluss_Gardasee_20130914_1436_163-150x150.jpg\" class=\"attachment-thumbnail size-thumbnail\" alt loading=\"lazy\"><\/a>\n\t\t\t<\/dt><\/dl><br style=\"clear: both\"><dl class=\"gallery-item\">\n\t\t\t<dt class=\"gallery-icon landscape\">\n\t\t\t\t<a href=\"https:\/\/sv-oberperfuss.at\/rad\/files\/2013\/09\/Saisonabschluss_Gardasee_20130914_1442_165.jpg\"><img width=\"150\" height=\"150\" src=\"https:\/\/sv-oberperfuss.at\/rad\/files\/2013\/09\/Saisonabschluss_Gardasee_20130914_1442_165-150x150.jpg\" class=\"attachment-thumbnail size-thumbnail\" alt loading=\"lazy\"><\/a>\n\t\t\t<\/dt><\/dl><dl class=\"gallery-item\">\n\t\t\t<dt class=\"gallery-icon landscape\">\n\t\t\t\t<a href=\"https:\/\/sv-oberperfuss.at\/rad\/files\/2013\/09\/Saisonabschluss_Gardasee_20130914_1448_175.jpg\"><img width=\"150\" height=\"150\" src=\"https:\/\/sv-oberperfuss.at\/rad\/files\/2013\/09\/Saisonabschluss_Gardasee_20130914_1448_175-150x150.jpg\" class=\"attachment-thumbnail size-thumbnail\" alt loading=\"lazy\"><\/a>\n\t\t\t<\/dt><\/dl><dl class=\"gallery-item\">\n\t\t\t<dt class=\"gallery-icon landscape\">\n\t\t\t\t<a href=\"https:\/\/sv-oberperfuss.at\/rad\/files\/2013\/09\/Saisonabschluss_Gardasee_20130914_1509_176.jpg\"><img width=\"150\" height=\"150\" src=\"https:\/\/sv-oberperfuss.at\/rad\/files\/2013\/09\/Saisonabschluss_Gardasee_20130914_1509_176-150x150.jpg\" class=\"attachment-thumbnail size-thumbnail\" alt loading=\"lazy\"><\/a>\n\t\t\t<\/dt><\/dl><br style=\"clear: both\"><dl class=\"gallery-item\">\n\t\t\t<dt class=\"gallery-icon landscape\">\n\t\t\t\t<a href=\"https:\/\/sv-oberperfuss.at\/rad\/files\/2013\/09\/Saisonabschluss_Gardasee_20130914_1517_178.jpg\"><img width=\"150\" height=\"150\" src=\"https:\/\/sv-oberperfuss.at\/rad\/files\/2013\/09\/Saisonabschluss_Gardasee_20130914_1517_178-150x150.jpg\" class=\"attachment-thumbnail size-thumbnail\" alt loading=\"lazy\"><\/a>\n\t\t\t<\/dt><\/dl><dl class=\"gallery-item\">\n\t\t\t<dt class=\"gallery-icon landscape\">\n\t\t\t\t<a href=\"https:\/\/sv-oberperfuss.at\/rad\/files\/2013\/09\/Saisonabschluss2.jpg\"><img width=\"150\" height=\"150\" src=\"https:\/\/sv-oberperfuss.at\/rad\/files\/2013\/09\/Saisonabschluss2-150x150.jpg\" class=\"attachment-thumbnail size-thumbnail\" alt loading=\"lazy\"><\/a>\n\t\t\t<\/dt><\/dl><dl class=\"gallery-item\">\n\t\t\t<dt class=\"gallery-icon landscape\">\n\t\t\t\t<a href=\"https:\/\/sv-oberperfuss.at\/rad\/files\/2013\/09\/Saisonabschluss_Gardasee_20130914_1613_181.jpg\"><img width=\"150\" height=\"150\" src=\"https:\/\/sv-oberperfuss.at\/rad\/files\/2013\/09\/Saisonabschluss_Gardasee_20130914_1613_181-150x150.jpg\" class=\"attachment-thumbnail size-thumbnail\" alt loading=\"lazy\"><\/a>\n\t\t\t<\/dt><\/dl><br style=\"clear: both\"><dl class=\"gallery-item\">\n\t\t\t<dt class=\"gallery-icon landscape\">\n\t\t\t\t<a href=\"https:\/\/sv-oberperfuss.at\/rad\/files\/2013\/09\/Saisonabschluss_Gardasee_20130914_1756_195.jpg\"><img width=\"150\" height=\"150\" src=\"https:\/\/sv-oberperfuss.at\/rad\/files\/2013\/09\/Saisonabschluss_Gardasee_20130914_1756_195-150x150.jpg\" class=\"attachment-thumbnail size-thumbnail\" alt loading=\"lazy\"><\/a>\n\t\t\t<\/dt><\/dl><dl class=\"gallery-item\">\n\t\t\t<dt class=\"gallery-icon landscape\">\n\t\t\t\t<a href=\"https:\/\/sv-oberperfuss.at\/rad\/files\/2013\/09\/Saisonabschluss_Gardasee_20130914_1827_201.jpg\"><img width=\"150\" height=\"150\" src=\"https:\/\/sv-oberperfuss.at\/rad\/files\/2013\/09\/Saisonabschluss_Gardasee_20130914_1827_201-150x150.jpg\" class=\"attachment-thumbnail size-thumbnail\" alt loading=\"lazy\"><\/a>\n\t\t\t<\/dt><\/dl><dl class=\"gallery-item\">\n\t\t\t<dt class=\"gallery-icon landscape\">\n\t\t\t\t<a href=\"https:\/\/sv-oberperfuss.at\/rad\/files\/2013\/09\/Saisonabschluss_Gardasee_20130914_1902_206.jpg\"><img width=\"150\" height=\"150\" src=\"https:\/\/sv-oberperfuss.at\/rad\/files\/2013\/09\/Saisonabschluss_Gardasee_20130914_1902_206-150x150.jpg\" class=\"attachment-thumbnail size-thumbnail\" alt loading=\"lazy\"><\/a>\n\t\t\t<\/dt><\/dl><br style=\"clear: both\"><dl class=\"gallery-item\">\n\t\t\t<dt class=\"gallery-icon landscape\">\n\t\t\t\t<a href=\"https:\/\/sv-oberperfuss.at\/rad\/files\/2013\/09\/Foto1.jpg\"><img width=\"150\" height=\"150\" src=\"https:\/\/sv-oberperfuss.at\/rad\/files\/2013\/09\/Foto1-150x150.jpg\" class=\"attachment-thumbnail size-thumbnail\" alt loading=\"lazy\"><\/a>\n\t\t\t<\/dt><\/dl><dl class=\"gallery-item\">\n\t\t\t<dt class=\"gallery-icon landscape\">\n\t\t\t\t<a href=\"https:\/\/sv-oberperfuss.at\/rad\/files\/2013\/09\/Google_20130916_1033_002.jpg\"><img width=\"150\" height=\"150\" src=\"https:\/\/sv-oberperfuss.at\/rad\/files\/2013\/09\/Google_20130916_1033_002-150x150.jpg\" class=\"attachment-thumbnail size-thumbnail\" alt loading=\"lazy\"><\/a>\n\t\t\t<\/dt><\/dl><dl class=\"gallery-item\">\n\t\t\t<dt class=\"gallery-icon landscape\">\n\t\t\t\t<a href=\"https:\/\/sv-oberperfuss.at\/rad\/files\/2013\/09\/Saisonabschluss_Gardasee_20130915_0930_216.jpg\"><img width=\"150\" height=\"150\" src=\"https:\/\/sv-oberperfuss.at\/rad\/files\/2013\/09\/Saisonabschluss_Gardasee_20130915_0930_216-150x150.jpg\" class=\"attachment-thumbnail size-thumbnail\" alt loading=\"lazy\"><\/a>\n\t\t\t<\/dt><\/dl><br style=\"clear: both\"><dl class=\"gallery-item\">\n\t\t\t<dt class=\"gallery-icon landscape\">\n\t\t\t\t<a href=\"https:\/\/sv-oberperfuss.at\/rad\/files\/2013\/09\/Saisonabschluss_Gardasee_20130915_0934_218.jpg\"><img width=\"150\" height=\"150\" src=\"https:\/\/sv-oberperfuss.at\/rad\/files\/2013\/09\/Saisonabschluss_Gardasee_20130915_0934_218-150x150.jpg\" class=\"attachment-thumbnail size-thumbnail\" alt loading=\"lazy\"><\/a>\n\t\t\t<\/dt><\/dl><dl class=\"gallery-item\">\n\t\t\t<dt class=\"gallery-icon landscape\">\n\t\t\t\t<a href=\"https:\/\/sv-oberperfuss.at\/rad\/files\/2013\/09\/Saisonabschluss_Gardasee_20130915_0955_222.jpg\"><img width=\"150\" height=\"150\" src=\"https:\/\/sv-oberperfuss.at\/rad\/files\/2013\/09\/Saisonabschluss_Gardasee_20130915_0955_222-150x150.jpg\" class=\"attachment-thumbnail size-thumbnail\" alt loading=\"lazy\"><\/a>\n\t\t\t<\/dt><\/dl><dl class=\"gallery-item\">\n\t\t\t<dt class=\"gallery-icon landscape\">\n\t\t\t\t<a href=\"https:\/\/sv-oberperfuss.at\/rad\/files\/2013\/09\/Saisonabschluss_Gardasee_20130915_0955_223.jpg\"><img width=\"150\" height=\"150\" src=\"https:\/\/sv-oberperfuss.at\/rad\/files\/2013\/09\/Saisonabschluss_Gardasee_20130915_0955_223-150x150.jpg\" class=\"attachment-thumbnail size-thumbnail\" alt loading=\"lazy\"><\/a>\n\t\t\t<\/dt><\/dl><br style=\"clear: both\"><dl class=\"gallery-item\">\n\t\t\t<dt class=\"gallery-icon landscape\">\n\t\t\t\t<a href=\"https:\/\/sv-oberperfuss.at\/rad\/files\/2013\/09\/Saisonabschluss_Gardasee_20130915_0959_224.jpg\"><img width=\"150\" height=\"150\" src=\"https:\/\/sv-oberperfuss.at\/rad\/files\/2013\/09\/Saisonabschluss_Gardasee_20130915_0959_224-150x150.jpg\" class=\"attachment-thumbnail size-thumbnail\" alt loading=\"lazy\"><\/a>\n\t\t\t<\/dt><\/dl><dl class=\"gallery-item\">\n\t\t\t<dt class=\"gallery-icon landscape\">\n\t\t\t\t<a href=\"https:\/\/sv-oberperfuss.at\/rad\/files\/2013\/09\/Saisonabschluss_Gardasee_20130915_1032_233.jpg\"><img width=\"150\" height=\"150\" src=\"https:\/\/sv-oberperfuss.at\/rad\/files\/2013\/09\/Saisonabschluss_Gardasee_20130915_1032_233-150x150.jpg\" class=\"attachment-thumbnail size-thumbnail\" alt loading=\"lazy\"><\/a>\n\t\t\t<\/dt><\/dl><dl class=\"gallery-item\">\n\t\t\t<dt class=\"gallery-icon landscape\">\n\t\t\t\t<a href=\"https:\/\/sv-oberperfuss.at\/rad\/files\/2013\/09\/Saisonabschluss_Gardasee_20130915_1126_236.jpg\"><img width=\"150\" height=\"150\" src=\"https:\/\/sv-oberperfuss.at\/rad\/files\/2013\/09\/Saisonabschluss_Gardasee_20130915_1126_236-150x150.jpg\" class=\"attachment-thumbnail size-thumbnail\" alt loading=\"lazy\"><\/a>\n\t\t\t<\/dt><\/dl><br style=\"clear: both\"><dl class=\"gallery-item\">\n\t\t\t<dt class=\"gallery-icon landscape\">\n\t\t\t\t<a href=\"https:\/\/sv-oberperfuss.at\/rad\/files\/2013\/09\/Saisonabschluss_Gardasee_20130915_1137_238.jpg\"><img width=\"150\" height=\"150\" src=\"https:\/\/sv-oberperfuss.at\/rad\/files\/2013\/09\/Saisonabschluss_Gardasee_20130915_1137_238-150x150.jpg\" class=\"attachment-thumbnail size-thumbnail\" alt loading=\"lazy\"><\/a>\n\t\t\t<\/dt><\/dl><dl class=\"gallery-item\">\n\t\t\t<dt class=\"gallery-icon landscape\">\n\t\t\t\t<a href=\"https:\/\/sv-oberperfuss.at\/rad\/files\/2013\/09\/Saisonabschluss_Gardasee_20130915_1150_242.jpg\"><img width=\"150\" height=\"150\" src=\"https:\/\/sv-oberperfuss.at\/rad\/files\/2013\/09\/Saisonabschluss_Gardasee_20130915_1150_242-150x150.jpg\" class=\"attachment-thumbnail size-thumbnail\" alt loading=\"lazy\"><\/a>\n\t\t\t<\/dt><\/dl><dl class=\"gallery-item\">\n\t\t\t<dt class=\"gallery-icon landscape\">\n\t\t\t\t<a href=\"https:\/\/sv-oberperfuss.at\/rad\/files\/2013\/09\/Saisonabschluss_Gardasee_20130915_1151_243.jpg\"><img width=\"150\" height=\"150\" src=\"https:\/\/sv-oberperfuss.at\/rad\/files\/2013\/09\/Saisonabschluss_Gardasee_20130915_1151_243-150x150.jpg\" class=\"attachment-thumbnail size-thumbnail\" alt loading=\"lazy\"><\/a>\n\t\t\t<\/dt><\/dl><br style=\"clear: both\"><dl class=\"gallery-item\">\n\t\t\t<dt class=\"gallery-icon landscape\">\n\t\t\t\t<a href=\"https:\/\/sv-oberperfuss.at\/rad\/files\/2013\/09\/Saisonabschluss_Gardasee_20130915_1151_244.jpg\"><img width=\"150\" height=\"150\" src=\"https:\/\/sv-oberperfuss.at\/rad\/files\/2013\/09\/Saisonabschluss_Gardasee_20130915_1151_244-150x150.jpg\" class=\"attachment-thumbnail size-thumbnail\" alt loading=\"lazy\"><\/a>\n\t\t\t<\/dt><\/dl><dl class=\"gallery-item\">\n\t\t\t<dt class=\"gallery-icon landscape\">\n\t\t\t\t<a href=\"https:\/\/sv-oberperfuss.at\/rad\/files\/2013\/09\/Saisonabschluss_Gardasee_20130915_1151_245.jpg\"><img width=\"150\" height=\"150\" src=\"https:\/\/sv-oberperfuss.at\/rad\/files\/2013\/09\/Saisonabschluss_Gardasee_20130915_1151_245-150x150.jpg\" class=\"attachment-thumbnail size-thumbnail\" alt loading=\"lazy\"><\/a>\n\t\t\t<\/dt><\/dl><dl class=\"gallery-item\">\n\t\t\t<dt class=\"gallery-icon landscape\">\n\t\t\t\t<a href=\"https:\/\/sv-oberperfuss.at\/rad\/files\/2013\/09\/Saisonabschluss_Gardasee_20130915_1151_246.jpg\"><img width=\"150\" height=\"150\" src=\"https:\/\/sv-oberperfuss.at\/rad\/files\/2013\/09\/Saisonabschluss_Gardasee_20130915_1151_246-150x150.jpg\" class=\"attachment-thumbnail size-thumbnail\" alt loading=\"lazy\"><\/a>\n\t\t\t<\/dt><\/dl><br style=\"clear: both\"><dl class=\"gallery-item\">\n\t\t\t<dt class=\"gallery-icon landscape\">\n\t\t\t\t<a href=\"https:\/\/sv-oberperfuss.at\/rad\/files\/2013\/09\/Saisonabschluss_Gardasee_20130915_1151_247.jpg\"><img width=\"150\" height=\"150\" src=\"https:\/\/sv-oberperfuss.at\/rad\/files\/2013\/09\/Saisonabschluss_Gardasee_20130915_1151_247-150x150.jpg\" class=\"attachment-thumbnail size-thumbnail\" alt loading=\"lazy\"><\/a>\n\t\t\t<\/dt><\/dl><dl class=\"gallery-item\">\n\t\t\t<dt class=\"gallery-icon landscape\">\n\t\t\t\t<a href=\"https:\/\/sv-oberperfuss.at\/rad\/files\/2013\/09\/Saisonabschluss_Gardasee_20130915_1152_248.jpg\"><img width=\"150\" height=\"150\" src=\"https:\/\/sv-oberperfuss.at\/rad\/files\/2013\/09\/Saisonabschluss_Gardasee_20130915_1152_248-150x150.jpg\" class=\"attachment-thumbnail size-thumbnail\" alt loading=\"lazy\"><\/a>\n\t\t\t<\/dt><\/dl><dl class=\"gallery-item\">\n\t\t\t<dt class=\"gallery-icon landscape\">\n\t\t\t\t<a href=\"https:\/\/sv-oberperfuss.at\/rad\/files\/2013\/09\/Saisonabschluss_Gardasee_20130915_1152_249.jpg\"><img width=\"150\" height=\"150\" src=\"https:\/\/sv-oberperfuss.at\/rad\/files\/2013\/09\/Saisonabschluss_Gardasee_20130915_1152_249-150x150.jpg\" class=\"attachment-thumbnail size-thumbnail\" alt loading=\"lazy\"><\/a>\n\t\t\t<\/dt><\/dl><br style=\"clear: both\"><dl class=\"gallery-item\">\n\t\t\t<dt class=\"gallery-icon portrait\">\n\t\t\t\t<a href=\"https:\/\/sv-oberperfuss.at\/rad\/files\/2013\/09\/Saisonabschluss_Gardasee_20130915_1202_250.jpg\"><img width=\"150\" height=\"150\" src=\"https:\/\/sv-oberperfuss.at\/rad\/files\/2013\/09\/Saisonabschluss_Gardasee_20130915_1202_250-150x150.jpg\" class=\"attachment-thumbnail size-thumbnail\" alt loading=\"lazy\"><\/a>\n\t\t\t<\/dt><\/dl><dl class=\"gallery-item\">\n\t\t\t<dt class=\"gallery-icon landscape\">\n\t\t\t\t<a href=\"https:\/\/sv-oberperfuss.at\/rad\/files\/2013\/09\/Saisonabschluss_Gardasee_20130915_1237_251.jpg\"><img width=\"150\" height=\"150\" src=\"https:\/\/sv-oberperfuss.at\/rad\/files\/2013\/09\/Saisonabschluss_Gardasee_20130915_1237_251-150x150.jpg\" class=\"attachment-thumbnail size-thumbnail\" alt loading=\"lazy\"><\/a>\n\t\t\t<\/dt><\/dl><dl class=\"gallery-item\">\n\t\t\t<dt class=\"gallery-icon landscape\">\n\t\t\t\t<a href=\"https:\/\/sv-oberperfuss.at\/rad\/files\/2013\/09\/Saisonabschluss_Gardasee_20130915_1242_258.jpg\"><img width=\"150\" height=\"150\" src=\"https:\/\/sv-oberperfuss.at\/rad\/files\/2013\/09\/Saisonabschluss_Gardasee_20130915_1242_258-150x150.jpg\" class=\"attachment-thumbnail size-thumbnail\" alt loading=\"lazy\"><\/a>\n\t\t\t<\/dt><\/dl><br style=\"clear: both\"><dl class=\"gallery-item\">\n\t\t\t<dt class=\"gallery-icon landscape\">\n\t\t\t\t<a href=\"https:\/\/sv-oberperfuss.at\/rad\/files\/2013\/09\/Saisonabschluss_Gardasee_20130915_1243_259.jpg\"><img width=\"150\" height=\"150\" src=\"https:\/\/sv-oberperfuss.at\/rad\/files\/2013\/09\/Saisonabschluss_Gardasee_20130915_1243_259-150x150.jpg\" class=\"attachment-thumbnail size-thumbnail\" alt loading=\"lazy\"><\/a>\n\t\t\t<\/dt><\/dl><dl class=\"gallery-item\">\n\t\t\t<dt class=\"gallery-icon landscape\">\n\t\t\t\t<a href=\"https:\/\/sv-oberperfuss.at\/rad\/files\/2013\/09\/Saisonabschluss_Gardasee_20130915_1243_260.jpg\"><img width=\"150\" height=\"150\" src=\"https:\/\/sv-oberperfuss.at\/rad\/files\/2013\/09\/Saisonabschluss_Gardasee_20130915_1243_260-150x150.jpg\" class=\"attachment-thumbnail size-thumbnail\" alt loading=\"lazy\"><\/a>\n\t\t\t<\/dt><\/dl><dl class=\"gallery-item\">\n\t\t\t<dt class=\"gallery-icon portrait\">\n\t\t\t\t<a href=\"https:\/\/sv-oberperfuss.at\/rad\/files\/2013\/09\/Saisonabschluss_Gardasee_20130915_1244_261.jpg\"><img width=\"150\" height=\"150\" src=\"https:\/\/sv-oberperfuss.at\/rad\/files\/2013\/09\/Saisonabschluss_Gardasee_20130915_1244_261-150x150.jpg\" class=\"attachment-thumbnail size-thumbnail\" alt loading=\"lazy\"><\/a>\n\t\t\t<\/dt><\/dl><br style=\"clear: both\"><dl class=\"gallery-item\">\n\t\t\t<dt class=\"gallery-icon landscape\">\n\t\t\t\t<a href=\"https:\/\/sv-oberperfuss.at\/rad\/files\/2013\/09\/Saisonabschluss_Gardasee_20130915_1316_264.jpg\"><img width=\"150\" height=\"150\" src=\"https:\/\/sv-oberperfuss.at\/rad\/files\/2013\/09\/Saisonabschluss_Gardasee_20130915_1316_264-150x150.jpg\" class=\"attachment-thumbnail size-thumbnail\" alt loading=\"lazy\"><\/a>\n\t\t\t<\/dt><\/dl><dl class=\"gallery-item\">\n\t\t\t<dt class=\"gallery-icon landscape\">\n\t\t\t\t<a href=\"https:\/\/sv-oberperfuss.at\/rad\/files\/2013\/09\/Saisonabschluss_Gardasee_20130914_1902_210-Kopie.jpg\"><img width=\"150\" height=\"150\" src=\"https:\/\/sv-oberperfuss.at\/rad\/files\/2013\/09\/Saisonabschluss_Gardasee_20130914_1902_210-Kopie-150x150.jpg\" class=\"attachment-thumbnail size-thumbnail\" alt loading=\"lazy\"><\/a>\n\t\t\t<\/dt><\/dl>\n\t\t\t<br style=\"clear: both\">\n\t\t<\/div>\n\n<p>&nbsp;<\/p>\n","protected":false},"excerpt":{"rendered":"<p>Viel Vorbereitungszeit hat unser Abschlussplaner, Schmidinger Bernd, f\u00fcr die 2 Tage im L\u00e4ndle bzw. Schweiz investiert. Zu Beginn der Woche war auch noch die Wettervorhersage f\u00fcr\u00b4s Wochenende mehr als perfekt. Doch dann kam alles anders als geplant. Tag f\u00fcr Tag verschlechterte sich der Wetterbericht, am Freitag fiel dann kurzfristig die Entscheidung den Saisonabschluss in s\u00fcdlicheres&nbsp;[\u2026]<\/p>\n","protected":false},"author":30,"featured_media":0,"comment_status":"open","ping_status":"closed","sticky":false,"template":"","format":"standard","meta":{"wp_typography_post_enhancements_disabled":false},"categories":[1],"tags":[],"_links":{"self":[{"href":"https:\/\/sv-oberperfuss.at\/rad\/wp-json\/wp\/v2\/posts\/5101"}],"collection":[{"href":"https:\/\/sv-oberperfuss.at\/rad\/wp-json\/wp\/v2\/posts"}],"about":[{"href":"https:\/\/sv-oberperfuss.at\/rad\/wp-json\/wp\/v2\/types\/post"}],"author":[{"embeddable":true,"href":"https:\/\/sv-oberperfuss.at\/rad\/wp-json\/wp\/v2\/users\/30"}],"replies":[{"embeddable":true,"href":"https:\/\/sv-oberperfuss.at\/rad\/wp-json\/wp\/v2\/comments?post=5101"}],"version-history":[{"count":23,"href":"https:\/\/sv-oberperfuss.at\/rad\/wp-json\/wp\/v2\/posts\/5101\/revisions"}],"predecessor-version":[{"id":5110,"href":"https:\/\/sv-oberperfuss.at\/rad\/wp-json\/wp\/v2\/posts\/5101\/revisions\/5110"}],"wp:attachment":[{"href":"https:\/\/sv-oberperfuss.at\/rad\/wp-json\/wp\/v2\/media?parent=5101"}],"wp:term":[{"taxonomy":"category","embeddable":true,"href":"https:\/\/sv-oberperfuss.at\/rad\/wp-json\/wp\/v2\/categories?post=5101"},{"taxonomy":"post_tag","embeddable":true,"href":"https:\/\/sv-oberperfuss.at\/rad\/wp-json\/wp\/v2\/tags?post=5101"}],"curies":[{"name":"wp","href":"https:\/\/api.w.org\/{rel}","templated":true}]}}