{"id":4799,"date":"2013-08-26T20:33:17","date_gmt":"2013-08-26T18:33:17","guid":{"rendered":"https:\/\/sv-oberperfuss.at\/rad\/?p=4799"},"modified":"2013-08-27T08:10:34","modified_gmt":"2013-08-27T06:10:34","slug":"otztaler-radmarathon-2013-gerhard-hufnagl-trotzt-allen-wetterkapriolen-und-erreicht-spitzenplatz-in-seiner-klasse","status":"publish","type":"post","link":"https:\/\/sv-oberperfuss.at\/rad\/otztaler-radmarathon-2013-gerhard-hufnagl-trotzt-allen-wetterkapriolen-und-erreicht-spitzenplatz-in-seiner-klasse\/","title":{"rendered":"\u00d6tztaler Radmarathon 2013: Gerhard Hufnagl trotzt allen Wetterkapriolen und erreicht Spitzenplatz in seiner Klasse"},"content":{"rendered":"<p>Der Mythos \u201e\u00d6tztaler Radmarathon\u201c ging am Sonntag, 25.08.2013 bei sehr schweren Bedingungen \u00fcber die B\u00fchne. Mit dabei auch die zwei Rennasse des RCO \u2013 Hufnagl Gerhard und Praxmarer Helli.<\/p>\n<p>Die ganze Woche perfektes Wetter, dann eine Wettervorhersage f\u00fcr den Sonntag mit ganz schlechten Aussichten. Leider sind die Vorhersagen zu 100% auch eingetroffen; Dauerregen in der Nacht zum Sonntag, wechselnde Bedingungen mit tiefen Temperaturen am Jaufenpass und Schneefall am Timmelsjoch.<\/p>\n<p>Dann der fr\u00fche Rennmorgen in S\u00f6lden \u2013schon zum Startschuss sind die \u00fcber 3300 Teilnehmer mehr oder weniger nass bis auf die Haut. Jedem von ihnen muss man h\u00f6chsten Respekt zollen die trotz diesen Umst\u00e4nden und den anstehenden 238km und 5500Hm an den Start gingen.<\/p>\n<p><strong>Helli Praxmarer<\/strong> hat auf dem Weg \u00fcbers K\u00fchtai nach Kematen seine Entscheidung dann gef\u00e4llt \u2014 wahrscheinlich keine leichte aber wer wei\u00df f\u00fcr was diese schlu\u00dfendlich gut war. Nach dem Motto <i>\u201eEntt\u00e4uschung und Verzicht heute ist Freude und Gewinn von morgen\u201c<\/i> stieg Helli aus und verabschiedete sich vom \u00d6tzi&nbsp;2013.<\/p>\n<p><strong>Gerhard Hufnagl<\/strong> zog sein Ding aber durch. Mit knappen R\u00fcckst\u00e4nden bis zum Brennerpass hielt er sich hervorragend in den vorderen Gruppen. Eine kurze Pause am Jaufen (versorgt mit Tee und Energie von unserer Betreuergruppe um Obmann Othmar Gritsch) und weiter ging\u00b4s Richtung Timmelsjoch, dem letzten schweren Anstieg vor der finalen Ziellinie in S\u00f6lden.<\/p>\n<p>Gerhard \u201eduellierte\u201c sich am Ende noch mit dem starken Tiroler Exprofi Helmut Wechselberger, schnupfte diesen noch vor der Ziellinie und erreichte mit<strong> 8:23:41<\/strong> zwar nicht seine beste \u00d6tzi Zeit aber seine beste Platzierung &nbsp;bisher \u2013 <strong>Rang 75<\/strong> in der Gesamtwertung und<strong> Rang 30 (!!) in der Klasse M1<\/strong>!&nbsp;&nbsp;Wenn man sich das Klassenranking genau anschaut ist Gerhard der <span style=\"text-decoration: underline\">4. beste \u00d6sterreicher in der Klasse M1.<\/span> In der Gesamtwertung befinden sich lediglich 14 \u00f6sterreichische Rennfahrer vor ihm-die restlichen&nbsp;Pl\u00e4tze wurden von anderen Nationen belegt.<\/p>\n<p>Bravo Gerhard, b\u00e4renstarke Leistung bei diesen absolut widrigen Verh\u00e4ltnissen. Gratulation und Respekt seitens des&nbsp;RCO!<\/p>\n<p>Die widrigen Verh\u00e4ltnisse spiegelt folgende Statistik wider:<\/p>\n<ul>\n<li>4700 vergebene Startpl\u00e4tze<\/li>\n<li>3352 standen tats\u00e4chlich am&nbsp;Start<\/li>\n<li>2375 sahen die Ziellinie<\/li>\n<\/ul>\n<p>&nbsp;<\/p>\n<p>Der Sieg ging an einen Ex-Profi aus Italien, bester \u00d6sterreicher wurde der Tiroler N\u00f6sig Emanuel aus L\u00e4ngenfeld.<\/p>\n<p><b>1. Cunico Roberto (ITA) 7:13.06,3<\/b><br>\n<b>2. Ludewig J\u00f6rg (GER) 7:13.18,3<\/b><br>\n<b>3. Zen Enrico (ITA) 7:15.49,9<\/b><br>\n4. Bury Bart (BEL) 7:16.13,5<br>\n5. N\u00f6sig Emanuel (AUT) 7:18.52,3<\/p>\n<p>&nbsp;<\/p>\n<p>Ein weiterer Oberperfer war am Sonntag mit dabei und gab sich diesen Klassiker \u2013 <strong>Werner Wegscheider.<\/strong><\/p>\n<p>Werner konnte gleich sein erstes Antreten bei einem \u00d6tztaler positiv meistern. Mit einer Zeit von <strong>12:43:02<\/strong> erreichte er S\u00f6lden und darf sich stolz als Finisher eines \u00d6tzis bezeichnen.<\/p>\n<p>Auch dem Werner herzliche Gratulation seitens des Radclub\u00b4s.<\/p>\n<p>Ergebnislisten: <a href=\"http:\/\/services.datasport.com\/2013\/velo\/oetztaler\/\" target=\"_blank\">http:\/\/services.datasport.com\/2013\/velo\/oetztaler\/<\/a><\/p>\n<p>Ein paar Bilder vom Jaufenpass:<\/p>\n\n\t\t<style type=\"text\/css\">\n\t\t\t#gallery-1 {\n\t\t\t\tmargin: auto;\n\t\t\t}\n\t\t\t#gallery-1 .gallery-item {\n\t\t\t\tfloat: left;\n\t\t\t\tmargin-top: 10px;\n\t\t\t\ttext-align: center;\n\t\t\t\twidth: 33%;\n\t\t\t}\n\t\t\t#gallery-1 img {\n\t\t\t\tborder: 2px solid #cfcfcf;\n\t\t\t}\n\t\t\t#gallery-1 .gallery-caption {\n\t\t\t\tmargin-left: 0;\n\t\t\t}\n\t\t\t\/* see gallery_shortcode() in wp-includes\/media.php *\/\n\t\t<\/style>\n\t\t<div id=\"gallery-1\" class=\"gallery galleryid-4799 gallery-columns-3 gallery-size-thumbnail\"><dl class=\"gallery-item\">\n\t\t\t<dt class=\"gallery-icon landscape\">\n\t\t\t\t<a href=\"https:\/\/sv-oberperfuss.at\/rad\/files\/2013\/08\/DSC03706.jpg\"><img width=\"150\" height=\"150\" src=\"https:\/\/sv-oberperfuss.at\/rad\/files\/2013\/08\/DSC03706-150x150.jpg\" class=\"attachment-thumbnail size-thumbnail\" alt loading=\"lazy\"><\/a>\n\t\t\t<\/dt><\/dl><dl class=\"gallery-item\">\n\t\t\t<dt class=\"gallery-icon landscape\">\n\t\t\t\t<a href=\"https:\/\/sv-oberperfuss.at\/rad\/files\/2013\/08\/DSC03705.jpg\"><img width=\"150\" height=\"150\" src=\"https:\/\/sv-oberperfuss.at\/rad\/files\/2013\/08\/DSC03705-150x150.jpg\" class=\"attachment-thumbnail size-thumbnail\" alt loading=\"lazy\"><\/a>\n\t\t\t<\/dt><\/dl><dl class=\"gallery-item\">\n\t\t\t<dt class=\"gallery-icon landscape\">\n\t\t\t\t<a href=\"https:\/\/sv-oberperfuss.at\/rad\/files\/2013\/08\/DSC03704.jpg\"><img width=\"150\" height=\"150\" src=\"https:\/\/sv-oberperfuss.at\/rad\/files\/2013\/08\/DSC03704-150x150.jpg\" class=\"attachment-thumbnail size-thumbnail\" alt loading=\"lazy\"><\/a>\n\t\t\t<\/dt><\/dl><br style=\"clear: both\"><dl class=\"gallery-item\">\n\t\t\t<dt class=\"gallery-icon landscape\">\n\t\t\t\t<a href=\"https:\/\/sv-oberperfuss.at\/rad\/files\/2013\/08\/DSC03703.jpg\"><img width=\"150\" height=\"150\" src=\"https:\/\/sv-oberperfuss.at\/rad\/files\/2013\/08\/DSC03703-150x150.jpg\" class=\"attachment-thumbnail size-thumbnail\" alt loading=\"lazy\"><\/a>\n\t\t\t<\/dt><\/dl><dl class=\"gallery-item\">\n\t\t\t<dt class=\"gallery-icon landscape\">\n\t\t\t\t<a href=\"https:\/\/sv-oberperfuss.at\/rad\/files\/2013\/08\/DSC03702.jpg\"><img width=\"150\" height=\"150\" src=\"https:\/\/sv-oberperfuss.at\/rad\/files\/2013\/08\/DSC03702-150x150.jpg\" class=\"attachment-thumbnail size-thumbnail\" alt loading=\"lazy\"><\/a>\n\t\t\t<\/dt><\/dl><dl class=\"gallery-item\">\n\t\t\t<dt class=\"gallery-icon landscape\">\n\t\t\t\t<a href=\"https:\/\/sv-oberperfuss.at\/rad\/files\/2013\/08\/DSC03700.jpg\"><img width=\"150\" height=\"150\" src=\"https:\/\/sv-oberperfuss.at\/rad\/files\/2013\/08\/DSC03700-150x150.jpg\" class=\"attachment-thumbnail size-thumbnail\" alt loading=\"lazy\"><\/a>\n\t\t\t<\/dt><\/dl><br style=\"clear: both\"><dl class=\"gallery-item\">\n\t\t\t<dt class=\"gallery-icon landscape\">\n\t\t\t\t<a href=\"https:\/\/sv-oberperfuss.at\/rad\/files\/2013\/08\/DSC03699.jpg\"><img width=\"150\" height=\"150\" src=\"https:\/\/sv-oberperfuss.at\/rad\/files\/2013\/08\/DSC03699-150x150.jpg\" class=\"attachment-thumbnail size-thumbnail\" alt loading=\"lazy\"><\/a>\n\t\t\t<\/dt><\/dl><dl class=\"gallery-item\">\n\t\t\t<dt class=\"gallery-icon landscape\">\n\t\t\t\t<a href=\"https:\/\/sv-oberperfuss.at\/rad\/files\/2013\/08\/DSC03698.jpg\"><img width=\"150\" height=\"150\" src=\"https:\/\/sv-oberperfuss.at\/rad\/files\/2013\/08\/DSC03698-150x150.jpg\" class=\"attachment-thumbnail size-thumbnail\" alt loading=\"lazy\"><\/a>\n\t\t\t<\/dt><\/dl><dl class=\"gallery-item\">\n\t\t\t<dt class=\"gallery-icon landscape\">\n\t\t\t\t<a href=\"https:\/\/sv-oberperfuss.at\/rad\/files\/2013\/08\/DSC03697.jpg\"><img width=\"150\" height=\"150\" src=\"https:\/\/sv-oberperfuss.at\/rad\/files\/2013\/08\/DSC03697-150x150.jpg\" class=\"attachment-thumbnail size-thumbnail\" alt loading=\"lazy\"><\/a>\n\t\t\t<\/dt><\/dl><br style=\"clear: both\"><dl class=\"gallery-item\">\n\t\t\t<dt class=\"gallery-icon landscape\">\n\t\t\t\t<a href=\"https:\/\/sv-oberperfuss.at\/rad\/files\/2013\/08\/DSC03687.jpg\"><img width=\"150\" height=\"150\" src=\"https:\/\/sv-oberperfuss.at\/rad\/files\/2013\/08\/DSC03687-150x150.jpg\" class=\"attachment-thumbnail size-thumbnail\" alt loading=\"lazy\"><\/a>\n\t\t\t<\/dt><\/dl><dl class=\"gallery-item\">\n\t\t\t<dt class=\"gallery-icon landscape\">\n\t\t\t\t<a href=\"https:\/\/sv-oberperfuss.at\/rad\/files\/2013\/08\/DSC03688.jpg\"><img width=\"150\" height=\"150\" src=\"https:\/\/sv-oberperfuss.at\/rad\/files\/2013\/08\/DSC03688-150x150.jpg\" class=\"attachment-thumbnail size-thumbnail\" alt loading=\"lazy\" aria-describedby=\"gallery-1-4804\"><\/a>\n\t\t\t<\/dt>\n\t\t\t\t<dd class=\"wp-caption-text gallery-caption\" id=\"gallery-1-4804\">\n\t\t\t\tendlich oaner mit an g\u00b4scheidn Radl&nbsp;<\/dd><\/dl><dl class=\"gallery-item\">\n\t\t\t<dt class=\"gallery-icon landscape\">\n\t\t\t\t<a href=\"https:\/\/sv-oberperfuss.at\/rad\/files\/2013\/08\/DSC03689.jpg\"><img width=\"150\" height=\"150\" src=\"https:\/\/sv-oberperfuss.at\/rad\/files\/2013\/08\/DSC03689-150x150.jpg\" class=\"attachment-thumbnail size-thumbnail\" alt loading=\"lazy\"><\/a>\n\t\t\t<\/dt><\/dl><br style=\"clear: both\"><dl class=\"gallery-item\">\n\t\t\t<dt class=\"gallery-icon landscape\">\n\t\t\t\t<a href=\"https:\/\/sv-oberperfuss.at\/rad\/files\/2013\/08\/DSC03690.jpg\"><img width=\"150\" height=\"150\" src=\"https:\/\/sv-oberperfuss.at\/rad\/files\/2013\/08\/DSC03690-150x150.jpg\" class=\"attachment-thumbnail size-thumbnail\" alt loading=\"lazy\"><\/a>\n\t\t\t<\/dt><\/dl><dl class=\"gallery-item\">\n\t\t\t<dt class=\"gallery-icon landscape\">\n\t\t\t\t<a href=\"https:\/\/sv-oberperfuss.at\/rad\/files\/2013\/08\/DSC03691.jpg\"><img width=\"150\" height=\"150\" src=\"https:\/\/sv-oberperfuss.at\/rad\/files\/2013\/08\/DSC03691-150x150.jpg\" class=\"attachment-thumbnail size-thumbnail\" alt loading=\"lazy\"><\/a>\n\t\t\t<\/dt><\/dl><dl class=\"gallery-item\">\n\t\t\t<dt class=\"gallery-icon landscape\">\n\t\t\t\t<a href=\"https:\/\/sv-oberperfuss.at\/rad\/files\/2013\/08\/DSC03692.jpg\"><img width=\"150\" height=\"150\" src=\"https:\/\/sv-oberperfuss.at\/rad\/files\/2013\/08\/DSC03692-150x150.jpg\" class=\"attachment-thumbnail size-thumbnail\" alt loading=\"lazy\"><\/a>\n\t\t\t<\/dt><\/dl><br style=\"clear: both\"><dl class=\"gallery-item\">\n\t\t\t<dt class=\"gallery-icon landscape\">\n\t\t\t\t<a href=\"https:\/\/sv-oberperfuss.at\/rad\/files\/2013\/08\/DSC03693.jpg\"><img width=\"150\" height=\"150\" src=\"https:\/\/sv-oberperfuss.at\/rad\/files\/2013\/08\/DSC03693-150x150.jpg\" class=\"attachment-thumbnail size-thumbnail\" alt loading=\"lazy\"><\/a>\n\t\t\t<\/dt><\/dl><dl class=\"gallery-item\">\n\t\t\t<dt class=\"gallery-icon landscape\">\n\t\t\t\t<a href=\"https:\/\/sv-oberperfuss.at\/rad\/files\/2013\/08\/DSC03695.jpg\"><img width=\"150\" height=\"150\" src=\"https:\/\/sv-oberperfuss.at\/rad\/files\/2013\/08\/DSC03695-150x150.jpg\" class=\"attachment-thumbnail size-thumbnail\" alt loading=\"lazy\"><\/a>\n\t\t\t<\/dt><\/dl><dl class=\"gallery-item\">\n\t\t\t<dt class=\"gallery-icon landscape\">\n\t\t\t\t<a href=\"https:\/\/sv-oberperfuss.at\/rad\/files\/2013\/08\/DSC03696.jpg\"><img width=\"150\" height=\"150\" src=\"https:\/\/sv-oberperfuss.at\/rad\/files\/2013\/08\/DSC03696-150x150.jpg\" class=\"attachment-thumbnail size-thumbnail\" alt loading=\"lazy\"><\/a>\n\t\t\t<\/dt><\/dl><br style=\"clear: both\">\n\t\t<\/div>\n\n<p>&nbsp;<\/p>\n<p>&nbsp;<\/p>\n","protected":false},"excerpt":{"rendered":"<p>Der Mythos \u201e\u00d6tztaler Radmarathon\u201c ging am Sonntag, 25.08.2013 bei sehr schweren Bedingungen \u00fcber die B\u00fchne. Mit dabei auch die zwei Rennasse des RCO \u2013 Hufnagl Gerhard und Praxmarer Helli. Die ganze Woche perfektes Wetter, dann eine Wettervorhersage f\u00fcr den Sonntag mit ganz schlechten Aussichten. Leider sind die Vorhersagen zu 100% auch eingetroffen; Dauerregen in&nbsp;der&nbsp;[\u2026]<\/p>\n","protected":false},"author":30,"featured_media":0,"comment_status":"open","ping_status":"closed","sticky":false,"template":"","format":"standard","meta":{"wp_typography_post_enhancements_disabled":false},"categories":[1],"tags":[],"_links":{"self":[{"href":"https:\/\/sv-oberperfuss.at\/rad\/wp-json\/wp\/v2\/posts\/4799"}],"collection":[{"href":"https:\/\/sv-oberperfuss.at\/rad\/wp-json\/wp\/v2\/posts"}],"about":[{"href":"https:\/\/sv-oberperfuss.at\/rad\/wp-json\/wp\/v2\/types\/post"}],"author":[{"embeddable":true,"href":"https:\/\/sv-oberperfuss.at\/rad\/wp-json\/wp\/v2\/users\/30"}],"replies":[{"embeddable":true,"href":"https:\/\/sv-oberperfuss.at\/rad\/wp-json\/wp\/v2\/comments?post=4799"}],"version-history":[{"count":21,"href":"https:\/\/sv-oberperfuss.at\/rad\/wp-json\/wp\/v2\/posts\/4799\/revisions"}],"predecessor-version":[{"id":4826,"href":"https:\/\/sv-oberperfuss.at\/rad\/wp-json\/wp\/v2\/posts\/4799\/revisions\/4826"}],"wp:attachment":[{"href":"https:\/\/sv-oberperfuss.at\/rad\/wp-json\/wp\/v2\/media?parent=4799"}],"wp:term":[{"taxonomy":"category","embeddable":true,"href":"https:\/\/sv-oberperfuss.at\/rad\/wp-json\/wp\/v2\/categories?post=4799"},{"taxonomy":"post_tag","embeddable":true,"href":"https:\/\/sv-oberperfuss.at\/rad\/wp-json\/wp\/v2\/tags?post=4799"}],"curies":[{"name":"wp","href":"https:\/\/api.w.org\/{rel}","templated":true}]}}